{"id":6123,"date":"2024-06-06T11:43:14","date_gmt":"2024-06-06T11:43:14","guid":{"rendered":"https:\/\/revistacienciaecultura.org.br\/?p=6123"},"modified":"2024-06-06T18:58:50","modified_gmt":"2024-06-06T18:58:50","slug":"ciencia-cultura-completa-75-anos-com-o-desafio-de-integrar-arte-e-conhecimento-nas-mudancas-da-sociedade","status":"publish","type":"post","link":"https:\/\/revistacienciaecultura.org.br\/?p=6123","title":{"rendered":"Ci\u00eancia &#038; Cultura completa 75 anos com o desafio de integrar arte e conhecimento nas mudan\u00e7as da sociedade"},"content":{"rendered":"<h4 id=\"live-de-comemoracao-da-revista-contou-com-a-participacao-de-personalidades-academicas-que-contaram-a-historia-da-politica-arte-e-conhecimento-cientifico-registrados-nas-paginas-da-publicacao-cientifi\"><span style=\"color: #808080;\">Live de comemora\u00e7\u00e3o da revista contou com a participa\u00e7\u00e3o de personalidades acad\u00eamicas que contaram a hist\u00f3ria da pol\u00edtica, arte e conhecimento cient\u00edfico registrados nas p\u00e1ginas da publica\u00e7\u00e3o cient\u00edfica mais antiga do Pa\u00eds<\/span><\/h4>\n<p>&nbsp;<\/p>\n<p>O que muda numa sociedade em sete d\u00e9cadas? Qual a hist\u00f3ria de um Pa\u00eds que se conta em 75 anos? Criada em 1949, a revista <a href=\"https:\/\/revistacienciaecultura.org.br\/\"><span style=\"color: #800000;\"><strong>Ci\u00eancia &amp; Cultura<\/strong><\/span><\/a> nasceu poucos meses depois do pr\u00f3prio surgimento da <span style=\"color: #800000;\"><strong><a style=\"color: #800000;\" href=\"http:\/\/www.sbpcnet.org.br\/\">Sociedade Brasileira para o Progresso da Ci\u00eancia (SBPC)<\/a><\/strong><\/span>.<\/p>\n<p>Em suas primeiras edi\u00e7\u00f5es, documentou as lutas para que o Brasil tivesse uma estrutura cient\u00edfica nacional. Na maioridade dos 18 anos, bravejou contra o autoritarismo pol\u00edtico e a favor de elei\u00e7\u00f5es diretas, e a partir dos anos 1980, apontou para que o Pa\u00eds olhasse a Amaz\u00f4nia como cora\u00e7\u00e3o e pulm\u00e3o do planeta Terra. Em sete d\u00e9cadas, a <span style=\"color: #800000;\"><strong><a style=\"color: #800000;\" href=\"https:\/\/revistacienciaecultura.org.br\/\">Ci\u00eancia &amp; Cultura<\/a> <\/strong><\/span>foi manifesto, foi papel e agora \u00e9 em tela. Entre um passado que ajudou a construir e um Brasil que ainda deseja almejar, quais ser\u00e3o suas manchetes?<\/p>\n<p>Comemorando os 75 anos, a revista realizou, no dia 4 de junho (segunda-feira), uma <a href=\"https:\/\/www.youtube.com\/watch?v=aJaJLoYoPag\"><span style=\"color: #800000;\"><strong>live<\/strong><\/span><\/a> com personalidades que marcaram suas p\u00e1ginas. Abrindo as falas, o presidente da SBPC e professor da Faculdade de Filosofia, Letras e Ci\u00eancias Humanas da Universidade de S\u00e3o Paulo (USP), Renato Janine Ribeiro, destacou o objetivo da publica\u00e7\u00e3o: \u201cA revista Ci\u00eancia &amp; Cultura faz parte de um conjunto de publica\u00e7\u00f5es brasileiras que t\u00eam a miss\u00e3o de fazer com que a sociedade tenha, cada vez mais, contato com a arte e o conhecimento rigoroso.\u201d<\/p>\n<p>Para o ex-reitor da Universidade Estadual de Campinas (Unicamp) e diretor-presidente da Funda\u00e7\u00e3o Conrado Wessel, Carlos Vogt, a Ci\u00eancia &amp; Cultura \u00e9 como um leito de rio, que flui e des\u00e1gua conhecimentos por mais de sete d\u00e9cadas, e que, em suas margens, transborda artes e viv\u00eancias. \u201c\u00c9 uma revista cuja raz\u00e3o de ser \u00e9 mostrar a ci\u00eancia contextualizada dentro do processo cultural.\u201d Vogt foi editor-chefe da Ci\u00eancia &amp; Cultura por dois per\u00edodos (2002-2010 e 2018-2021).<\/p>\n<p>Comemorando as sete d\u00e9cadas e meia da revista que publicou seu primeiro artigo cient\u00edfico, o professor da Universidade Federal do Rio Grande do Sul (UFRGS) e vice-presidente da Regi\u00e3o Sul da Academia Brasileira de Ci\u00eancias (ABC), Ruben George Oliven, complementou o discurso de Janine Ribeiro sobre o per\u00edodo de surgimento da revista e a evolu\u00e7\u00e3o da ci\u00eancia e suas contribui\u00e7\u00f5es para todos nesse interim.<\/p>\n<p>\u201cQuando a Ci\u00eancia &amp; Cultura foi criada, a expectativa de vida no Brasil era de, aproximadamente, 47 anos de idade. Atualmente, a expectativa gira em torno de 77 anos. Ent\u00e3o, esse anivers\u00e1rio \u00e9 algo que deve ser considerado algo not\u00e1vel, porque o Brasil, nesses 70 e tantos anos, se modificou de uma maneira muito forte, muito impressionante, e a revista seguiu isso fazendo uma coisa fundamental: trazendo a ci\u00eancia para um p\u00fablico mais amplo e, trazendo junto, essa discuss\u00e3o da cultura, n\u00e3o dissociando essas duas coisas. \u00c9 importante ter essas duas dimens\u00f5es integradas: a dimens\u00e3o da Ci\u00eancia, que trabalha com laborat\u00f3rios e evid\u00eancias, e a dimens\u00e3o da cultura, que trabalha com a criatividade, o debate e as pol\u00eamicas\u201d, comentou.<\/p>\n<p>Jos\u00e9 Galizia Tundisi, professor do Instituto de Estudos Avan\u00e7ados da USP e presidente da Associa\u00e7\u00e3o Instituto Internacional de Ecologia e Gerenciamento Ambiental (IIEGA), ressaltou que a revista \u00e9 uma s\u00edntese de ci\u00eancia, tecnologia e arte. O especialista tamb\u00e9m ponderou que a Ci\u00eancia &amp; Cultura tem um grande desafio de auxiliar a consolida\u00e7\u00e3o pol\u00edtica da ci\u00eancia. \u201cAo longo desses \u00faltimos 70 anos, o Pa\u00eds n\u00e3o s\u00f3 se desenvolveu, mas conseguiu institucionalizar um projeto de ci\u00eancia. O que precisamos agora \u00e9 dar mais um passo para que a ci\u00eancia seja uma ci\u00eancia de Estado e n\u00e3o de governos e, evidentemente, para que possamos ter condi\u00e7\u00f5es de ampliar o espectro da ci\u00eancia na sociedade.\u201d<\/p>\n<p>&nbsp;<\/p>\n<h4 id=\"narrando-e-mudando-a-historia\"><strong>Narrando e mudando a hist\u00f3ria<\/strong><\/h4>\n<p>Professora do Instituto de Qu\u00edmica da Universidade Estadual Paulista (Unesp), Vanderlan Bolzani, tamb\u00e9m ressaltou as caracter\u00edsticas sociais do Pa\u00eds no nascimento da Ci\u00eancia &amp; Cultura. \u201cO Brasil era um pa\u00eds agr\u00edcola, no p\u00f3s-guerra, analfabeto, paup\u00e9rrimo, e a\u00ed surgem v\u00e1rios intelectuais e criam a SBPC. Depois, esses intelectuais criaram uma revista de ci\u00eancia e cultura, porque identificaram que conhecimento, cultura e artes andam de m\u00e3os dadas.\u201d<\/p>\n<p>Para a pesquisadora, que participou do Conselho respons\u00e1vel pela moderniza\u00e7\u00e3o da revista, a publica\u00e7\u00e3o tem sua import\u00e2ncia por atuar duplamente narrando a hist\u00f3ria cient\u00edfica do Brasil e, tamb\u00e9m, modificando essa narrativa. \u201cA Sociedade Brasileira para o Progresso da Ci\u00eancia mudou a hist\u00f3ria da ci\u00eancia e da pol\u00edtica cient\u00edfica deste pa\u00eds, e parte dessa mudan\u00e7a veio por meio da Ci\u00eancia &amp; Cultura.\u201d<\/p>\n<p>J\u00e1 a pesquisadora titular do Museu Paraense Em\u00edlio Goeldi e da Financiadora de Estudos e Projetos (Finep), Ima Vieira, ressaltou uma das principais pautas defendidas na publica\u00e7\u00e3o: a preserva\u00e7\u00e3o da Amaz\u00f4nia. \u201cEm 1997, quando publiquei meu primeiro artigo na revista, n\u00f3s t\u00ednhamos cerca de 500 mil quil\u00f4metros quadrados de desmatamento na Amaz\u00f4nia. Hoje, em 2024, j\u00e1 s\u00e3o mais de 800 mil.\u201d<\/p>\n<p>Vieira destacou que a quest\u00e3o clim\u00e1tica foi tema recorrente da publica\u00e7\u00e3o, mesmo em anos antes do protagonismo do tema na sociedade. \u201cA Ci\u00eancia &amp; Cultura tem feito sempre essa abordagem da quest\u00e3o dos biomas e usos da terra, com previs\u00f5es sobre os eventos clim\u00e1ticos extremos, os aumentos do n\u00edvel do mar, e os impactos na biodiversidade, na seguran\u00e7a alimentar, na sa\u00fade p\u00fablica e nos recursos h\u00eddricos. E todos os desafios e perspectivas do Brasil est\u00e3o na edi\u00e7\u00e3o que celebra os 75 anos da revista.\u201d<\/p>\n<p>Encerrando as falas, a diretora da SBPC e atual coordenadora da publica\u00e7\u00e3o, Fernanda Sobral, destacou a \u00faltima reestrutura\u00e7\u00e3o da Ci\u00eancia &amp; Cultura, em 2022, da qual participou, apoiada pelos presidentes de honra da entidade, Ennio Candotti \u2014 falecido em 2023 \u2014 e Ildeu Moreira. Essa reestrutura\u00e7\u00e3o teve o lan\u00e7amento do novo site e a elabora\u00e7\u00e3o de uma nova identidade visual para a revista, al\u00e9m da explora\u00e7\u00e3o de recursos audiovisuais. Sobral tamb\u00e9m deu detalhes da \u00faltima edi\u00e7\u00e3o da revista, que celebra seus 75 anos. \u201cNa pr\u00f3xima edi\u00e7\u00e3o, vamos republicar artigos que sa\u00edram em todas as fases da Ci\u00eancia &amp; Cultura. Esses materiais ser\u00e3o reapresentados justamente para se ter uma ideia correta da hist\u00f3ria dessa revista, que teve e tem uma import\u00e2ncia enorme na hist\u00f3ria do Pa\u00eds. E para os seus pr\u00f3ximos 75 anos, a Ci\u00eancia &amp; Cultura tem o desafio maior de aproximar, ainda mais, a ci\u00eancia e a cultura das pessoas.\u201d<\/p>\n<p>A live em comemora\u00e7\u00e3o aos 75 anos da Ci\u00eancia &amp; Cultura est\u00e1 dispon\u00edvel na \u00edntegra <a href=\"https:\/\/www.youtube.com\/watch?v=aJaJLoYoPag&amp;t=863s&amp;ab_channel=SBPCnet\"><strong><span style=\"color: #800000;\">no canal da SBPC no YouTube<\/span><\/strong><\/a>.<\/p>\n","protected":false},"excerpt":{"rendered":"Live de comemora\u00e7\u00e3o da revista contou com a participa\u00e7\u00e3o de personalidades acad\u00eamicas&hellip;\n","protected":false},"author":12,"featured_media":6124,"comment_status":"open","ping_status":"open","sticky":false,"template":"","format":"standard","meta":[],"categories":[1,2],"tags":[],"acf":[],"_links":{"self":[{"href":"https:\/\/revistacienciaecultura.org.br\/index.php?rest_route=\/wp\/v2\/posts\/6123"}],"collection":[{"href":"https:\/\/revistacienciaecultura.org.br\/index.php?rest_route=\/wp\/v2\/posts"}],"about":[{"href":"https:\/\/revistacienciaecultura.org.br\/index.php?rest_route=\/wp\/v2\/types\/post"}],"author":[{"embeddable":true,"href":"https:\/\/revistacienciaecultura.org.br\/index.php?rest_route=\/wp\/v2\/users\/12"}],"replies":[{"embeddable":true,"href":"https:\/\/revistacienciaecultura.org.br\/index.php?rest_route=%2Fwp%2Fv2%2Fcomments&post=6123"}],"version-history":[{"count":3,"href":"https:\/\/revistacienciaecultura.org.br\/index.php?rest_route=\/wp\/v2\/posts\/6123\/revisions"}],"predecessor-version":[{"id":6127,"href":"https:\/\/revistacienciaecultura.org.br\/index.php?rest_route=\/wp\/v2\/posts\/6123\/revisions\/6127"}],"wp:featuredmedia":[{"embeddable":true,"href":"https:\/\/revistacienciaecultura.org.br\/index.php?rest_route=\/wp\/v2\/media\/6124"}],"wp:attachment":[{"href":"https:\/\/revistacienciaecultura.org.br\/index.php?rest_route=%2Fwp%2Fv2%2Fmedia&parent=6123"}],"wp:term":[{"taxonomy":"category","embeddable":true,"href":"https:\/\/revistacienciaecultura.org.br\/index.php?rest_route=%2Fwp%2Fv2%2Fcategories&post=6123"},{"taxonomy":"post_tag","embeddable":true,"href":"https:\/\/revistacienciaecultura.org.br\/index.php?rest_route=%2Fwp%2Fv2%2Ftags&post=6123"}],"curies":[{"name":"wp","href":"https:\/\/api.w.org\/{rel}","templated":true}]}}