{"id":6128,"date":"2024-06-12T07:30:38","date_gmt":"2024-06-12T07:30:38","guid":{"rendered":"https:\/\/revistacienciaecultura.org.br\/?p=6128"},"modified":"2024-06-11T17:54:53","modified_gmt":"2024-06-11T17:54:53","slug":"inscreva-se-gratuitamente-na-76a-reuniao-anual-da-sbpc-3","status":"publish","type":"post","link":"https:\/\/revistacienciaecultura.org.br\/?p=6128","title":{"rendered":"Inscreva-se gratuitamente na 76\u00aa Reuni\u00e3o Anual da SBPC"},"content":{"rendered":"<h4 id=\"com-conferencias-mesas-redondas-paineis-rodas-de-conversa-e-muito-mais-o-evento-sera-realizado-de-forma-hibrida-presencial-e-virtual-entre-os-dias-7-e-13-de-julho-em-belem\"><span style=\"color: #808080;\">Com confer\u00eancias, mesas-redondas, pain\u00e9is, rodas de conversa e muito mais, o evento ser\u00e1 realizado de forma h\u00edbrida \u2013 presencial e virtual \u2013 entre os dias 7 e 13 de julho, em Bel\u00e9m.\u00a0<\/span><\/h4>\n<p>&nbsp;<\/p>\n<p>Faltam menos de 4 semanas para a realiza\u00e7\u00e3o da 76\u00aa Reuni\u00e3o Anual da Sociedade Brasileira para o Progresso da Ci\u00eancia (SBPC)! E o maior evento cient\u00edfico da Am\u00e9rica Latina est\u00e1 com\u00a0<strong>inscri\u00e7\u00f5es gratuitas<\/strong>\u00a0abertas at\u00e9 12 de julho para os interessados em participar das centenas de atividades que ser\u00e3o ofertadas.\u00a0Com o tema\u00a0<strong>\u201cCi\u00eancia para um futuro sustent\u00e1vel e inclusivo: por um novo contrato social com a natureza\u201d,\u00a0<\/strong>o evento come\u00e7a 7 de julho, com cerim\u00f4nia de abertura no Theatro da Paz, e segue de 8 a 13 no campus Guam\u00e1 da Universidade Federal do Par\u00e1 (UFPA), em Bel\u00e9m.<\/p>\n<p>Quem fizer a inscri\u00e7\u00e3o gratuita e efetuar o credenciamento na Secretaria da SBPC, que ser\u00e1 instalada na UFPA durante a semana do evento, receber\u00e1 um certificado online de participa\u00e7\u00e3o geral (sem carga hor\u00e1ria e sem descri\u00e7\u00e3o das atividades).<\/p>\n<p>A programa\u00e7\u00e3o cient\u00edfica ter\u00e1 286 atividades, entre debates, mesas-redondas e sess\u00f5es especiais, com renomados cientistas e personalidades de diversas \u00e1reas compartilhando suas perspectivas sobre a\u00a0<strong>\u201cCi\u00eancia para um futuro sustent\u00e1vel e inclusivo: por um novo contrato social com a natureza\u201d<\/strong>, tema desta edi\u00e7\u00e3o da Reuni\u00e3o Anual.<\/p>\n<p>Ser\u00e3o\u00a0<strong>208 debates presenciais<\/strong>\u00a0e\u00a0<strong>78 virtuais<\/strong>, com o objetivo de engajar e inspirar p\u00fablicos de todos os grupos e interesses. A programa\u00e7\u00e3o completa est\u00e1 dispon\u00edvel no site do evento (<a href=\"https:\/\/ra.sbpcnet.org.br\/76RA\/\"><span style=\"color: #800000;\"><strong>https:\/\/ra.sbpcnet.org.br\/76RA\/<\/strong><\/span><\/a>), onde \u00e9 poss\u00edvel conferir todos os detalhes e se planejar para aproveitar ao m\u00e1ximo essa experi\u00eancia.<\/p>\n<p>A 76\u00aa edi\u00e7\u00e3o do evento tamb\u00e9m ser\u00e1 um espa\u00e7o onde atores do Poder Executivo poder\u00e3o prestar contas \u00e0 sociedade sobre as a\u00e7\u00f5es governamentais.\u00a0<strong>Cinco ministros<\/strong>\u00a0confirmaram presen\u00e7a:\u00a0<strong>Luciana Santos (MCTI), N\u00edsia Trindade (MS), Marina Silva (MMA), Simone Tebet (MMO) e Camilo Santana (MEC)<\/strong>. Cada uma far\u00e1 uma confer\u00eancia por dia, de segunda a sexta-feira, dentro da programa\u00e7\u00e3o cient\u00edfica.<\/p>\n<p>O evento marca ainda o retorno dos\u00a0<strong>minicursos presenciais<\/strong>, que n\u00e3o eram realizados desde a pandemia de covid-19. Ser\u00e3o oferecidos 46 minicursos no campus Guam\u00e1 da Universidade Federal do Par\u00e1 (UFPA), al\u00e9m de 32 webminicursos que ser\u00e3o disponibilizados online para quem estiver distante. As inscri\u00e7\u00f5es j\u00e1 est\u00e3o abertas e est\u00e3o limitadas ao n\u00famero de vagas dispon\u00edveis.<\/p>\n<p>Al\u00e9m da programa\u00e7\u00e3o cient\u00edfica, os participantes ter\u00e3o a oportunidade de explorar atividades imersivas que envolvem o mundo da ci\u00eancia e da cultura.<\/p>\n<p>Na\u00a0<strong>ExpoT&amp;C,\u00a0<\/strong>que \u00e9 um dos pontos altos do evento, o p\u00fablico poder\u00e1 visitar estandes de universidades, institutos de pesquisa, ag\u00eancias de fomento, entidades governamentais, setor empresarial e outras organiza\u00e7\u00f5es interessadas em apresentar novas tecnologias, produtos e servi\u00e7os.<\/p>\n<p>Na\u00a0<strong>SBPC Jovem<\/strong>, que reunir\u00e1 71 estandes, os participantes poder\u00e3o explorar oficinas, rodas de conversa, bate-papo com cientistas, caf\u00e9 com ci\u00eancia e demais atividades. O p\u00fablico focal s\u00e3o estudantes e professores da educa\u00e7\u00e3o b\u00e1sica, mas, na verdade, as atra\u00e7\u00f5es conquistam todas as idades. \u00a0Entre os destaques est\u00e3o o Circo da Ci\u00eancia, um espa\u00e7o de encontro das institui\u00e7\u00f5es afiliadas \u00e0 Associa\u00e7\u00e3o Brasileira de Centros e Museus de Ci\u00eancias, e o Ci\u00eancia M\u00f3vel, onde museus e laborat\u00f3rios itinerantes de diversos estados do Pa\u00eds. O espa\u00e7o ainda abrigar\u00e1 a\u00a0Mostra de Feiras de Ci\u00eancias, que dever\u00e1 reunir no m\u00ednimo 200 trabalhos cient\u00edficos oriundos em torno de dez estados do pa\u00eds.<\/p>\n<p>A\u00a0<strong>Sess\u00e3o de P\u00f4steres\u00a0<\/strong>desta edi\u00e7\u00e3o ir\u00e1 expor\u00a0<strong>391<\/strong>\u00a0trabalhos de pesquisas cient\u00edficas e tecnol\u00f3gicas, experi\u00eancias de ensino-aprendizagem e relatos de caso ou experi\u00eancias. Do total,\u00a0<strong>209\u00a0<\/strong>ser\u00e3o apresentados presencialmente.<\/p>\n<p>&nbsp;<\/p>\n<h4 id=\"novidades\"><strong>Novidades<\/strong><\/h4>\n<p>Esta edi\u00e7\u00e3o contar\u00e1 com o\u00a0<strong>Espa\u00e7o \u201cInf\u00e2ncias Mair\u00ed na SBPC\u201d<\/strong>, uma tenda de 100m\u00b2 que receber\u00e1 uma s\u00e9rie oficinas que promover\u00e3o a inicia\u00e7\u00e3o cient\u00edfica de crian\u00e7as menores de cinco anos de idade. A atividade \u00e9 uma parceria com a Secretaria Municipal de Educa\u00e7\u00e3o (Semec) de Bel\u00e9m.<\/p>\n<p>Nesse espa\u00e7o, as crian\u00e7as poder\u00e3o trabalhar com elementos naturais e que contribuir\u00e3o para o despertar da consci\u00eancia sobre o meio ambiente, que \u00e9 a proposta desta Reuni\u00e3o Anual. Durante toda a semana, ser\u00e3o disponibilizadas quatro oficinas: \u201cUsina de pigmentos naturais\u201d; \u201cA transforma\u00e7\u00e3o da argila\u201d; \u201cBrinquedos de Equil\u00edbrios e Ventos\u201d e \u201cA qu\u00edmica das bolhas\u00a0de\u00a0sab\u00e3o\u201d.<\/p>\n<p>No dia 8 de julho, inaugurando \u201cInf\u00e2ncias Mair\u00ed na SBPC\u201d, 250 crian\u00e7as ser\u00e3o trazidas ao evento cient\u00edfico diretamente da regi\u00e3o das ilhas, aportando no p\u00eder do campus Guam\u00e1 da UFPA. Ao todo, 36 barcos escolares, em cortejo, conduzir\u00e3o alunas(os) e professoras(as) das ilhas e \u00e1reas ribeirinhas para abra\u00e7ar a SBPC e a Ci\u00eancia.<\/p>\n<p><strong>Outra novidade do evento \u00e9 que os participantes poder\u00e3o degustar a culin\u00e1ria t\u00edpica paraense no<\/strong>\u00a0\u201c<strong>Paneiro: Espa\u00e7o da Cultura Alimentar\u201d<\/strong>. Na tenda montada na beira do Rio Guam\u00e1, ser\u00e1 poss\u00edvel tamb\u00e9m conhecer um pouco da hist\u00f3ria e das tradi\u00e7\u00f5es que est\u00e3o por tr\u00e1s de alguns preparos. Ser\u00e1 montado um palco para receber diversas apresenta\u00e7\u00f5es, incluindo demonstra\u00e7\u00f5es e aulas show de culin\u00e1ria.<\/p>\n<p>Tamb\u00e9m promovendo a cultura e arte regionais e nacionais, o evento ter\u00e1 \u00a0a\u00a0<strong>Feira da Economia Solid\u00e1ria e Diversidade,\u00a0<\/strong>que reunir\u00e1 mais de 40 expositores de todo o Pa\u00eds, pessoas que fazem parte de redes de coopera\u00e7\u00e3o e que atuam na perspectiva da economia solid\u00e1ria, expondo e comercializando produtos naturais, oriundos de empresas geralmente familiares ou iniciativas populares.<\/p>\n<p>E para relaxar e se divertir, os participantes poder\u00e3o curtir as atra\u00e7\u00f5es da\u00a0<strong>SBPC Cultural<\/strong>. Com uma programa\u00e7\u00e3o diversificada, coletivos\u00a0populares locais e grupos de m\u00fasica, teatro e dan\u00e7a da UFPA realizar\u00e3o apresenta\u00e7\u00f5es no campus Guam\u00e1 nos intervalos das programa\u00e7\u00f5es cient\u00edficas. Os participantes tamb\u00e9m poder\u00e3o conhecer mais sobre as m\u00faltiplas linguagens culturais paraenses por meio de programa\u00e7\u00f5es que ocorrer\u00e3o em Bel\u00e9m no per\u00edodo\u00a0do evento.<\/p>\n<p>Para encerrar essa semana especial, no dia 13 de julho, s\u00e1bado, nas tendas da SBPC Jovem e da ExpoT&amp;C, ocorrer\u00e1 mais uma edi\u00e7\u00e3o do\u00a0<strong>Dia da Fam\u00edlia na Ci\u00eancia<\/strong>, cuja programa\u00e7\u00e3o \u00e9 dirigida \u00e0 comunidade. Os participantes ter\u00e3o a oportunidade de explorar atividades interativas de ci\u00eancia e tecnologia, aprender sobre experi\u00eancias cient\u00edficas e ter suas quest\u00f5es respondidas por cientistas. O Dia da Fam\u00edlia na Ci\u00eancia tamb\u00e9m \u00e9 gratuito e aberto a todas as crian\u00e7as, jovens, adultos, familiares e amigos.<\/p>\n<p>&nbsp;<\/p>\n<h4 id=\"festa-da-ciencia\"><strong>Festa da Ci\u00eancia\u00a0<\/strong><\/h4>\n<p>Criada em 1948, a SBPC \u00e9 uma entidade voltada \u00e0 defesa do avan\u00e7o cient\u00edfico e tecnol\u00f3gico e do desenvolvimento educacional e cultural do Brasil. Desde 1949, a entidade realiza, ininterruptamente, as Reuni\u00f5es Anuais, com os objetivos de difundir para toda a popula\u00e7\u00e3o os avan\u00e7os da Ci\u00eancia nacional nas diversas \u00e1reas do conhecimento, al\u00e9m de debater pol\u00edticas p\u00fablicas nas \u00e1reas de Ci\u00eancia, Tecnologia, Inova\u00e7\u00e3o e Educa\u00e7\u00e3o.<\/p>\n<p>A programa\u00e7\u00e3o acontecer\u00e1 presencialmente no campus Guam\u00e1 da UFPA, com transmiss\u00e3o de atividades nos canais da SBPC e da UFPA no YouTube. A cerim\u00f4nia de abertura do evento ser\u00e1 no dia 7 de julho, no Theatro da Paz, em Bel\u00e9m.<\/p>\n<p>Esta 76\u00aa edi\u00e7\u00e3o da Reuni\u00e3o Anual da SBPC conta com apoio da Coordena\u00e7\u00e3o de Aperfei\u00e7oamento de Pessoal de N\u00edvel Superior (Capes), Conselho Nacional de Desenvolvimento Cient\u00edfico e Tecnol\u00f3gico (CNPq), Funda\u00e7\u00e3o Amparo e Desenvolvimento da Pesquisa (Fadesp), Secretaria Municipal de Educa\u00e7\u00e3o de Bel\u00e9m, Secretaria de Estado de Cultura do Par\u00e1, Financiadora de Estudos e Projetos (Finep), Minist\u00e9rio da Educa\u00e7\u00e3o (MEC), Minist\u00e9rio da Ci\u00eancia, Tecnologia e Inova\u00e7\u00e3o (MECTI), e do Governo Federal.<\/p>\n<p>Os parceiros institucionais s\u00e3o: Universidade do Estado do Par\u00e1 (UEPA), Instituto Federal do Par\u00e1 (IFPA), Universidade Federal do Sul e Sudeste do Par\u00e1 (Unifesspa), Universidade Federal Rural da Amaz\u00f4nia (UFRA) e o Museu Paraense Em\u00edlio Goeldi.<\/p>\n<p><strong>Os jornalistas interessados em cobrir as atividades do encontro j\u00e1 podem fazer seu credenciamento\u00a0<a href=\"https:\/\/docs.google.com\/forms\/d\/e\/1FAIpQLSemxq8lKEHI9KAfujAKz3mm4hWc9quEjuf5hnvAorVzRr2ysw\/viewform\" target=\"_blank\" rel=\"noopener\"><span style=\"color: #800000;\">acessando este link<\/span><\/a>.<\/strong><\/p>\n<p>Mais informa\u00e7\u00f5es no site oficial:\u00a0<a href=\"https:\/\/ra.sbpcnet.org.br\/76RA\/\" target=\"_blank\" rel=\"noopener\"><span style=\"color: #800000;\"><strong>https:\/\/ra.sbpcnet.org.br\/76RA\/<\/strong><\/span><\/a>.<\/p>\n<p><span style=\"color: #808080;\"><em>Jornal da Ci\u00eancia, com informa\u00e7\u00f5es da <a style=\"color: #808080;\" href=\"https:\/\/ufpa.br\/ufpa-sediara-o-maior-evento-cientifico-da-america-latina\/\" target=\"_blank\" rel=\"noopener\">UFPA<\/a>\u00a0<\/em><\/span><\/p>\n","protected":false},"excerpt":{"rendered":"Com confer\u00eancias, mesas-redondas, pain\u00e9is, rodas de conversa e muito mais, o evento&hellip;\n","protected":false},"author":19,"featured_media":5240,"comment_status":"open","ping_status":"open","sticky":false,"template":"","format":"standard","meta":[],"categories":[1,2],"tags":[],"acf":[],"_links":{"self":[{"href":"https:\/\/revistacienciaecultura.org.br\/index.php?rest_route=\/wp\/v2\/posts\/6128"}],"collection":[{"href":"https:\/\/revistacienciaecultura.org.br\/index.php?rest_route=\/wp\/v2\/posts"}],"about":[{"href":"https:\/\/revistacienciaecultura.org.br\/index.php?rest_route=\/wp\/v2\/types\/post"}],"author":[{"embeddable":true,"href":"https:\/\/revistacienciaecultura.org.br\/index.php?rest_route=\/wp\/v2\/users\/19"}],"replies":[{"embeddable":true,"href":"https:\/\/revistacienciaecultura.org.br\/index.php?rest_route=%2Fwp%2Fv2%2Fcomments&post=6128"}],"version-history":[{"count":2,"href":"https:\/\/revistacienciaecultura.org.br\/index.php?rest_route=\/wp\/v2\/posts\/6128\/revisions"}],"predecessor-version":[{"id":6130,"href":"https:\/\/revistacienciaecultura.org.br\/index.php?rest_route=\/wp\/v2\/posts\/6128\/revisions\/6130"}],"wp:featuredmedia":[{"embeddable":true,"href":"https:\/\/revistacienciaecultura.org.br\/index.php?rest_route=\/wp\/v2\/media\/5240"}],"wp:attachment":[{"href":"https:\/\/revistacienciaecultura.org.br\/index.php?rest_route=%2Fwp%2Fv2%2Fmedia&parent=6128"}],"wp:term":[{"taxonomy":"category","embeddable":true,"href":"https:\/\/revistacienciaecultura.org.br\/index.php?rest_route=%2Fwp%2Fv2%2Fcategories&post=6128"},{"taxonomy":"post_tag","embeddable":true,"href":"https:\/\/revistacienciaecultura.org.br\/index.php?rest_route=%2Fwp%2Fv2%2Ftags&post=6128"}],"curies":[{"name":"wp","href":"https:\/\/api.w.org\/{rel}","templated":true}]}}