{"id":6131,"date":"2024-06-13T07:30:00","date_gmt":"2024-06-13T07:30:00","guid":{"rendered":"https:\/\/revistacienciaecultura.org.br\/?p=6131"},"modified":"2024-06-12T19:06:05","modified_gmt":"2024-06-12T19:06:05","slug":"o-eclipse-de-sobral","status":"publish","type":"post","link":"https:\/\/revistacienciaecultura.org.br\/?p=6131","title":{"rendered":"O eclipse de Sobral"},"content":{"rendered":"<h4 id=\"fenomeno-no-ceara-comprovou-teoria-da-relatividade\"><span style=\"color: #808080;\">Fen\u00f4meno no Cear\u00e1 comprovou Teoria da Relatividade<\/span><\/h4>\n<p>&nbsp;<\/p>\n<p>No dia 29 de maio de 1919, a pequena cidade de Sobral, no interior do Cear\u00e1, tornou-se o epicentro de uma descoberta cient\u00edfica de propor\u00e7\u00f5es monumentais. Neste dia, sob um c\u00e9u inicialmente nublado, um clar\u00e3o entre as nuvens abriu espa\u00e7o para um fen\u00f4meno celestial: um eclipse solar total. Astr\u00f4nomos do Brasil e da Inglaterra reuniram-se no Jockey Clube da cidade para testemunhar e registrar um evento que mudaria a compreens\u00e3o da f\u00edsica moderna.<\/p>\n<p>Este eclipse, conhecido como um dos experimentos mais significativos da f\u00edsica moderna, foi parte de um esfor\u00e7o para confirmar a Teoria da Relatividade Geral de Albert Einstein. A teoria, formulada pelo cientista alem\u00e3o em 1915, postulava que a presen\u00e7a de massa e energia no espa\u00e7o-tempo podia distorc\u00ea-lo, incluindo a capacidade de desviar a trajet\u00f3ria da luz.<\/p>\n<p>O experimento realizado em Sobral foi complementado por uma equipe na ilha do Pr\u00edncipe, na costa ocidental da \u00c1frica. No entanto, devido \u00e0s condi\u00e7\u00f5es meteorol\u00f3gicas adversas, a observa\u00e7\u00e3o em Pr\u00edncipe n\u00e3o foi t\u00e3o bem-sucedida. Em Sobral, no entanto, um momento oportuno permitiu que sete fotografias cruciais fossem tiradas, confirmando a teoria de Einstein e lan\u00e7ando-o para o estrelato cient\u00edfico.<\/p>\n<p>&nbsp;<\/p>\n<h4 id=\"experiencia\"><strong>Experi\u00eancia<\/strong><\/h4>\n<p>A fama de Einstein como o cientista mais proeminente do s\u00e9culo XX foi cimentada ap\u00f3s a observa\u00e7\u00e3o do eclipse em Sobral. Antes disso, ele j\u00e1 era conhecido por seus feitos not\u00e1veis, como os quatro artigos revolucion\u00e1rios publicados em 1905, o \u201cano miraculoso\u201d de Einstein.<\/p>\n<p>A previs\u00e3o de Einstein sobre a deflex\u00e3o da luz ao passar pr\u00f3ximo a corpos celestes com grande massa foi uma novidade em 1919. O experimento em Sobral foi uma das primeiras tentativas bem-sucedidas de observar essa deflex\u00e3o. Durante o eclipse, foram registradas imagens de estrelas pr\u00f3ximas \u00e0 borda do Sol, evidenciando o desvio esperado. (Figura 1)<\/p>\n<h6 id=\"figura-1-fotografia-do-eclipse-de-sobral-em-1919-que-possibilitou-a-comprovacao-da-teoria-da-relatividade-geral-de-albert-einsteinfonte-observatorio-nacional-reproducao\" style=\"text-align: center;\"><img loading=\"lazy\" class=\"aligncenter wp-image-6133\" src=\"https:\/\/revistacienciaecultura.org.br\/wp-content\/uploads\/2024\/06\/sobral-1-228x300.jpg\" alt=\"\" width=\"380\" height=\"500\" srcset=\"https:\/\/revistacienciaecultura.org.br\/wp-content\/uploads\/2024\/06\/sobral-1-228x300.jpg 228w, https:\/\/revistacienciaecultura.org.br\/wp-content\/uploads\/2024\/06\/sobral-1-778x1024.jpg 778w, https:\/\/revistacienciaecultura.org.br\/wp-content\/uploads\/2024\/06\/sobral-1-768x1011.jpg 768w, https:\/\/revistacienciaecultura.org.br\/wp-content\/uploads\/2024\/06\/sobral-1-1167x1536.jpg 1167w, https:\/\/revistacienciaecultura.org.br\/wp-content\/uploads\/2024\/06\/sobral-1-1556x2048.jpg 1556w, https:\/\/revistacienciaecultura.org.br\/wp-content\/uploads\/2024\/06\/sobral-1-9x12.jpg 9w, https:\/\/revistacienciaecultura.org.br\/wp-content\/uploads\/2024\/06\/sobral-1-800x1053.jpg 800w, https:\/\/revistacienciaecultura.org.br\/wp-content\/uploads\/2024\/06\/sobral-1-1160x1526.jpg 1160w, https:\/\/revistacienciaecultura.org.br\/wp-content\/uploads\/2024\/06\/sobral-1.jpg 1691w\" sizes=\"(max-width: 380px) 100vw, 380px\" \/><br \/>\n<strong>Figura 1. Fotografia do eclipse de Sobral, em 1919, que possibilitou a comprova\u00e7\u00e3o da teoria da relatividade geral, de Albert Einstein<br \/>\n<\/strong>(Fonte: Observat\u00f3rio Nacional. Reprodu\u00e7\u00e3o)<\/h6>\n<p>&nbsp;<\/p>\n<p>O f\u00edsico alem\u00e3o aguardou ansiosamente pelos resultados, que foram anunciados em novembro de 1919 em Londres. A an\u00e1lise das placas fotogr\u00e1ficas de Sobral e da ilha do Pr\u00edncipe confirmou que a Teoria da Relatividade Geral estava correta. A ci\u00eancia estava diante de uma revolu\u00e7\u00e3o, com Einstein redefinindo nossa compreens\u00e3o do espa\u00e7o, tempo e gravidade.<\/p>\n<p>O eclipse de 1919 n\u00e3o apenas confirmou uma teoria, mas tamb\u00e9m destacou a import\u00e2ncia de observa\u00e7\u00f5es astron\u00f4micas precisas. Em Sobral, os astr\u00f4nomos brasileiros e brit\u00e2nicos trabalharam juntos para capturar o momento em que a luz das estrelas era curvada pela gravidade do Sol, desencadeando uma nova era na f\u00edsica. (Figura 2)<\/p>\n<h6 id=\"figura-2-durante-o-eclipse-os-astronomos-brasileiros-e-britanicos-capturaram-o-momento-em-que-a-luz-das-estrelas-era-curvada-pela-gravidade-do-solfonte-sbpc-reproducao\" style=\"text-align: center;\"><img loading=\"lazy\" class=\"aligncenter wp-image-6134\" src=\"https:\/\/revistacienciaecultura.org.br\/wp-content\/uploads\/2024\/06\/sobral-2-300x106.jpg\" alt=\"\" width=\"500\" height=\"176\" srcset=\"https:\/\/revistacienciaecultura.org.br\/wp-content\/uploads\/2024\/06\/sobral-2-300x106.jpg 300w, https:\/\/revistacienciaecultura.org.br\/wp-content\/uploads\/2024\/06\/sobral-2-1024x360.jpg 1024w, https:\/\/revistacienciaecultura.org.br\/wp-content\/uploads\/2024\/06\/sobral-2-768x270.jpg 768w, https:\/\/revistacienciaecultura.org.br\/wp-content\/uploads\/2024\/06\/sobral-2-1536x540.jpg 1536w, https:\/\/revistacienciaecultura.org.br\/wp-content\/uploads\/2024\/06\/sobral-2-18x6.jpg 18w, https:\/\/revistacienciaecultura.org.br\/wp-content\/uploads\/2024\/06\/sobral-2-800x281.jpg 800w, https:\/\/revistacienciaecultura.org.br\/wp-content\/uploads\/2024\/06\/sobral-2-1160x408.jpg 1160w, https:\/\/revistacienciaecultura.org.br\/wp-content\/uploads\/2024\/06\/sobral-2.jpg 1691w\" sizes=\"(max-width: 500px) 100vw, 500px\" \/><br \/>\n<strong>Figura 2. Durante o eclipse, os astr\u00f4nomos brasileiros e brit\u00e2nicos capturaram o momento em que a luz das estrelas era curvada pela gravidade do Sol<br \/>\n<\/strong>(Fonte: SBPC. Reprodu\u00e7\u00e3o)<\/h6>\n<p>&nbsp;<\/p>\n<p>Hoje, as placas fotogr\u00e1ficas resgatadas e restauradas pela equipe do Observat\u00f3rio Nacional no Rio de Janeiro s\u00e3o testemunhas silenciosas desse momento hist\u00f3rico. Elas cont\u00eam as imagens que validaram a Teoria da Relatividade Geral e colocaram Sobral no mapa da ci\u00eancia mundial.<\/p>\n<p>Preservar essas placas \u00e9 preservar n\u00e3o apenas a hist\u00f3ria, mas tamb\u00e9m o esp\u00edrito de desafio e descoberta que impulsionou a ci\u00eancia no in\u00edcio do s\u00e9culo XX. O Museu do Eclipse em Sobral \u00e9 um lembrete vivo desse evento extraordin\u00e1rio, que continua a inspirar cientistas e entusiastas da ci\u00eancia at\u00e9 os dias atuais. (Figura 3)<\/p>\n<h6 id=\"figura-3-museu-do-eclipse-em-sobral-no-cearafonte-divulgacao\" style=\"text-align: center;\"><img loading=\"lazy\" class=\"aligncenter wp-image-6135\" src=\"https:\/\/revistacienciaecultura.org.br\/wp-content\/uploads\/2024\/06\/sobral-3-300x172.jpg\" alt=\"\" width=\"500\" height=\"286\" srcset=\"https:\/\/revistacienciaecultura.org.br\/wp-content\/uploads\/2024\/06\/sobral-3-300x172.jpg 300w, https:\/\/revistacienciaecultura.org.br\/wp-content\/uploads\/2024\/06\/sobral-3-1024x586.jpg 1024w, https:\/\/revistacienciaecultura.org.br\/wp-content\/uploads\/2024\/06\/sobral-3-768x440.jpg 768w, https:\/\/revistacienciaecultura.org.br\/wp-content\/uploads\/2024\/06\/sobral-3-1536x879.jpg 1536w, https:\/\/revistacienciaecultura.org.br\/wp-content\/uploads\/2024\/06\/sobral-3-18x10.jpg 18w, https:\/\/revistacienciaecultura.org.br\/wp-content\/uploads\/2024\/06\/sobral-3-800x458.jpg 800w, https:\/\/revistacienciaecultura.org.br\/wp-content\/uploads\/2024\/06\/sobral-3-1160x664.jpg 1160w, https:\/\/revistacienciaecultura.org.br\/wp-content\/uploads\/2024\/06\/sobral-3.jpg 1691w\" sizes=\"(max-width: 500px) 100vw, 500px\" \/><br \/>\n<strong>Figura 3. Museu do Eclipse, em Sobral, no Cear\u00e1<br \/>\n<\/strong>(Fonte: Divulga\u00e7\u00e3o)<\/h6>\n<p>&nbsp;<\/p>\n<h6 id=\"capa-eclipse-de-sobral-e-reconhecido-como-um-dos-experimentos-mais-significativos-da-fisica-modernafonte-observatorio-nacional-reproducao\"><strong>Capa. Eclipse de Sobral \u00e9 reconhecido como um dos <\/strong><strong>experimentos mais significativos da f\u00edsica moderna<br \/>\n<\/strong>(Fonte: Observat\u00f3rio Nacional. Reprodu\u00e7\u00e3o)<\/h6>\n","protected":false},"excerpt":{"rendered":"Fen\u00f4meno no Cear\u00e1 comprovou Teoria da Relatividade &nbsp; No dia 29 de&hellip;\n","protected":false},"author":19,"featured_media":6132,"comment_status":"open","ping_status":"open","sticky":false,"template":"","format":"standard","meta":[],"categories":[1,2],"tags":[],"acf":[],"_links":{"self":[{"href":"https:\/\/revistacienciaecultura.org.br\/index.php?rest_route=\/wp\/v2\/posts\/6131"}],"collection":[{"href":"https:\/\/revistacienciaecultura.org.br\/index.php?rest_route=\/wp\/v2\/posts"}],"about":[{"href":"https:\/\/revistacienciaecultura.org.br\/index.php?rest_route=\/wp\/v2\/types\/post"}],"author":[{"embeddable":true,"href":"https:\/\/revistacienciaecultura.org.br\/index.php?rest_route=\/wp\/v2\/users\/19"}],"replies":[{"embeddable":true,"href":"https:\/\/revistacienciaecultura.org.br\/index.php?rest_route=%2Fwp%2Fv2%2Fcomments&post=6131"}],"version-history":[{"count":2,"href":"https:\/\/revistacienciaecultura.org.br\/index.php?rest_route=\/wp\/v2\/posts\/6131\/revisions"}],"predecessor-version":[{"id":6137,"href":"https:\/\/revistacienciaecultura.org.br\/index.php?rest_route=\/wp\/v2\/posts\/6131\/revisions\/6137"}],"wp:featuredmedia":[{"embeddable":true,"href":"https:\/\/revistacienciaecultura.org.br\/index.php?rest_route=\/wp\/v2\/media\/6132"}],"wp:attachment":[{"href":"https:\/\/revistacienciaecultura.org.br\/index.php?rest_route=%2Fwp%2Fv2%2Fmedia&parent=6131"}],"wp:term":[{"taxonomy":"category","embeddable":true,"href":"https:\/\/revistacienciaecultura.org.br\/index.php?rest_route=%2Fwp%2Fv2%2Fcategories&post=6131"},{"taxonomy":"post_tag","embeddable":true,"href":"https:\/\/revistacienciaecultura.org.br\/index.php?rest_route=%2Fwp%2Fv2%2Ftags&post=6131"}],"curies":[{"name":"wp","href":"https:\/\/api.w.org\/{rel}","templated":true}]}}