{"id":6155,"date":"2024-06-17T07:50:20","date_gmt":"2024-06-17T07:50:20","guid":{"rendered":"https:\/\/revistacienciaecultura.org.br\/?p=6155"},"modified":"2024-06-17T10:34:28","modified_gmt":"2024-06-17T10:34:28","slug":"comunicando-se-com-o-publico-maior","status":"publish","type":"post","link":"https:\/\/revistacienciaecultura.org.br\/?p=6155","title":{"rendered":"Comunicando-se com o p\u00fablico maior"},"content":{"rendered":"<h4 id=\"editorial-de-1972-apresenta-alteracoes-graficas-e-editoriais-para-aumentar-sua-aproximacao-com-os-leitores\"><span style=\"color: #808080;\">Editorial de 1972 apresenta altera\u00e7\u00f5es gr\u00e1ficas e editoriais para aumentar sua aproxima\u00e7\u00e3o com os leitores<\/span><\/h4>\n<p><em>\u00a0<\/em><\/p>\n<p><a href=\"https:\/\/revistacienciaecultura.org.br\/\"><strong><span style=\"color: #800000;\">Ci\u00eancia &amp; Cultura<\/span><\/strong><\/a> muda, a partir deste n\u00famero, algumas de suas fei\u00e7\u00f5es. Na verdade, n\u00e3o h\u00e1 mudan\u00e7a, por\u00e9m retorno a algumas de suas caracter\u00edsticas que de in\u00edcio a marcaram. N\u00e3o h\u00e1, por\u00e9m, nisso, nega\u00e7\u00e3o dos progressos realizados na \u00faltima fase por que passou. Pelo contr\u00e1rio: qualquer observador desapaixonado observar\u00e1 que, enquanto dirigida pelo Prof. Dr. Luis Edmundo Magalh\u00e3es, esta revista aprimorou seu padr\u00e3o cient\u00edfico, que ser\u00e1 intransigentemente mantido.<\/p>\n<p>Era preciso, entretanto, sem preju\u00edzo da publica\u00e7\u00e3o de trabalhos cient\u00edficos originais, aumentar a comunica\u00e7\u00e3o da <span style=\"color: #800000;\"><a style=\"color: #800000;\" href=\"https:\/\/revistacienciaecultura.org.br\/\"><strong>Ci\u00eancia &amp; Cultura<\/strong><\/a><\/span> com todo o seu largo p\u00fablico, de modo que este, e n\u00e3o apenas os especialistas nos assuntos versados nas comunica\u00e7\u00f5es originais, encontre mat\u00e9ria de leitura e informa\u00e7\u00e3o em cada n\u00famero.<\/p>\n<h6 id=\"figura-1-capa-da-primeira-edicao-de-1972foto-acervo\" style=\"text-align: center;\"><img loading=\"lazy\" class=\"aligncenter wp-image-6156\" src=\"https:\/\/revistacienciaecultura.org.br\/wp-content\/uploads\/2024\/06\/CC-2E24-editorial-1972-figura1-207x300.jpg\" alt=\"\" width=\"345\" height=\"500\" srcset=\"https:\/\/revistacienciaecultura.org.br\/wp-content\/uploads\/2024\/06\/CC-2E24-editorial-1972-figura1-207x300.jpg 207w, https:\/\/revistacienciaecultura.org.br\/wp-content\/uploads\/2024\/06\/CC-2E24-editorial-1972-figura1-707x1024.jpg 707w, https:\/\/revistacienciaecultura.org.br\/wp-content\/uploads\/2024\/06\/CC-2E24-editorial-1972-figura1-768x1112.jpg 768w, https:\/\/revistacienciaecultura.org.br\/wp-content\/uploads\/2024\/06\/CC-2E24-editorial-1972-figura1-1060x1536.jpg 1060w, https:\/\/revistacienciaecultura.org.br\/wp-content\/uploads\/2024\/06\/CC-2E24-editorial-1972-figura1-8x12.jpg 8w, https:\/\/revistacienciaecultura.org.br\/wp-content\/uploads\/2024\/06\/CC-2E24-editorial-1972-figura1-800x1159.jpg 800w, https:\/\/revistacienciaecultura.org.br\/wp-content\/uploads\/2024\/06\/CC-2E24-editorial-1972-figura1-1160x1680.jpg 1160w, https:\/\/revistacienciaecultura.org.br\/wp-content\/uploads\/2024\/06\/CC-2E24-editorial-1972-figura1.jpg 1356w\" sizes=\"(max-width: 345px) 100vw, 345px\" \/><br \/>\n<strong>Figura 1. Capa da primeira edi\u00e7\u00e3o de 1972<br \/>\n<\/strong>(Foto: Acervo)<\/h6>\n<p>&nbsp;<\/p>\n<p>Pretende-se conseguir esse objetivo desenvolvendo a publica\u00e7\u00e3o, na primeira parte de cada n\u00famero, de artigos gerais, de atualiza\u00e7\u00e3o de determinados setores, aumentando a colabora\u00e7\u00e3o de cientistas fora da \u00e1rea das Ci\u00eancias exatas e naturais, alargando os notici\u00e1rios e coment\u00e1rios que interessem diretamente aos cientistas e amigos da Ci\u00eancia, estendendo a se\u00e7\u00e3o de cr\u00edtica e registro de livros, animando a participa\u00e7\u00e3o dos leitores pela publica\u00e7\u00e3o destacada de cartas \u00e0 reda\u00e7\u00e3o, assim como de coment\u00e1rios e not\u00edcias que \u00e0 reda\u00e7\u00e3o apre\u00e7am cab\u00edveis, dentro dos objetivos da revista.<\/p>\n<p>Introduziram-se altera\u00e7\u00f5es gr\u00e1ficas, que come\u00e7am a delinear-se neste n\u00famero. Para que as outras partes possam ganhar o relevo que merecem, devem restringir o tamanho de cada comunica\u00e7\u00e3o original, limitada ao estritamente essencial para comunicar o fato ou a ideia novos.<\/p>\n<p>&nbsp;<\/p>\n<h4 id=\"na-verdade-nao-ha-mudanca-porem-retorno-a-algumas-de-suas-caracteristicas-que-de-inicio-a-marcaram\" style=\"text-align: center;\"><span style=\"color: #800000;\"><em>\u201cNa verdade, n\u00e3o h\u00e1 mudan\u00e7a, por\u00e9m retorno a algumas de suas caracter\u00edsticas que de in\u00edcio a marcaram.\u201d<\/em><\/span><\/h4>\n<p>&nbsp;<\/p>\n<p>Como havia trabalhos j\u00e1 aprovados para publica\u00e7\u00e3o dentro dos crit\u00e9rios anteriores, os primeiros n\u00fameros da <span style=\"color: #800000;\"><a style=\"color: #800000;\" href=\"https:\/\/revistacienciaecultura.org.br\/\"><strong>Ci\u00eancia &amp; Cultura<\/strong><\/a><\/span> este ano ainda apresentar\u00e3o aspecto de transi\u00e7\u00e3o. Acreditamos, por\u00e9m, que o n\u00famero que entregamos hoje ao p\u00fablico possa servir, sen\u00e3o como modelo, ao menos como exemplo de como a diretoria da <a href=\"https:\/\/portal.sbpcnet.org.br\/\"><strong>SBPC<\/strong><\/a> espera que seja a fei\u00e7\u00e3o de sua revista.<\/p>\n<p>Para assegurar a continua\u00e7\u00e3o do elevado padr\u00e3o cient\u00edfico atingido pela revista, seu editor ser\u00e1 assistido por um corpo redatorial da mais alta categoria, assim como por um jornalista especializado em divulga\u00e7\u00e3o e notici\u00e1rio cient\u00edfico.<\/p>\n<h6 id=\"figura-2-jose-reis-idealizar-e-editor-da-ciencia-cultura-de-1949-1954-e-de-1972-1986-foto-acervo-reproducao\" style=\"text-align: center;\"><img loading=\"lazy\" class=\"aligncenter wp-image-6157\" src=\"https:\/\/revistacienciaecultura.org.br\/wp-content\/uploads\/2024\/06\/CC-2E24-editorial-1972-figura2-219x300.jpg\" alt=\"\" width=\"365\" height=\"500\" srcset=\"https:\/\/revistacienciaecultura.org.br\/wp-content\/uploads\/2024\/06\/CC-2E24-editorial-1972-figura2-219x300.jpg 219w, https:\/\/revistacienciaecultura.org.br\/wp-content\/uploads\/2024\/06\/CC-2E24-editorial-1972-figura2-747x1024.jpg 747w, https:\/\/revistacienciaecultura.org.br\/wp-content\/uploads\/2024\/06\/CC-2E24-editorial-1972-figura2-768x1052.jpg 768w, https:\/\/revistacienciaecultura.org.br\/wp-content\/uploads\/2024\/06\/CC-2E24-editorial-1972-figura2-9x12.jpg 9w, https:\/\/revistacienciaecultura.org.br\/wp-content\/uploads\/2024\/06\/CC-2E24-editorial-1972-figura2-800x1096.jpg 800w, https:\/\/revistacienciaecultura.org.br\/wp-content\/uploads\/2024\/06\/CC-2E24-editorial-1972-figura2.jpg 883w\" sizes=\"(max-width: 365px) 100vw, 365px\" \/><br \/>\n<strong>Figura 2. Jos\u00e9 Reis, idealizar e editor da Ci\u00eancia &amp; Cultura de 1949-1954 e de 1972-1986.<br \/>\n<\/strong>(Foto: Acervo. Reprodu\u00e7\u00e3o)<\/h6>\n<p>&nbsp;<\/p>\n<p>Gra\u00e7as ao aux\u00edlio prestado pelo Conselho Nacional de Pesquisas, <span style=\"color: #800000;\"><a style=\"color: #800000;\" href=\"https:\/\/revistacienciaecultura.org.br\/\"><strong>Ci\u00eancia &amp; Cultura<\/strong><\/a><\/span> circular\u00e1 mensalmente, com n\u00fameros de cerca de 100 p\u00e1ginas cada um.<\/p>\n<p>Terminando, resta consignar aqui a express\u00e3o de nossa admira\u00e7\u00e3o pelo trabalho realizado pelo Prof. Dr. Luis Edmundo Magalh\u00e3es, que nos antecedeu na \u00e1rdua tarefa de organizar e publicar a revista.<\/p>\n<p>&nbsp;<\/p>\n<h4 id=\"era-preciso-entretanto-aumentar-a-comunicacao-da-ciencia-cultura-com-todo-o-seu-largo-publico-de-modo-que-este-e-nao-apenas-os-especialistas-nos-assuntos-versados-nas-comunicacoes-o\" style=\"text-align: center;\"><span style=\"color: #800000;\"><em>\u201cEra preciso, entretanto, aumentar a comunica\u00e7\u00e3o da Ci\u00eancia &amp; Cultura com todo o seu largo p\u00fablico, de modo que este, e n\u00e3o apenas os especialistas nos assuntos versados nas comunica\u00e7\u00f5es originais, encontre mat\u00e9ria de leitura e informa\u00e7\u00e3o em cada n\u00famero.\u201d<\/em><\/span><\/h4>\n<p>&nbsp;<\/p>\n<p>Como o Conselho Editorial s\u00f3 ficou definitivamente constitu\u00eddo depois de preparado este n\u00famero, n\u00e3o lhe cabe responsabilidade alguma pelo que nele vem publicado.<\/p>\n<hr \/>\n<h6 id=\"texto-publicado-originalmente-emreis-jose-editorial-cienc-cult-1972-vol-24-n-1\"><strong>Texto publicado originalmente em:<br \/>\n<\/strong>REIS, Jos\u00e9.\u00a0Editorial.<em>\u00a0Cienc. Cult.<\/em>\u00a01972, vol.24, n.1.<\/h6>\n<h6 id=\"leia-o-texto-original-emhttps-memoria-bn-gov-br-docreader-docreader-aspxbib003069pagfis1\"><strong>Leia o texto original em:<br \/>\n<\/strong><a href=\"https:\/\/memoria.bn.gov.br\/docreader\/DocReader.aspx?bib=003069&amp;pagfis=1\">https:\/\/memoria.bn.gov.br\/docreader\/DocReader.aspx?bib=003069&amp;pagfis=1<\/a><\/h6>\n<h6 id=\"esse-texto-foi-atualizado-segundo-o-novo-acordo-ortografico-da-lingua-portuguesa\"><em>* Esse texto foi atualizado segundo o novo Acordo\u00a0Ortogr\u00e1fico da\u00a0L\u00edngua Portuguesa.<\/em><\/h6>\n<hr \/>\n<h6 id=\"capa-revista-reformula-se-para-buscar-se-aproximar-de-leitores-cientistas-e-nao-cientistasfonte-coc-fiocruz-reproducao\"><strong>Capa. Revista reformula-se para buscar se aproximar de leitores cientistas e n\u00e3o cientistas<br \/>\n<\/strong>(Fonte: COC\/Fiocruz. Reprodu\u00e7\u00e3o)<\/h6>\n","protected":false},"excerpt":{"rendered":"Editorial de 1972 apresenta altera\u00e7\u00f5es gr\u00e1ficas e editoriais para aumentar sua aproxima\u00e7\u00e3o&hellip;\n","protected":false},"author":200,"featured_media":6158,"comment_status":"open","ping_status":"open","sticky":false,"template":"","format":"standard","meta":[],"categories":[52,21],"tags":[],"acf":[],"_links":{"self":[{"href":"https:\/\/revistacienciaecultura.org.br\/index.php?rest_route=\/wp\/v2\/posts\/6155"}],"collection":[{"href":"https:\/\/revistacienciaecultura.org.br\/index.php?rest_route=\/wp\/v2\/posts"}],"about":[{"href":"https:\/\/revistacienciaecultura.org.br\/index.php?rest_route=\/wp\/v2\/types\/post"}],"author":[{"embeddable":true,"href":"https:\/\/revistacienciaecultura.org.br\/index.php?rest_route=\/wp\/v2\/users\/200"}],"replies":[{"embeddable":true,"href":"https:\/\/revistacienciaecultura.org.br\/index.php?rest_route=%2Fwp%2Fv2%2Fcomments&post=6155"}],"version-history":[{"count":2,"href":"https:\/\/revistacienciaecultura.org.br\/index.php?rest_route=\/wp\/v2\/posts\/6155\/revisions"}],"predecessor-version":[{"id":6160,"href":"https:\/\/revistacienciaecultura.org.br\/index.php?rest_route=\/wp\/v2\/posts\/6155\/revisions\/6160"}],"wp:featuredmedia":[{"embeddable":true,"href":"https:\/\/revistacienciaecultura.org.br\/index.php?rest_route=\/wp\/v2\/media\/6158"}],"wp:attachment":[{"href":"https:\/\/revistacienciaecultura.org.br\/index.php?rest_route=%2Fwp%2Fv2%2Fmedia&parent=6155"}],"wp:term":[{"taxonomy":"category","embeddable":true,"href":"https:\/\/revistacienciaecultura.org.br\/index.php?rest_route=%2Fwp%2Fv2%2Fcategories&post=6155"},{"taxonomy":"post_tag","embeddable":true,"href":"https:\/\/revistacienciaecultura.org.br\/index.php?rest_route=%2Fwp%2Fv2%2Ftags&post=6155"}],"curies":[{"name":"wp","href":"https:\/\/api.w.org\/{rel}","templated":true}]}}