{"id":6167,"date":"2024-07-01T08:00:10","date_gmt":"2024-07-01T08:00:10","guid":{"rendered":"https:\/\/revistacienciaecultura.org.br\/?p=6167"},"modified":"2024-06-27T18:05:24","modified_gmt":"2024-06-27T18:05:24","slug":"volta-as-raizes","status":"publish","type":"post","link":"https:\/\/revistacienciaecultura.org.br\/?p=6167","title":{"rendered":"Volta \u00e0s ra\u00edzes"},"content":{"rendered":"<h4 id=\"em-2002-revista-volta-a-ser-publicada-em-portugues-e-passa-a-seguir-uma-linha-tematica\"><span style=\"color: #999999;\">Em 2002 revista volta a ser publicada em portugu\u00eas e passa a seguir uma linha tem\u00e1tica<\/span><\/h4>\n<p>&nbsp;<\/p>\n<p>A\u00a0revista\u00a0<a href=\"https:\/\/revistacienciaecultura.org.br\/\"><strong><span style=\"color: #800000;\">Ci\u00eancia &amp; Cultura<\/span><em><span style=\"color: #800000;\">\u00a0<\/span><\/em><\/strong><\/a>nasceu em 1949, um ano depois da funda\u00e7\u00e3o da <a href=\"https:\/\/portal.sbpcnet.org.br\/\"><strong>SBPC<\/strong><\/a>. Teve em sua equipe de reda\u00e7\u00e3o Jos\u00e9 Reis, Marcello Damy de Souza Santos, Heinrich Rheinboldt, Viktor Leinz e Carlos Arnaldo Krug, al\u00e9m de Newton Freire-Maia, como secret\u00e1rio de reda\u00e7\u00e3o.<\/p>\n<p>Jos\u00e9 Reis, a quem \u00e9 dedicada,\u00a0<em>in memoriam<\/em>, a revista nesta sua terceira fase, foi seu idealizador, dirigindo-a por dois longos per\u00edodos: o primeiro, de 1949 a 1954; o segundo, de 1972 a 1985.<\/p>\n<p>&nbsp;<\/p>\n<h4 id=\"o-projeto-editorial-da-revista-para-esta-terceira-fase-condensou-no-binomio-temas-e-tendencias-o-seu-novo-formato\" style=\"text-align: center;\"><span style=\"color: #800000;\"><em>\u201cO projeto editorial da revista para esta terceira fase condensou no bin\u00f4mio Temas e Tend\u00eancias o seu novo formato.\u201d<\/em><\/span><\/h4>\n<p>&nbsp;<\/p>\n<p>Em 1991, a partir do volume 43, a revista, tendo como editor Luiz Rodolpho Travassos, sai, bimestralmente, em ingl\u00eas e cumpre, com qualidade e esmero, os objetivos de difus\u00e3o cient\u00edfica a que se propunha.<\/p>\n<p>Na Reuni\u00e3o Anual de julho de 2000, em Bras\u00edlia, o Conselho Deliberativo da SBPC decidiu que a\u00a0<a href=\"https:\/\/revistacienciaecultura.org.br\/\"><strong><span style=\"color: #800000;\">Ci\u00eancia &amp; Cultura<\/span><\/strong><\/a>, adotando uma linha mais tem\u00e1tica, deveria voltar a ser publicada em portugu\u00eas.<\/p>\n<h6 id=\"figura-1-capa-da-primeira-edicao-de-2002-da-revista-ciencia-culturafoto-acervo\" style=\"text-align: center;\"><img loading=\"lazy\" class=\"aligncenter wp-image-6168\" src=\"https:\/\/revistacienciaecultura.org.br\/wp-content\/uploads\/2024\/06\/CC-2E24-editorial-2002-figura1-214x300.jpg\" alt=\"\" width=\"357\" height=\"500\" srcset=\"https:\/\/revistacienciaecultura.org.br\/wp-content\/uploads\/2024\/06\/CC-2E24-editorial-2002-figura1-214x300.jpg 214w, https:\/\/revistacienciaecultura.org.br\/wp-content\/uploads\/2024\/06\/CC-2E24-editorial-2002-figura1-732x1024.jpg 732w, https:\/\/revistacienciaecultura.org.br\/wp-content\/uploads\/2024\/06\/CC-2E24-editorial-2002-figura1-768x1075.jpg 768w, https:\/\/revistacienciaecultura.org.br\/wp-content\/uploads\/2024\/06\/CC-2E24-editorial-2002-figura1-1098x1536.jpg 1098w, https:\/\/revistacienciaecultura.org.br\/wp-content\/uploads\/2024\/06\/CC-2E24-editorial-2002-figura1-1464x2048.jpg 1464w, https:\/\/revistacienciaecultura.org.br\/wp-content\/uploads\/2024\/06\/CC-2E24-editorial-2002-figura1-9x12.jpg 9w, https:\/\/revistacienciaecultura.org.br\/wp-content\/uploads\/2024\/06\/CC-2E24-editorial-2002-figura1-800x1119.jpg 800w, https:\/\/revistacienciaecultura.org.br\/wp-content\/uploads\/2024\/06\/CC-2E24-editorial-2002-figura1-1160x1623.jpg 1160w, https:\/\/revistacienciaecultura.org.br\/wp-content\/uploads\/2024\/06\/CC-2E24-editorial-2002-figura1.jpg 1691w\" sizes=\"(max-width: 357px) 100vw, 357px\" \/><br \/>\n<strong>Figura 1. Capa da primeira edi\u00e7\u00e3o de 2002 da revista Ci\u00eancia &amp; Cultura<br \/>\n<\/strong>(Foto: Acervo)<\/h6>\n<p>&nbsp;<\/p>\n<p>Seguindo essa recomenda\u00e7\u00e3o, o projeto editorial da revista para esta terceira fase, dispon\u00edvel na p\u00e1gina\u00a0<a href=\"http:\/\/www.sbpcnet.org.br\/\"><strong><em><span style=\"color: #800000;\">http:\/\/www.sbpcnet.org.br<\/span><\/em><\/strong><\/a>, da <a href=\"https:\/\/portal.sbpcnet.org.br\/\"><strong><span style=\"color: #800000;\">SBPC<\/span><\/strong><\/a>, condensou no bin\u00f4mio\u00a0<strong><em>Temas e Tend\u00eancias<\/em><\/strong>\u00a0o seu novo formato.<\/p>\n<p>Foi escolhido, pela sua import\u00e2ncia cient\u00edfica, atualidade, relev\u00e2ncia e alcance sociais o tema da\u00a0<strong>Viol\u00eancia<\/strong>,\u00a0e, convidado o professor S\u00e9rgio Adorno, do N\u00facleo de Estudos da Viol\u00eancia, da USP, para coordenar a produ\u00e7\u00e3o dos artigos que integram o n\u00facleo tem\u00e1tico deste primeiro n\u00famero da\u00a0<span style=\"color: #800000;\"><a style=\"color: #800000;\" href=\"https:\/\/revistacienciaecultura.org.br\/\"><strong>Ci\u00eancia &amp; Cultura<\/strong><\/a><\/span>, na verdade, o n\u00famero 54 de sua j\u00e1 longa hist\u00f3ria.<\/p>\n<p>&nbsp;<\/p>\n<h4 id=\"possamos-nos-todos-os-que-integram-o-corpo-editorial-da-revista-cumprir-retomando-o-do-inicio-e-renovando-o-sempre-o-papel-que-jose-reis-e-seus-colaboradores-tao-bem-desenharam\" style=\"text-align: center;\"><span style=\"color: #800000;\"><em>\u201cPossamos n\u00f3s, todos os que integram o corpo editorial da revista, cumprir, retomando-o do in\u00edcio e renovando-o sempre, o papel que Jos\u00e9 Reis e seus colaboradores t\u00e3o bem desenharam.\u201d<\/em><\/span><\/h4>\n<p>&nbsp;<\/p>\n<p>A revista continua a contar com o apoio do <span style=\"color: #800000;\"><a style=\"color: #800000;\" href=\"https:\/\/www.gov.br\/cnpq\/pt-br\"><strong>CNPq<\/strong><\/a>,<\/span> traz o apoio da <span style=\"color: #800000;\"><a style=\"color: #800000;\" href=\"https:\/\/fapesp.br\/\"><strong>Fapesp<\/strong><\/a><\/span>, teve o apoio do Instituto Uniemp para a elabora\u00e7\u00e3o e desenvolvimento gr\u00e1fico de seu projeto, \u00e9 realizada com o suporte t\u00e9cnico do <span style=\"color: #800000;\"><a style=\"color: #800000;\" href=\"https:\/\/www.labjor.unicamp.br\/\"><strong>Laborat\u00f3rio de Estudos Avan\u00e7ados em Jornalismo (Labjor)<\/strong><\/a><\/span>, da Unicamp, e tem como autores institucionais a <span style=\"color: #800000;\"><a style=\"color: #800000;\" href=\"https:\/\/portal.sbpcnet.org.br\/\"><strong>SBPC<\/strong><\/a><\/span> e a Imprensa Oficial do Estado de S\u00e3o Paulo.<\/p>\n<p>\u201c<a href=\"https:\/\/revistacienciaecultura.org.br\/\"><strong><span style=\"color: #800000;\">Ci\u00eancia &amp; Cultura<\/span><\/strong><\/a>, que hoje se apresenta ao p\u00fablico cient\u00edfico e a todos os que se interessam pelos problemas da Ci\u00eancia, \u00e9 [&#8230;] \u00f3rg\u00e3o da Sociedade Brasileira para o Progresso da Ci\u00eancia. Aparecer\u00e1 quatro vezes por ano, com artigos e notas originais, al\u00e9m de variada informa\u00e7\u00e3o que sirva para difundir n\u00e3o s\u00f3 os conhecimentos que a Ci\u00eancia vai acumulando, mas tamb\u00e9m os dados relativos \u00e0 proje\u00e7\u00e3o desses conhecimentos na sociedade. Espera ainda a revista, como \u00f3rg\u00e3o que \u00e9 da SBPC, servir de aproxima\u00e7\u00e3o dos cientistas entre si, e destes com o p\u00fablico, entre todos desenvolvendo forte e indispens\u00e1vel sentimento de solidariedade e compreens\u00e3o.\u201d<\/p>\n<p>Possamos n\u00f3s, todos os que integram o corpo editorial da revista, cientistas e jornalistas, cumprir, retomando-o do in\u00edcio e renovando-o sempre, o papel que Jos\u00e9 Reis e seus colaboradores t\u00e3o bem desenharam no texto acima, de apresenta\u00e7\u00e3o do Volume 1, n.\u00ba 1-2 da\u00a0<a href=\"https:\/\/revistacienciaecultura.org.br\/\"><strong><span style=\"color: #800000;\">Ci\u00eancia &amp; Cultura<\/span><\/strong><\/a>, de janeiro e abril de 1949.<\/p>\n<hr \/>\n<h6 id=\"texto-publicado-originalmente-emvogt-carlos-editorial-cienc-cult-2002-vol-54-n-1\"><strong>Texto publicado originalmente em:<br \/>\n<\/strong>Vogt, Carlos.\u00a0Editorial.<em>\u00a0Cienc. Cult.<\/em>\u00a02002, vol.54, n.1.<\/h6>\n<h6 id=\"leia-o-texto-original-emhttp-cienciaecultura-bvs-br-scielo-phpscriptsci_arttextpids0009-67252002000100001lngptnrmisotlngpt\"><strong>Leia o texto original em:<br \/>\n<\/strong><a href=\"http:\/\/cienciaecultura.bvs.br\/scielo.php?script=sci_arttext&amp;pid=S0009-67252002000100001&amp;lng=pt&amp;nrm=iso&amp;tlng=pt\">http:\/\/cienciaecultura.bvs.br\/scielo.php?script=sci_arttext&amp;pid=S0009-67252002000100001&amp;lng=pt&amp;nrm=iso&amp;tlng=pt<\/a><\/h6>\n<hr \/>\n<h6 id=\"capa-ciencia-cultura-inaugura-nova-fase-em-2002-contando-com-um-nucleo-tematico-e-com-o-apoio-do-labjorfoto-centro-de-memoria-sbpc-reproducao\"><strong>Capa. Ci\u00eancia &amp; Cultura inaugura nova fase em 2002, contando com um n\u00facleo tem\u00e1tico e com o apoio do Labjor<br \/>\n<\/strong>(Foto: Centro de Mem\u00f3ria SBPC. Reprodu\u00e7\u00e3o)<\/h6>\n","protected":false},"excerpt":{"rendered":"Em 2002 revista volta a ser publicada em portugu\u00eas e passa a&hellip;\n","protected":false},"author":198,"featured_media":6169,"comment_status":"open","ping_status":"open","sticky":false,"template":"","format":"standard","meta":[],"categories":[52,21],"tags":[],"acf":[],"_links":{"self":[{"href":"https:\/\/revistacienciaecultura.org.br\/index.php?rest_route=\/wp\/v2\/posts\/6167"}],"collection":[{"href":"https:\/\/revistacienciaecultura.org.br\/index.php?rest_route=\/wp\/v2\/posts"}],"about":[{"href":"https:\/\/revistacienciaecultura.org.br\/index.php?rest_route=\/wp\/v2\/types\/post"}],"author":[{"embeddable":true,"href":"https:\/\/revistacienciaecultura.org.br\/index.php?rest_route=\/wp\/v2\/users\/198"}],"replies":[{"embeddable":true,"href":"https:\/\/revistacienciaecultura.org.br\/index.php?rest_route=%2Fwp%2Fv2%2Fcomments&post=6167"}],"version-history":[{"count":3,"href":"https:\/\/revistacienciaecultura.org.br\/index.php?rest_route=\/wp\/v2\/posts\/6167\/revisions"}],"predecessor-version":[{"id":6424,"href":"https:\/\/revistacienciaecultura.org.br\/index.php?rest_route=\/wp\/v2\/posts\/6167\/revisions\/6424"}],"wp:featuredmedia":[{"embeddable":true,"href":"https:\/\/revistacienciaecultura.org.br\/index.php?rest_route=\/wp\/v2\/media\/6169"}],"wp:attachment":[{"href":"https:\/\/revistacienciaecultura.org.br\/index.php?rest_route=%2Fwp%2Fv2%2Fmedia&parent=6167"}],"wp:term":[{"taxonomy":"category","embeddable":true,"href":"https:\/\/revistacienciaecultura.org.br\/index.php?rest_route=%2Fwp%2Fv2%2Fcategories&post=6167"},{"taxonomy":"post_tag","embeddable":true,"href":"https:\/\/revistacienciaecultura.org.br\/index.php?rest_route=%2Fwp%2Fv2%2Ftags&post=6167"}],"curies":[{"name":"wp","href":"https:\/\/api.w.org\/{rel}","templated":true}]}}