{"id":6173,"date":"2024-07-01T08:00:28","date_gmt":"2024-07-01T08:00:28","guid":{"rendered":"https:\/\/revistacienciaecultura.org.br\/?p=6173"},"modified":"2024-11-08T13:55:46","modified_gmt":"2024-11-08T13:55:46","slug":"sbpc-70-anos","status":"publish","type":"post","link":"https:\/\/revistacienciaecultura.org.br\/?p=6173","title":{"rendered":"SBPC 70 anos"},"content":{"rendered":"<h4 id=\"edicao-de-2018-comemora-as-sete-decadas-da-sociedade-brasileira-para-o-progresso-da-ciencia\"><span style=\"color: #808080;\">Edi\u00e7\u00e3o de 2018 comemora as sete d\u00e9cadas da Sociedade Brasileira para o Progresso da Ci\u00eancia<\/span><\/h4>\n<p>&nbsp;<\/p>\n<p>Setenta anos se passaram desde que um grupo de cientistas brasileiros, em julho de 1948, decidiu fundar uma sociedade para o fortalecimento da ci\u00eancia nacional, nos moldes do que j\u00e1 havia em outros pa\u00edses. Em um contexto de p\u00f3s-guerra, o mundo todo percebia a import\u00e2ncia da ci\u00eancia para o desenvolvimento econ\u00f4mico e social das na\u00e7\u00f5es. <span style=\"color: #800000;\"><a style=\"color: #800000;\" href=\"https:\/\/sbpcacervodigital.org.br\/home\"><strong>A trajet\u00f3ria da nossa Sociedade Brasileira para o Progresso da Ci\u00eancia (SBPC)<\/strong><\/a><\/span> se confunde com a pr\u00f3pria hist\u00f3ria do pa\u00eds das \u00faltimas sete d\u00e9cadas. A institucionaliza\u00e7\u00e3o do sistema de ci\u00eancia e tecnologia e da p\u00f3s-gradua\u00e7\u00e3o nacional come\u00e7ou a ser solidificada nos anos seguintes da funda\u00e7\u00e3o da entidade, quando foram criados, no in\u00edcio da d\u00e9cada de 1950, o <span style=\"color: #800000;\"><a style=\"color: #800000;\" href=\"https:\/\/www.gov.br\/cnpq\/pt-br\"><strong>Conselho Nacional de Desenvolvimento Cient\u00edfico e Tecnol\u00f3gico (CNPq)<\/strong><\/a><\/span> e a <span style=\"color: #800000;\"><a style=\"color: #800000;\" href=\"https:\/\/www.gov.br\/capes\/pt-br\"><strong>Coordena\u00e7\u00e3o de Aperfei\u00e7oamento de Pessoal de N\u00edvel Superior (Capes)<\/strong><\/a><\/span>, com importante participa\u00e7\u00e3o da SBPC. No dom\u00ednio da educa\u00e7\u00e3o, a SBPC teve papel relevante na d\u00e9cada seguinte, no estabelecimento da Lei de Diretrizes e Bases e na cria\u00e7\u00e3o da <span style=\"color: #800000;\"><a style=\"color: #800000;\" href=\"Universidade%2520de%2520Bras%25C3%25ADlia%2520(UnB)\"><strong>Universidade de Bras\u00edlia (UnB)<\/strong><\/a><\/span>. Durante o regime militar, a SBPC teve um papel fundamental na luta pela democracia e direitos humanos no pa\u00eds, foi aguerrida e batalhou contra a persegui\u00e7\u00e3o de pesquisadores, professores e alunos. A realiza\u00e7\u00e3o da 29<sup>a<\/sup> Reuni\u00e3o Anual, na <span style=\"color: #800000;\"><a style=\"color: #800000;\" href=\"Pontif%25C3%25ADcia%2520Universidade%2520Cat%25C3%25B3lica%2520de%2520S%25C3%25A3o%2520Paulo%2520(PUC-SP)\"><strong>Pontif\u00edcia Universidade Cat\u00f3lica de S\u00e3o Paulo (PUC-SP)<\/strong><\/a><\/span>, foi um marco da resist\u00eancia contra as interfer\u00eancias que buscavam ferir a autonomia das universidades e dos institutos de pesquisa e pela redemocratiza\u00e7\u00e3o do pa\u00eds. Durante a Constituinte, a SBPC teve uma fun\u00e7\u00e3o importante na inser\u00e7\u00e3o de cap\u00edtulos e artigos na Constitui\u00e7\u00e3o sobre ci\u00eancia, tecnologia, educa\u00e7\u00e3o e direitos humanos. Empenhou-se, nos anos seguintes, no processo de cria\u00e7\u00e3o das funda\u00e7\u00f5es de amparo \u00e0 pesquisa (FAPs), que se espalharam por quase todos os estados brasileiros.<\/p>\n<p>&nbsp;<\/p>\n<h4 id=\"a-trajetoria-da-nossa-sociedade-brasileira-para-o-progresso-da-ciencia-sbpc-se-confunde-com-a-propria-historia-do-pais-das-ultimas-sete-decadas\" style=\"text-align: center;\"><span style=\"color: #800000;\"><em>\u201cA trajet\u00f3ria da nossa Sociedade Brasileira para o Progresso da Ci\u00eancia (SBPC) se confunde com a pr\u00f3pria hist\u00f3ria do pa\u00eds das \u00faltimas sete d\u00e9cadas.\u201d<\/em><\/span><\/h4>\n<p>&nbsp;<\/p>\n<p>Os 70 anos da SBPC est\u00e3o sendo celebrados em todas as regi\u00f5es do Brasil. \u00c9 significativa a quantidade de eventos e reuni\u00f5es comemorativas, que mais do que celebrar e resgatar a mem\u00f3ria da SBPC dessas sete d\u00e9cadas, buscam tamb\u00e9m trazer propostas da comunidade cient\u00edfica para a constru\u00e7\u00e3o de um pa\u00eds melhor. Exemplos s\u00e3o os semin\u00e1rios da s\u00e9rie \u201cPol\u00edticas p\u00fablicas para o Brasil que queremos\u201d, que ao longo de 2018 t\u00eam reunido a comunidade acad\u00eamica para debater e pensar em estrat\u00e9gias para a melhoria do pa\u00eds em \u00e1reas como educa\u00e7\u00e3o \u2013 em todos os n\u00edveis \u2013, desenvolvimento sustent\u00e1vel, Amaz\u00f4nia, sa\u00fade p\u00fablica, direitos humanos, democratiza\u00e7\u00e3o da comunica\u00e7\u00e3o e, claro, ci\u00eancia, tecnologia e inova\u00e7\u00e3o no Brasil.<\/p>\n<h6 id=\"figura-1-capa-da-terceira-edicao-de-2018-da-ciencia-cultura-que-comemorou-os-70-anos-da-sbpcfoto-acervo\" style=\"text-align: center;\"><img loading=\"lazy\" class=\"aligncenter wp-image-6174\" src=\"https:\/\/revistacienciaecultura.org.br\/wp-content\/uploads\/2024\/06\/CC-2E24-editorial-2018-figura1-237x300.jpg\" alt=\"\" width=\"395\" height=\"500\" srcset=\"https:\/\/revistacienciaecultura.org.br\/wp-content\/uploads\/2024\/06\/CC-2E24-editorial-2018-figura1-237x300.jpg 237w, https:\/\/revistacienciaecultura.org.br\/wp-content\/uploads\/2024\/06\/CC-2E24-editorial-2018-figura1-809x1024.jpg 809w, https:\/\/revistacienciaecultura.org.br\/wp-content\/uploads\/2024\/06\/CC-2E24-editorial-2018-figura1-768x973.jpg 768w, https:\/\/revistacienciaecultura.org.br\/wp-content\/uploads\/2024\/06\/CC-2E24-editorial-2018-figura1-1213x1536.jpg 1213w, https:\/\/revistacienciaecultura.org.br\/wp-content\/uploads\/2024\/06\/CC-2E24-editorial-2018-figura1-9x12.jpg 9w, https:\/\/revistacienciaecultura.org.br\/wp-content\/uploads\/2024\/06\/CC-2E24-editorial-2018-figura1-800x1013.jpg 800w, https:\/\/revistacienciaecultura.org.br\/wp-content\/uploads\/2024\/06\/CC-2E24-editorial-2018-figura1-1160x1469.jpg 1160w, https:\/\/revistacienciaecultura.org.br\/wp-content\/uploads\/2024\/06\/CC-2E24-editorial-2018-figura1.jpg 1370w\" sizes=\"(max-width: 395px) 100vw, 395px\" \/><br \/>\n<strong>Figura 1. Capa da terceira edi\u00e7\u00e3o de 2018 da Ci\u00eancia &amp; Cultura, que comemorou os 70 anos da SBPC<br \/>\n<\/strong>(Foto: Acervo)<\/h6>\n<p>&nbsp;<\/p>\n<p>Neste N\u00facleo Tem\u00e1tico celebramos os 70 anos da SBPC a partir de sete artigos que abordam assuntos diferentes, mas todos eles relacionados \u00e0s diversas \u00e1reas de atua\u00e7\u00e3o da entidade ao longo da sua hist\u00f3ria. N\u00e3o se trata, no entanto, de um comp\u00eandio de mem\u00f3rias, mas sim de an\u00e1lises e reflex\u00f5es sobre os resultados e reflexos de a\u00e7\u00f5es da SBPC na ci\u00eancia brasileira de hoje, ou discuss\u00f5es sobre o que j\u00e1 se fez e o que vem sendo feito mais recentemente para que o Brasil do futuro esteja de fato inserido em uma sociedade na qual o conhecimento cient\u00edfico e tecnol\u00f3gico deve ser um instrumento essencial para o desenvolvimento econ\u00f4mico, para a redu\u00e7\u00e3o das desigualdades e para a melhoria da qualidade de vida para todos.<\/p>\n<p>&nbsp;<\/p>\n<h4 id=\"durante-o-regime-militar-a-sbpc-teve-um-papel-fundamental-na-luta-pela-democracia-e-direitos-humanos-no-pais-foi-aguerrida-e-batalhou-contra-a-perseguicao-de-pesquisadores-professores-e-al\" style=\"text-align: center;\"><span style=\"color: #800000;\"><em>\u201cDurante o regime militar, a SBPC teve um papel fundamental na luta pela democracia e direitos humanos no pa\u00eds, foi aguerrida e batalhou contra a persegui\u00e7\u00e3o de pesquisadores, professores e alunos.\u201d<\/em><\/span><\/h4>\n<p>&nbsp;<\/p>\n<p>Nos artigos que abrem o conjunto, dois grandes pesquisadores brasileiros relatam a sua experi\u00eancia na SBPC. No primeiro deles, Isaac Roitman, professor em\u00e9rito da UnB, relembra diferentes momentos de sua ativa participa\u00e7\u00e3o, no in\u00edcio da d\u00e9cada de 1990, quando foi representante da entidade no Movimento pela \u00c9tica na Pol\u00edtica, que teve importante papel no impeachment do ent\u00e3o presidente Fernando Collor de Mello; e nos anos 2000, quando coordenou o Pacto pela Educa\u00e7\u00e3o, projeto que trazia contribui\u00e7\u00f5es da SBPC para uma educa\u00e7\u00e3o de qualidade no pa\u00eds. Roitman discorre, ainda, sobre a import\u00e2ncia da SBPC Jovem para a divulga\u00e7\u00e3o e para a educa\u00e7\u00e3o cient\u00edfica.<\/p>\n<p>Aldo Malavasi \u00e9 outro pesquisador de reconhecimento mundial que teve a sua trajet\u00f3ria profundamente marcada pela atua\u00e7\u00e3o na SBPC. Ele participou da entidade de forma quase ininterrupta de 1993 a 2014, quando assumiu o cargo de diretor-geral adjunto de ci\u00eancias e aplica\u00e7\u00f5es nucleares da Ag\u00eancia Internacional de Energia At\u00f4mica (IAEA) da Organiza\u00e7\u00e3o das Na\u00e7\u00f5es Unidas (ONU), na Su\u00ed\u00e7a. O geneticista conta como a sua experi\u00eancia na SBPC influenciou a sua trajet\u00f3ria de pesquisa em gen\u00e9tica de insetos e na sua carreira de gestor em C&amp;T.<\/p>\n<p>&nbsp;<\/p>\n<h4 id=\"para-que-o-brasil-do-futuro-esteja-de-fato-inserido-em-uma-sociedade-na-qual-o-conhecimento-cientifico-e-tecnologico-deve-ser-um-instrumento-essencial-para-o-desenvolvimento-economico-para-a\" style=\"text-align: center;\"><span style=\"color: #800000;\"><em>\u201cPara que o Brasil do futuro esteja de fato inserido em uma sociedade na qual o conhecimento cient\u00edfico e tecnol\u00f3gico deve ser um instrumento essencial para o desenvolvimento econ\u00f4mico, para a redu\u00e7\u00e3o das desigualdades e para a melhoria da qualidade de vida para todos.\u201d<\/em><\/span><\/h4>\n<p>&nbsp;<\/p>\n<p>A presen\u00e7a das mulheres na hist\u00f3ria da ci\u00eancia brasileira \u00e9 abordada no artigo de Hildete Pereira de Melo, docente do Departamento de Economia da Universidade Federal Fluminense (UFF), com colabora\u00e7\u00e3o de Ligia Rodrigues, pesquisadora do Centro Brasileiro de Pesquisas F\u00edsicas (CBPF). As duas s\u00e3o autoras do livro<br \/>\n<em>\u201c<\/em><span style=\"color: #800000;\"><a style=\"color: #800000;\" href=\"https:\/\/portal.sbpcnet.org.br\/publicacoes\/pioneiras-da-ciencia-no-brasil\/#:~:text=O%20livro%20Pioneiras%20da%20Ci%C3%AAncia,Melo%20e%20Ligia%20M.%20C.%20S.%20Rodrigues.\"><strong><em>Pioneiras da ci\u00eancia no Brasil<\/em><\/strong><\/a><\/span><em>\u201d<\/em>, publicado em 2006 pela SBPC. O estudo, comentado e atualizado no artigo, mostrou a import\u00e2ncia de v\u00e1rias mulheres, de diversas \u00e1reas cient\u00edficas no pa\u00eds, que nem sempre tiveram a visibilidade que merecem.<\/p>\n<p>A p\u00f3s-gradua\u00e7\u00e3o, que tem um papel fundamental na forma\u00e7\u00e3o de recursos humanos e na produ\u00e7\u00e3o cient\u00edfica nacional, \u00e9 tema de artigo de Carlos Alexandre Netto, docente do Departamento de Bioqu\u00edmica da Universidade Federal do Rio Grande do Sul (UFRGS) e conselheiro da SBPC. Netto traz elementos do documento propositivo elaborado por uma comiss\u00e3o da SBPC, enviado em abril deste ano \u00e0 Comiss\u00e3o Especial de Acompanhamento do Programa Nacional de P\u00f3s-Gradua\u00e7\u00e3o (PNPG) da Capes, com uma proposta para a discuss\u00e3o de um novo modelo de avalia\u00e7\u00e3o da p\u00f3s-gradua\u00e7\u00e3o no pa\u00eds.<\/p>\n<p>Exemplo recente do comprometimento da SBPC com a formula\u00e7\u00e3o de pol\u00edticas p\u00fablicas no Brasil, a Pol\u00edtica Nacional sobre Drogas \u00e9 tema de artigo de Sidarta Ribeiro, professor titular e diretor do Instituto do C\u00e9rebro da Universidade Federal do Rio Grande do Norte (UFRN). O texto traz um breve panorama sobre o uso de drogas no Brasil e no mundo e aponta a urg\u00eancia da necessidade de inclus\u00e3o do debate cient\u00edfico dessa quest\u00e3o na pol\u00edtica nacional.<\/p>\n<p>Por \u00faltimo, mas n\u00e3o menos importante, a intera\u00e7\u00e3o entre universidade e empresas \u00e9 abordada no artigo de Elson Longo, professor em\u00e9rito e titular do Departamento de Qu\u00edmica da Universidade Federal de S\u00e3o Carlos (UFSCar) e diretor do Centro para o Desenvolvimento de Materiais Funcionais (CDMF\/Fapesp). O pesquisador, refer\u00eancia mundial na \u00e1rea de materiais cer\u00e2micos, \u00e9 um dos pioneiros no pa\u00eds em projetos cooperativos entre a academia e a ind\u00fastria. Ele conta como, h\u00e1 30 anos, uma parceria com a Companhia Brasileira de Metais e Metalurgia (CBMM) permitiu a constru\u00e7\u00e3o do Laborat\u00f3rio Interdisciplinar de Eletroqu\u00edmica e Cer\u00e2mica (Liec), onde centenas de estudantes j\u00e1 realizaram seus estudos, participando ativamente das pesquisas e desenvolvimento, com a ind\u00fastria nacional, que resultaram na produ\u00e7\u00e3o de novos conhecimentos.<\/p>\n<p>Que este N\u00facleo Tem\u00e1tico inspire leituras proveitosas e debates enriquecedores, sempre escorados no conhecimento cient\u00edfico, como tem sido a marca registrada da SBPC nestas suas sete d\u00e9cadas de exist\u00eancia.<\/p>\n<hr \/>\n<h6 id=\"texto-publicado-originalmente-emvogt-carlos-moreira-ildeu-de-castro-bolzani-vanderlan-sbpc-70-anos-cienc-cult-2018-vol-70-n-3\"><strong>Texto publicado originalmente em:<br \/>\n<\/strong>Vogt, Carlos; Moreira, Ildeu de Castro; Bolzani, Vanderlan. SBPC 70 Anos.<em>\u00a0Cienc. Cult.<\/em>\u00a02018, vol.70, n.3.<\/h6>\n<h6 id=\"leia-o-texto-original-emhttp-cienciaecultura-bvs-br-scielo-phpscriptsci_arttextpids0009-67252018000300008lngptnrmisotlngpt\"><strong>Leia o texto original em:<br \/>\n<\/strong><a href=\"http:\/\/cienciaecultura.bvs.br\/scielo.php?script=sci_arttext&amp;pid=S0009-67252018000300008&amp;lng=pt&amp;nrm=iso&amp;tlng=pt\">http:\/\/cienciaecultura.bvs.br\/scielo.php?script=sci_arttext&amp;pid=S0009-67252018000300008&amp;lng=pt&amp;nrm=iso&amp;tlng=pt<\/a><\/h6>\n<hr \/>\n<h6 id=\"capa-em-2018-revista-celebrou-os-70-anos-da-sbpcfoto-acervo\"><strong>Capa. Em 2018, revista celebrou os 70 anos da SBPC<br \/>\n<\/strong>(Foto: Acervo)<\/h6>\n","protected":false},"excerpt":{"rendered":"Edi\u00e7\u00e3o de 2018 comemora as sete d\u00e9cadas da Sociedade Brasileira para o&hellip;\n","protected":false},"author":198,"featured_media":6175,"comment_status":"open","ping_status":"open","sticky":false,"template":"","format":"standard","meta":[],"categories":[52,21],"tags":[],"acf":[],"_links":{"self":[{"href":"https:\/\/revistacienciaecultura.org.br\/index.php?rest_route=\/wp\/v2\/posts\/6173"}],"collection":[{"href":"https:\/\/revistacienciaecultura.org.br\/index.php?rest_route=\/wp\/v2\/posts"}],"about":[{"href":"https:\/\/revistacienciaecultura.org.br\/index.php?rest_route=\/wp\/v2\/types\/post"}],"author":[{"embeddable":true,"href":"https:\/\/revistacienciaecultura.org.br\/index.php?rest_route=\/wp\/v2\/users\/198"}],"replies":[{"embeddable":true,"href":"https:\/\/revistacienciaecultura.org.br\/index.php?rest_route=%2Fwp%2Fv2%2Fcomments&post=6173"}],"version-history":[{"count":2,"href":"https:\/\/revistacienciaecultura.org.br\/index.php?rest_route=\/wp\/v2\/posts\/6173\/revisions"}],"predecessor-version":[{"id":7395,"href":"https:\/\/revistacienciaecultura.org.br\/index.php?rest_route=\/wp\/v2\/posts\/6173\/revisions\/7395"}],"wp:featuredmedia":[{"embeddable":true,"href":"https:\/\/revistacienciaecultura.org.br\/index.php?rest_route=\/wp\/v2\/media\/6175"}],"wp:attachment":[{"href":"https:\/\/revistacienciaecultura.org.br\/index.php?rest_route=%2Fwp%2Fv2%2Fmedia&parent=6173"}],"wp:term":[{"taxonomy":"category","embeddable":true,"href":"https:\/\/revistacienciaecultura.org.br\/index.php?rest_route=%2Fwp%2Fv2%2Fcategories&post=6173"},{"taxonomy":"post_tag","embeddable":true,"href":"https:\/\/revistacienciaecultura.org.br\/index.php?rest_route=%2Fwp%2Fv2%2Ftags&post=6173"}],"curies":[{"name":"wp","href":"https:\/\/api.w.org\/{rel}","templated":true}]}}