{"id":6178,"date":"2024-07-15T08:00:46","date_gmt":"2024-07-15T08:00:46","guid":{"rendered":"https:\/\/revistacienciaecultura.org.br\/?p=6178"},"modified":"2024-06-13T20:47:40","modified_gmt":"2024-06-13T20:47:40","slug":"o-futuro-que-queremos-para-o-pais-2","status":"publish","type":"post","link":"https:\/\/revistacienciaecultura.org.br\/?p=6178","title":{"rendered":"O futuro que queremos para o pa\u00eds"},"content":{"rendered":"<h4 id=\"revista-ciencia-cultura-retoma-atividades-discutindo-o-bicentenario-da-independencia\"><span style=\"color: #808080;\">Revista Ci\u00eancia &amp; Cultura retoma atividades discutindo o bicenten\u00e1rio da independ\u00eancia<\/span><\/h4>\n<p>&nbsp;<\/p>\n<p>Ser fonte essencial de informa\u00e7\u00f5es e ideias que d\u00e3o sentido a um mundo em constante transforma\u00e7\u00e3o. Este \u00e9 o objetivo da revista <a href=\"https:\/\/revistacienciaecultura.org.br\/\"><strong><span style=\"color: #800000;\">Ci\u00eancia &amp; Cultura<\/span><\/strong><\/a><strong>, <\/strong>um dos mais antigos e emblem\u00e1ticos ve\u00edculos de divulga\u00e7\u00e3o cient\u00edficos brasileiros. Ap\u00f3s um breve per\u00edodo de interrup\u00e7\u00e3o, a revista retoma suas atividades em 2022 \u2013 um ano igualmente emblem\u00e1tico, marcado por elei\u00e7\u00f5es presidenciais, Copa do Mundo, centen\u00e1rio da Semana de Arte Moderna, e Bicenten\u00e1rio da Independ\u00eancia.<\/p>\n<p>&nbsp;<\/p>\n<h4 id=\"ao-longo-de-suas-mais-de-sete-decadas-a-publicacao-apresentou-uma-divulgacao-cientifica-voltada-para-o-grande-publico-enquanto-procurou-se-comunicar-com-a-comunidade-cientifica-e-leitores-es\" style=\"text-align: center;\"><span style=\"color: #800000;\"><em>\u201cAo longo de suas mais de sete d\u00e9cadas, a publica\u00e7\u00e3o apresentou uma divulga\u00e7\u00e3o cient\u00edfica voltada para o grande p\u00fablico enquanto procurou se comunicar com a comunidade cient\u00edfica e leitores especializados, tornando-se uma importante ferramenta para os debates contempor\u00e2neos.\u201d <\/em><\/span><\/h4>\n<p>&nbsp;<\/p>\n<p>A revista foi criada em 1949, um ano depois da funda\u00e7\u00e3o da <a href=\"https:\/\/sbpcacervodigital.org.br\/home\"><strong><span style=\"color: #800000;\">SBPC<\/span><\/strong><\/a>, visando ser uma publica\u00e7\u00e3o \u201caberta n\u00e3o apenas a cientistas, mas a todos os que se interessem pela ci\u00eancia, por suas aplica\u00e7\u00f5es e pelas consequ\u00eancias destas\u201d, conforme se l\u00ea na contracapa de sua primeira edi\u00e7\u00e3o. Nesse sentido, sua finalidade \u00e9 \u201ccomo \u00f3rg\u00e3o que \u00e9 da SBPC, servir de aproxima\u00e7\u00e3o dos cientistas entre si, e destes com o p\u00fablico, entre todos, desenvolvendo forte e indispens\u00e1vel sentimento de solidariedade e compreens\u00e3o\u201d, como registra seu primeiro editorial.<\/p>\n<h6 id=\"figura-1-capa-da-primeira-edicao-de-2022-da-revista-ciencia-culturafoto-acervo\" style=\"text-align: center;\"><img loading=\"lazy\" class=\"aligncenter wp-image-6179\" src=\"https:\/\/revistacienciaecultura.org.br\/wp-content\/uploads\/2024\/06\/CC-2E24-editorial-2022-figura1-211x300.jpg\" alt=\"\" width=\"352\" height=\"500\" srcset=\"https:\/\/revistacienciaecultura.org.br\/wp-content\/uploads\/2024\/06\/CC-2E24-editorial-2022-figura1-211x300.jpg 211w, https:\/\/revistacienciaecultura.org.br\/wp-content\/uploads\/2024\/06\/CC-2E24-editorial-2022-figura1-720x1024.jpg 720w, https:\/\/revistacienciaecultura.org.br\/wp-content\/uploads\/2024\/06\/CC-2E24-editorial-2022-figura1-768x1092.jpg 768w, https:\/\/revistacienciaecultura.org.br\/wp-content\/uploads\/2024\/06\/CC-2E24-editorial-2022-figura1-1081x1536.jpg 1081w, https:\/\/revistacienciaecultura.org.br\/wp-content\/uploads\/2024\/06\/CC-2E24-editorial-2022-figura1-8x12.jpg 8w, https:\/\/revistacienciaecultura.org.br\/wp-content\/uploads\/2024\/06\/CC-2E24-editorial-2022-figura1-800x1137.jpg 800w, https:\/\/revistacienciaecultura.org.br\/wp-content\/uploads\/2024\/06\/CC-2E24-editorial-2022-figura1-1160x1649.jpg 1160w, https:\/\/revistacienciaecultura.org.br\/wp-content\/uploads\/2024\/06\/CC-2E24-editorial-2022-figura1.jpg 1360w\" sizes=\"(max-width: 352px) 100vw, 352px\" \/><br \/>\n<strong>Figura 1. Capa da primeira edi\u00e7\u00e3o de 2022 da revista Ci\u00eancia &amp; Cultura<br \/>\n<\/strong>(Foto: Acervo)<\/h6>\n<p>&nbsp;<\/p>\n<p>Setenta e tr\u00eas anos depois deste primeiro ano editorial, a revista est\u00e1 se modernizando para se tornar totalmente digital, possibilitando uma maior engajamento com as diversas plataformas. Sua nova proposta pretende ampliar seu p\u00fablico leitor e seu impacto na sociedade brasileira, estimular uma maior proximidade e intera\u00e7\u00e3o entre ci\u00eancia e cultura, integrar a revista com as outras a\u00e7\u00f5es de comunica\u00e7\u00e3o da SBPC, e buscar fazer com que ela se constitua tamb\u00e9m em uma rede ampla de divulga\u00e7\u00e3o cient\u00edfica.<\/p>\n<p>&nbsp;<\/p>\n<h4 id=\"discutir-o-bicentenario-e-uma-oportunidade-unica-para-olharmos-para-o-passado-compreendermos-o-presente-e-pensarmos-em-perspectivas-e-a-ciencia-e-imprescindivel-para-apontar-caminhos\" style=\"text-align: center;\"><em>\u00a0<\/em><span style=\"color: #800000;\"><em>\u201cDiscutir o Bicenten\u00e1rio \u00e9 uma oportunidade \u00fanica para olharmos para o passado, compreendermos o presente e pensarmos em perspectivas. E a ci\u00eancia \u00e9 imprescind\u00edvel para apontar caminhos e solu\u00e7\u00f5es, rumo ao futuro que queremos para o pa\u00eds.\u201d<\/em><\/span><\/h4>\n<p>&nbsp;<\/p>\n<p>Ao longo de suas mais de sete d\u00e9cadas, a publica\u00e7\u00e3o apresentou uma divulga\u00e7\u00e3o cient\u00edfica voltada para o grande p\u00fablico enquanto procurou se comunicar com a comunidade cient\u00edfica e leitores especializados, tornando-se uma importante ferramenta para os debates contempor\u00e2neos. Assim, a <strong>revista <\/strong><a href=\"https:\/\/revistacienciaecultura.org.br\/\"><strong>Ci\u00eancia &amp; Cultura<\/strong><\/a> se consolidou como uma das publica\u00e7\u00f5es cient\u00edficas mais relevantes do Brasil. Sua linha editorial visa contribuir para o debate dos grandes temas cient\u00edficos da atualidade e atrair a aten\u00e7\u00e3o, principalmente das novas gera\u00e7\u00f5es de pesquisadores em forma\u00e7\u00e3o, para uma reflex\u00e3o continuada e sistem\u00e1tica sobre esses temas.<\/p>\n<p>Para marcar sua volta \u00e0 ativa, a primeira edi\u00e7\u00e3o da revista aborda o <strong><em>Bicenten\u00e1rio da Independ\u00eancia<\/em><\/strong>. O tema traz a necessidade de reflex\u00e3o sobre esse importante momento hist\u00f3rico, que ainda se faz t\u00e3o atual. A Independ\u00eancia do Brasil \u00e9 um processo complexo, vivo e aberto, e discutir seu Bicenten\u00e1rio \u00e9 uma oportunidade \u00fanica para olharmos para o passado, compreendermos o presente e pensarmos o futuro. Mesmo em meio a um cen\u00e1rio adverso, o momento \u00e9 prop\u00edcio para debater as condi\u00e7\u00f5es que geraram nosso presente e planejar projetos para o futuro. E a ci\u00eancia \u00e9 imprescind\u00edvel para apontar caminhos e solu\u00e7\u00f5es, rumo ao futuro que queremos para o pa\u00eds.<\/p>\n<hr \/>\n<h6 id=\"texto-publicado-originalmente-embueno-chris-o-futuro-que-queremos-para-o-pais-cienc-cult-2022-vol-74-n-1\"><strong>Texto publicado originalmente em:<br \/>\n<\/strong>Bueno, Chris. O Futuro que queremos para o pa\u00eds.<em>\u00a0Cienc. Cult.<\/em>\u00a02022, vol.74, n.1.<\/h6>\n<h6 id=\"leia-o-texto-original-emhttps-revistacienciaecultura-org-br-p1454\"><strong>Leia o texto original em:<br \/>\n<\/strong><a href=\"https:\/\/revistacienciaecultura.org.br\/?p=1454\">https:\/\/revistacienciaecultura.org.br\/?p=1454<\/a><\/h6>\n<hr \/>\n<h6 id=\"capa-em-2022-revista-passa-por-modernizacao-e-torna-se-totalmente-digitalfoto-unsplash-com-reproducao\"><strong>Capa. Em 2022 revista passa por moderniza\u00e7\u00e3o e torna-se totalmente digital<br \/>\n<\/strong>(Foto: Unsplash.com. Reprodu\u00e7\u00e3o)<\/h6>\n","protected":false},"excerpt":{"rendered":"Revista Ci\u00eancia &amp; Cultura retoma atividades discutindo o bicenten\u00e1rio da independ\u00eancia &nbsp;&hellip;\n","protected":false},"author":11,"featured_media":1462,"comment_status":"open","ping_status":"open","sticky":false,"template":"","format":"standard","meta":[],"categories":[52,21],"tags":[],"acf":[],"_links":{"self":[{"href":"https:\/\/revistacienciaecultura.org.br\/index.php?rest_route=\/wp\/v2\/posts\/6178"}],"collection":[{"href":"https:\/\/revistacienciaecultura.org.br\/index.php?rest_route=\/wp\/v2\/posts"}],"about":[{"href":"https:\/\/revistacienciaecultura.org.br\/index.php?rest_route=\/wp\/v2\/types\/post"}],"author":[{"embeddable":true,"href":"https:\/\/revistacienciaecultura.org.br\/index.php?rest_route=\/wp\/v2\/users\/11"}],"replies":[{"embeddable":true,"href":"https:\/\/revistacienciaecultura.org.br\/index.php?rest_route=%2Fwp%2Fv2%2Fcomments&post=6178"}],"version-history":[{"count":1,"href":"https:\/\/revistacienciaecultura.org.br\/index.php?rest_route=\/wp\/v2\/posts\/6178\/revisions"}],"predecessor-version":[{"id":6180,"href":"https:\/\/revistacienciaecultura.org.br\/index.php?rest_route=\/wp\/v2\/posts\/6178\/revisions\/6180"}],"wp:featuredmedia":[{"embeddable":true,"href":"https:\/\/revistacienciaecultura.org.br\/index.php?rest_route=\/wp\/v2\/media\/1462"}],"wp:attachment":[{"href":"https:\/\/revistacienciaecultura.org.br\/index.php?rest_route=%2Fwp%2Fv2%2Fmedia&parent=6178"}],"wp:term":[{"taxonomy":"category","embeddable":true,"href":"https:\/\/revistacienciaecultura.org.br\/index.php?rest_route=%2Fwp%2Fv2%2Fcategories&post=6178"},{"taxonomy":"post_tag","embeddable":true,"href":"https:\/\/revistacienciaecultura.org.br\/index.php?rest_route=%2Fwp%2Fv2%2Ftags&post=6178"}],"curies":[{"name":"wp","href":"https:\/\/api.w.org\/{rel}","templated":true}]}}