{"id":6186,"date":"2024-07-01T08:00:53","date_gmt":"2024-07-01T08:00:53","guid":{"rendered":"https:\/\/revistacienciaecultura.org.br\/?p=6186"},"modified":"2024-07-01T12:55:54","modified_gmt":"2024-07-01T12:55:54","slug":"ensino-de-matematica-popularizacao-da-ciencia-e-desenvolvimento-nacional","status":"publish","type":"post","link":"https:\/\/revistacienciaecultura.org.br\/?p=6186","title":{"rendered":"Ensino de matem\u00e1tica, populariza\u00e7\u00e3o da ci\u00eancia e desenvolvimento nacional"},"content":{"rendered":"<h4 id=\"educacao-matematica-de-qualidade-e-fundamental-para-o-desenvolvimento-do-pais\"><span style=\"color: #808080;\">Educa\u00e7\u00e3o matem\u00e1tica de qualidade \u00e9 fundamental para o desenvolvimento do pa\u00eds<\/span><\/h4>\n<p>&nbsp;<\/p>\n<p>A matem\u00e1tica desempenha um papel crucial na sociedade moderna, sendo fundamental para o avan\u00e7o cient\u00edfico, tecnol\u00f3gico e econ\u00f4mico. No Brasil, a supera\u00e7\u00e3o dos estigmas associados \u00e0 matem\u00e1tica \u00e9 essencial para promover a educa\u00e7\u00e3o de qualidade e impulsionar o desenvolvimento nacional.<\/p>\n<p>Muitos estudantes enfrentam dificuldades com a matem\u00e1tica, frequentemente percebida como uma disciplina inacess\u00edvel. Segundo dados da Sociedade Brasileira de Matem\u00e1tica (SBM), uma das raz\u00f5es para essa percep\u00e7\u00e3o \u00e9 a forma\u00e7\u00e3o prec\u00e1ria de professores, especialmente nas s\u00e9ries iniciais do ensino fundamental. Este d\u00e9ficit na forma\u00e7\u00e3o impacta negativamente a habilidade dos alunos em compreender conceitos matem\u00e1ticos de forma significativa, muitas vezes limitando o aprendizado a memoriza\u00e7\u00e3o de regras sem entendimento profundo. Mas a SBM vem trabalhando para mudar esse cen\u00e1rio. \u201cAcredito que \u00e9 muito importante desmistificar isso e mostrar que a matem\u00e1tica pode sim ser acess\u00edvel a todos e todas que queiram estudar matem\u00e1tica\u201d, afirma Jaqueline Godoy Mesquita, professora do Departamento de Matem\u00e1tica da Universidade de Bras\u00edlia (UnB) e presidente da SBM.<\/p>\n<p>Para ela, a populariza\u00e7\u00e3o da ci\u00eancia, incluindo a matem\u00e1tica, \u00e9 fundamental para criar uma sociedade mais informada e curiosa. Iniciativas como museus de ci\u00eancia e tecnologia desempenham um papel vital nesse processo. Especialmente porque, segundo Jaqueline Mesquita, a matem\u00e1tica \u00e9 uma ferramenta indispens\u00e1vel no cotidiano. \u201cN\u00f3s usamos a matem\u00e1tica para tudo, desde a senha do banco at\u00e9 para atravessar uma rua\u201d. Assim, desde a gest\u00e3o financeira pessoal at\u00e9 a tomada de decis\u00f5es informadas em diversas \u00e1reas profissionais, a compreens\u00e3o matem\u00e1tica capacita os indiv\u00edduos a resolver problemas e inovar.<\/p>\n<p>A educa\u00e7\u00e3o matem\u00e1tica de qualidade \u00e9 um pilar para o desenvolvimento nacional. Superar os estigmas associados \u00e0 matem\u00e1tica e promover sua populariza\u00e7\u00e3o s\u00e3o passos essenciais para preparar uma gera\u00e7\u00e3o capaz de enfrentar os desafios do futuro e contribuir para o progresso cient\u00edfico e social do Brasil. \u201cTemos visto nesses \u00faltimos anos, com essas emerg\u00eancias clim\u00e1ticas e tamb\u00e9m com o per\u00edodo da pandemia, que estamos enfrentando v\u00e1rios desafios globais. E justamente quando olhamos para esses desafios globais, vemos que n\u00e3o tem como avan\u00e7armos sem a matem\u00e1tica. Porque as tomadas de decis\u00e3o (desde per\u00edodo de quarentena, tempo entre as vacinas, ou mesmo previs\u00e3o do tempo) s\u00e3o baseados em modelos matem\u00e1ticos\u201d, pontua Jaqueline Mesquita. \u201cEnt\u00e3o vemos que, de fato, \u00e9 importante que a nossa popula\u00e7\u00e3o tenha esse conhecimento matem\u00e1tico mais aprofundado, inclusive para atuar em outras \u00e1reas do conhecimento\u201d, conclui.<\/p>\n<p><strong>Confira o novo epis\u00f3dio!<\/strong><\/p>\n<p><iframe title=\"Spotify Embed: Ensino de matem\u00e1tica, populariza\u00e7\u00e3o da ci\u00eancia e desenvolvimento nacional\" style=\"border-radius: 12px\" width=\"100%\" height=\"152\" frameborder=\"0\" allowfullscreen allow=\"autoplay; clipboard-write; encrypted-media; fullscreen; picture-in-picture\" loading=\"lazy\" src=\"https:\/\/open.spotify.com\/embed\/episode\/3jIJ2iTic8heNIs6k6jTV3?si=d3f293e8dbf94392&#038;utm_source=oembed\"><\/iframe><\/p>\n","protected":false},"excerpt":{"rendered":"Educa\u00e7\u00e3o matem\u00e1tica de qualidade \u00e9 fundamental para o desenvolvimento do pa\u00eds &nbsp;&hellip;\n","protected":false},"author":19,"featured_media":6187,"comment_status":"open","ping_status":"open","sticky":false,"template":"","format":"standard","meta":[],"categories":[4],"tags":[],"acf":[],"_links":{"self":[{"href":"https:\/\/revistacienciaecultura.org.br\/index.php?rest_route=\/wp\/v2\/posts\/6186"}],"collection":[{"href":"https:\/\/revistacienciaecultura.org.br\/index.php?rest_route=\/wp\/v2\/posts"}],"about":[{"href":"https:\/\/revistacienciaecultura.org.br\/index.php?rest_route=\/wp\/v2\/types\/post"}],"author":[{"embeddable":true,"href":"https:\/\/revistacienciaecultura.org.br\/index.php?rest_route=\/wp\/v2\/users\/19"}],"replies":[{"embeddable":true,"href":"https:\/\/revistacienciaecultura.org.br\/index.php?rest_route=%2Fwp%2Fv2%2Fcomments&post=6186"}],"version-history":[{"count":3,"href":"https:\/\/revistacienciaecultura.org.br\/index.php?rest_route=\/wp\/v2\/posts\/6186\/revisions"}],"predecessor-version":[{"id":6433,"href":"https:\/\/revistacienciaecultura.org.br\/index.php?rest_route=\/wp\/v2\/posts\/6186\/revisions\/6433"}],"wp:featuredmedia":[{"embeddable":true,"href":"https:\/\/revistacienciaecultura.org.br\/index.php?rest_route=\/wp\/v2\/media\/6187"}],"wp:attachment":[{"href":"https:\/\/revistacienciaecultura.org.br\/index.php?rest_route=%2Fwp%2Fv2%2Fmedia&parent=6186"}],"wp:term":[{"taxonomy":"category","embeddable":true,"href":"https:\/\/revistacienciaecultura.org.br\/index.php?rest_route=%2Fwp%2Fv2%2Fcategories&post=6186"},{"taxonomy":"post_tag","embeddable":true,"href":"https:\/\/revistacienciaecultura.org.br\/index.php?rest_route=%2Fwp%2Fv2%2Ftags&post=6186"}],"curies":[{"name":"wp","href":"https:\/\/api.w.org\/{rel}","templated":true}]}}