{"id":6289,"date":"2024-06-18T07:30:50","date_gmt":"2024-06-18T07:30:50","guid":{"rendered":"https:\/\/revistacienciaecultura.org.br\/?p=6289"},"modified":"2024-06-17T18:35:14","modified_gmt":"2024-06-17T18:35:14","slug":"76a-reuniao-anual-da-sbpc-traz-tecnologias-produtos-e-servicos-cientificos-desenvolvidos-no-pais-na-expotc","status":"publish","type":"post","link":"https:\/\/revistacienciaecultura.org.br\/?p=6289","title":{"rendered":"76\u00aa Reuni\u00e3o Anual da SBPC traz tecnologias, produtos e servi\u00e7os cient\u00edficos desenvolvidos no Pa\u00eds na ExpoT&#038;C"},"content":{"rendered":"<h4 id=\"abertura-oficial-da-tenda-sera-no-dia-8-de-julho-as-8h-no-campus-guama-da-ufpa-em-belem\"><span style=\"color: #808080;\"><em>Abertura oficial da tenda ser\u00e1 no dia 8 de julho, \u00e0s 8h, no campus Guam\u00e1 da UFPA em Bel\u00e9m<\/em><\/span><\/h4>\n<p>&nbsp;<\/p>\n<p>A ExpoT&amp;C, uma das principais atividades da 76\u00aa Reuni\u00e3o Anual da Sociedade Brasileira para o Progresso da Ci\u00eancia (SBPC), reunir\u00e1 este ano mais de 45 expositores, de universidades e institutos de pesquisa p\u00fablicos e privados, a empresas, \u00f3rg\u00e3os governamentais, sociedades cient\u00edficas, ag\u00eancias de fomento etc. A atividade apresentar\u00e1 as mais avan\u00e7adas tecnologias, produtos e servi\u00e7os desenvolvidos no Pa\u00eds.<\/p>\n<p>A mostra de ci\u00eancia, tecnologia e inova\u00e7\u00e3o ser\u00e1 aberta ao p\u00fablico oficialmente no dia 8 de julho, \u00e0s 8h. A solenidade de abertura ter\u00e1 participa\u00e7\u00e3o de Luciana Santos, ministra da Ci\u00eancia, Tecnologia e Inova\u00e7\u00e3o, e Renato Janine Ribeiro, presidente da SBPC, entre outras autoridades.<\/p>\n<p>Este ano, a ExpoT&amp;C ser\u00e1 montada em uma \u00e1rea de 4.000m\u00b2 com um espa\u00e7o climatizado e contar\u00e1 com mais de 800 pessoas trabalhando na exposi\u00e7\u00e3o de projetos e iniciativas inovadores durante a semana do evento.<\/p>\n<p>O p\u00fablico poder\u00e1 visitar e conhecer as mais importantes institui\u00e7\u00f5es cient\u00edficas do Pa\u00eds, como, por exemplo, a Funda\u00e7\u00e3o Oswaldo Cruz (Fiocruz), o Painel Cient\u00edfico para a Amaz\u00f4nia (SPA), a Coordena\u00e7\u00e3o de Aperfei\u00e7oamento de Pessoal de N\u00edvel Superior (Capes), o Conselho Nacional de Desenvolvimento Cient\u00edfico e Tecnol\u00f3gico (CNPq), a Funda\u00e7\u00e3o de Amparo e Desenvolvimento da Pesquisa (Fadesp), a Funda\u00e7\u00e3o de Amparo \u00e0 Pesquisa e ao Desenvolvimento Cient\u00edfico e Tecnol\u00f3gico do Maranh\u00e3o (Fapema), a Financiadora de Estudos e Projetos (Finep) e o Centro Alem\u00e3o de Inova\u00e7\u00e3o em Pesquisas (DWIH).<\/p>\n<p>Renato Janine Ribeiro, presidente da SBPC, ressalta que a import\u00e2ncia da ExpoT&amp;C \u00e9 mostrar ao p\u00fablico as aplica\u00e7\u00f5es da ci\u00eancia produzida nas institui\u00e7\u00f5es do Pa\u00eds e seu potencial de gerar riquezas. \u201cEsse encontro \u00e9 mais uma oportunidade da SBPC mostrar como a ci\u00eancia pode ajudar a potencializar a produ\u00e7\u00e3o do Pa\u00eds. N\u00f3s sabemos que o Minist\u00e9rio da Ci\u00eancia, desde o come\u00e7o do Minist\u00e9rio da Ci\u00eancia, Tecnologia e Inova\u00e7\u00e3o, ao qual se agregou, na d\u00e9cada de 2010, o termo, hoje t\u00e3o celebrado, no setor produtivo de inova\u00e7\u00e3o. N\u00f3s queremos, ent\u00e3o, que esse c\u00edrculo virtuoso entre ci\u00eancia e produ\u00e7\u00e3o de bens e servi\u00e7os seja cada vez mais valorizado em nossa sociedade.\u201d<\/p>\n<p>A ExpoT&amp;C foi realizada pela primeira vez em 1993, durante a 45\u00aa Reuni\u00e3o Anual da SBPC na Universidade Federal de Pernambuco (UFPE), em Recife (PE), com o objetivo de ampliar a visibilidade da atividade cient\u00edfica e tecnol\u00f3gica nacional. Inicialmente chamada de \u201cExpoci\u00eancia\u201d, a mostra ganhou o atual nome em 2006, em sua 14\u00aa edi\u00e7\u00e3o, na 58\u00aa Reuni\u00e3o Anual da SBPC, realizada na Universidade Federal de Santa Catarina (UFSC), em Florian\u00f3polis.<\/p>\n<p>&nbsp;<\/p>\n<h4 id=\"reuniao-anual\"><strong>Reuni\u00e3o Anual<\/strong><\/h4>\n<p>A 76\u00aa Reuni\u00e3o Anual da SBPC ser\u00e1 realizada em parceria com a Universidade Federal do Par\u00e1 (UFPA) de 7 a 13 de julho em Bel\u00e9m, e ter\u00e1 como tema a\u00a0<strong>\u201cCi\u00eancia para um futuro sustent\u00e1vel e inclusivo: por um novo contrato social com a natureza\u201d.<\/strong><\/p>\n<p>A cerim\u00f4nia de abertura do evento ser\u00e1 no dia 7 de julho, no Theatro da Paz, na capital paraense. A programa\u00e7\u00e3o seguir\u00e1 ao longo da semana, de\u00a0 8 a 13, no campus Guam\u00e1 da UFPA, e contar\u00e1 tamb\u00e9m com transmiss\u00e3o de atividades pelos canais da SBPC e da UFPA no YouTube.<\/p>\n<p>O evento \u00e9 uma realiza\u00e7\u00e3o da UFPA e da SBPC, que tem como s\u00f3cios institucionais a Funda\u00e7\u00e3o Carlos Chagas Filho de Amparo \u00e0 Pesquisa do Estado do Rio de Janeiro (Faperj), a Financiadora de Estudos e Projetos (Finep) e a Funda\u00e7\u00e3o Oswaldo Cruz (Fiocruz). Os patrocinadores s\u00e3o a Funda\u00e7\u00e3o de Amparo e Desenvolvimento da Pesquisa (Fadesp), a Finep, Funda\u00e7\u00e3o Amaz\u00f4nia de Amparo a Estudos e Pesquisas (Fapespa) e a Funda\u00e7\u00e3o de Amparo \u00e0 Pesquisa do Estado de S\u00e3o Paulo (Fapesp).<\/p>\n<p>Esta Reuni\u00e3o Anual tem como parceiros institucionais a Universidade do Estado do Par\u00e1 (Uepa), o Instituto Federal do Par\u00e1 (IFPA), a Universidade Federal do Oeste do Par\u00e1 (Ufopa), a Universidade Federal do Sul e Sudeste do Par\u00e1 (Unifesspa), a Universidade Federal Rural da Amaz\u00f4nia (Ufra) e o Museu Paraense Em\u00edlio Goeldi (MPEG).<\/p>\n<p>Conta, tamb\u00e9m, com o apoio da Prefeitura de Bel\u00e9m, da Semec, da Secretaria de Estado de Cultura-SECULT-PA, da Capes, do CNPq, do Minist\u00e9rio da Educa\u00e7\u00e3o, do Minist\u00e9rio da Ci\u00eancia, Tecnologia e Inova\u00e7\u00e3o e Minist\u00e9rio de Desenvolvimento Social.<\/p>\n<p>Para mais informa\u00e7\u00f5es:\u00a0<span style=\"color: #800000;\"><strong><a style=\"color: #800000;\" href=\"https:\/\/ra.sbpcnet.org.br\/76RA\/\" target=\"_blank\" rel=\"noopener\">https:\/\/ra.sbpcnet.org.br\/76RA\/<\/a><\/strong><\/span><\/p>\n<p><span style=\"color: #808080;\"><em>Jornal da Ci\u00eancia<\/em><\/span><\/p>\n<p>&nbsp;<\/p>\n<h6 id=\"capa-expotc-divulgacao\">Capa. ExpoT&amp;C. Divulga\u00e7\u00e3o<\/h6>\n","protected":false},"excerpt":{"rendered":"Abertura oficial da tenda ser\u00e1 no dia 8 de julho, \u00e0s 8h,&hellip;\n","protected":false},"author":19,"featured_media":6290,"comment_status":"open","ping_status":"open","sticky":false,"template":"","format":"standard","meta":[],"categories":[1,2],"tags":[],"acf":[],"_links":{"self":[{"href":"https:\/\/revistacienciaecultura.org.br\/index.php?rest_route=\/wp\/v2\/posts\/6289"}],"collection":[{"href":"https:\/\/revistacienciaecultura.org.br\/index.php?rest_route=\/wp\/v2\/posts"}],"about":[{"href":"https:\/\/revistacienciaecultura.org.br\/index.php?rest_route=\/wp\/v2\/types\/post"}],"author":[{"embeddable":true,"href":"https:\/\/revistacienciaecultura.org.br\/index.php?rest_route=\/wp\/v2\/users\/19"}],"replies":[{"embeddable":true,"href":"https:\/\/revistacienciaecultura.org.br\/index.php?rest_route=%2Fwp%2Fv2%2Fcomments&post=6289"}],"version-history":[{"count":2,"href":"https:\/\/revistacienciaecultura.org.br\/index.php?rest_route=\/wp\/v2\/posts\/6289\/revisions"}],"predecessor-version":[{"id":6292,"href":"https:\/\/revistacienciaecultura.org.br\/index.php?rest_route=\/wp\/v2\/posts\/6289\/revisions\/6292"}],"wp:featuredmedia":[{"embeddable":true,"href":"https:\/\/revistacienciaecultura.org.br\/index.php?rest_route=\/wp\/v2\/media\/6290"}],"wp:attachment":[{"href":"https:\/\/revistacienciaecultura.org.br\/index.php?rest_route=%2Fwp%2Fv2%2Fmedia&parent=6289"}],"wp:term":[{"taxonomy":"category","embeddable":true,"href":"https:\/\/revistacienciaecultura.org.br\/index.php?rest_route=%2Fwp%2Fv2%2Fcategories&post=6289"},{"taxonomy":"post_tag","embeddable":true,"href":"https:\/\/revistacienciaecultura.org.br\/index.php?rest_route=%2Fwp%2Fv2%2Ftags&post=6289"}],"curies":[{"name":"wp","href":"https:\/\/api.w.org\/{rel}","templated":true}]}}