{"id":6326,"date":"2024-06-20T07:30:01","date_gmt":"2024-06-20T07:30:01","guid":{"rendered":"https:\/\/revistacienciaecultura.org.br\/?p=6326"},"modified":"2024-06-19T19:38:13","modified_gmt":"2024-06-19T19:38:13","slug":"ciencia-cultura-75-anos-digitalizacao-visa-modernizar-e-ampliar-alcance-da-revista","status":"publish","type":"post","link":"https:\/\/revistacienciaecultura.org.br\/?p=6326","title":{"rendered":"Ci\u00eancia &#038; Cultura 75 anos: Digitaliza\u00e7\u00e3o visa modernizar e ampliar alcance da revista"},"content":{"rendered":"<h4 id=\"publicacao-passou-a-contar-com-novos-recursos-como-videos-e-podcasts\"><span style=\"color: #808080;\">Publica\u00e7\u00e3o passou a contar com novos recursos, como v\u00eddeos e podcasts<\/span><\/h4>\n<p>&nbsp;<\/p>\n<p>A revista <span style=\"color: #800000;\"><strong><a style=\"color: #800000;\" href=\"https:\/\/revistacienciaecultura.org.br\/\">Ci\u00eancia &amp; Cultura<\/a><\/strong><\/span> \u00e9 um dos mais antigos \u2014 e importantes \u2014 ve\u00edculos de divulga\u00e7\u00e3o cient\u00edfica do pa\u00eds.\u00a0Criada em 1949, no ano seguinte \u00e0 funda\u00e7\u00e3o da <strong><a href=\"http:\/\/www.sbpcnet.org.br\/\"><span style=\"color: #800000;\">Sociedade Brasileira para o Progresso da Ci\u00eancia (SBPC)<\/span><\/a><\/strong> a revista se consolidou como uma das publica\u00e7\u00f5es cient\u00edficas mais relevantes do Brasil. Ao longo de seus 75 anos, a publica\u00e7\u00e3o procurou se comunicar tanto com o grande p\u00fablico quanto com a comunidade cient\u00edfica e leitores especializados, tornando-se uma importante ferramenta para os debates contempor\u00e2neos.<\/p>\n<p>A <span style=\"color: #800000;\"><strong><a style=\"color: #800000;\" href=\"https:\/\/revistacienciaecultura.org.br\/\">Ci\u00eancia &amp; Cultura<\/a><\/strong><\/span> passou por fases diversas, mas sempre visou informar a comunidade cient\u00edfica sobre quest\u00f5es importantes para a ci\u00eancia no Brasil, contribuindo para o debate de grandes temas cient\u00edficos e culturais da atualidade, atraindo a aten\u00e7\u00e3o das novas gera\u00e7\u00f5es de pesquisadores e oferecendo conte\u00fados para uma reflex\u00e3o sobre tais temas. Sua \u00faltima reformula\u00e7\u00e3o ocorreu em 2022, quando se tornou totalmente digital e passou a contar com novos recursos \u2014 mas sem perder seu perfil original que a tornou um dos mais importantes e hist\u00f3ricos ve\u00edculos de divulga\u00e7\u00e3o cient\u00edfica do Pa\u00eds. A reformula\u00e7\u00e3o da revista visa possibilitar um maior engajamento com as diversas plataformas e m\u00eddias sociais, ampliando seu alcance e o seu impacto na sociedade.<\/p>\n<p>As edi\u00e7\u00f5es da revista s\u00e3o de acesso aberto (<em>open access<\/em>), de car\u00e1ter multidisciplinar, e est\u00e3o dispon\u00edveis online no site da revista e tamb\u00e9m na plataforma <strong><a href=\"http:\/\/cienciaecultura.bvs.br\/scielo.php?script=sci_serial&amp;pid=0009-6725&amp;lng=pt&amp;nrm=iso\"><span style=\"color: #800000;\">Scielo<\/span><\/a><\/strong>. De publica\u00e7\u00e3o trimestral, a cada edi\u00e7\u00e3o a revista escolhe um tema para abord\u00e1-lo do ponto de vista da ci\u00eancia, cultura, arte e filosofia. Todos os meses, um novo cap\u00edtulo \u00e9 publicado, trazendo novos artigos, ensaios, reportagens e textos de opini\u00e3o. Al\u00e9m disso, com a digitaliza\u00e7\u00e3o, a revista passou a contar com um <strong><a href=\"https:\/\/revistacienciaecultura.org.br\/?cat=2\"><span style=\"color: #800000;\">blog<\/span><\/a><\/strong>, com not\u00edcias e entrevistas exclusivas, e uma <span style=\"color: #800000;\"><strong><a style=\"color: #800000;\" href=\"https:\/\/revistacienciaecultura.org.br\/?page_id=5339\">newsletter<\/a><\/strong><\/span>.<\/p>\n<p>A publica\u00e7\u00e3o tamb\u00e9m passou a contar com <span style=\"color: #800000;\"><strong><a style=\"color: #800000;\" href=\"https:\/\/revistacienciaecultura.org.br\/?cat=4\">podcasts<\/a><\/strong><\/span> e <span style=\"color: #800000;\"><strong><a style=\"color: #800000;\" href=\"https:\/\/www.youtube.com\/channel\/UCSBnKTwTjmbTy8wEUQq6zyA\/videos\">v\u00eddeos<\/a> <\/strong><\/span>que combinam cultura, tecnologia, inova\u00e7\u00e3o, arte e filosofia em hist\u00f3rias contadas por cientistas, jornalistas e pensadores. Todo m\u00eas, um novo epis\u00f3dio mostra como a ci\u00eancia conecta todos os aspectos da nossa vida, nos levando a novas maneiras de pensar, novas conex\u00f5es e novos setores.<\/p>\n<p>&nbsp;<\/p>\n<h4 id=\"um-marco-da-divulgacao-cientifica-no-brasil\"><strong>Um marco da divulga\u00e7\u00e3o cient\u00edfica no Brasil<\/strong><\/h4>\n<p>A <strong><a href=\"https:\/\/revistacienciaecultura.org.br\/\"><span style=\"color: #800000;\">Ci\u00eancia &amp; Cultura<\/span><\/a><\/strong> \u00e9 o mais antigo ve\u00edculo de divulga\u00e7\u00e3o cient\u00edfica em circula\u00e7\u00e3o no Brasil. Ela nasceu visando a difundir o conhecimento cient\u00edfico e promover uma aproxima\u00e7\u00e3o entre cientistas e o p\u00fablico, visando ser \u201caberta n\u00e3o apenas a cientistas, mas a todos os que se interessem pela ci\u00eancia, por suas aplica\u00e7\u00f5es e pelas consequ\u00eancias destas\u201d, conforme se l\u00ea na contracapa de sua primeira edi\u00e7\u00e3o.<\/p>\n<p>Nesses 75 anos, j\u00e1 foram publicadas 466 edi\u00e7\u00f5es. E suas p\u00e1ginas j\u00e1 divulgaram textos de grandes nomes da ci\u00eancia nacional e mundial, como Albert Einstein, Robert Oppenheimer, Carolina Bori e Johanna D\u00f6bereiner.<\/p>\n<p>As edi\u00e7\u00f5es da revista tamb\u00e9m est\u00e3o indexadas e dispon\u00edveis para a consulta no portal\u00a0<strong><a href=\"http:\/\/cienciaecultura.bvs.br\/scielo.php?script=sci_serial&amp;pid=0009-6725&amp;lng=pt&amp;nrm=iso\"><span style=\"color: #800000;\">Scielo<\/span><\/a><\/strong>, nas vers\u00f5es HTML e PDF\u00a0(a partir de 2002) e no\u00a0<strong><a href=\"http:\/\/sbpcacervodigital.org.br\/handle\/20.500.11832\/2534\"><span style=\"color: #800000;\">Acervo Digital da SBPC<\/span>\u00a0<\/a><\/strong>(a partir de 2007). Uma parceria entre a Sociedade Brasileira para o Progresso da Ci\u00eancia (SBPC) e a Hemeroteca Digital Brasileira, da Biblioteca Nacional (BN) viabilizou a digitaliza\u00e7\u00e3o de toda sua cole\u00e7\u00e3o at\u00e9 2017. Todos os n\u00fameros podem ser consultados no site da\u00a0<span style=\"color: #800000;\"><strong><a style=\"color: #800000;\" href=\"http:\/\/bndigital.bn.gov.br\/hemeroteca-digital\/\">Hemeroteca Digital Brasileira<\/a><\/strong><\/span>.<\/p>\n","protected":false},"excerpt":{"rendered":"Publica\u00e7\u00e3o passou a contar com novos recursos, como v\u00eddeos e podcasts &nbsp;&hellip;\n","protected":false},"author":19,"featured_media":6327,"comment_status":"open","ping_status":"open","sticky":false,"template":"","format":"standard","meta":[],"categories":[1,2],"tags":[],"acf":[],"_links":{"self":[{"href":"https:\/\/revistacienciaecultura.org.br\/index.php?rest_route=\/wp\/v2\/posts\/6326"}],"collection":[{"href":"https:\/\/revistacienciaecultura.org.br\/index.php?rest_route=\/wp\/v2\/posts"}],"about":[{"href":"https:\/\/revistacienciaecultura.org.br\/index.php?rest_route=\/wp\/v2\/types\/post"}],"author":[{"embeddable":true,"href":"https:\/\/revistacienciaecultura.org.br\/index.php?rest_route=\/wp\/v2\/users\/19"}],"replies":[{"embeddable":true,"href":"https:\/\/revistacienciaecultura.org.br\/index.php?rest_route=%2Fwp%2Fv2%2Fcomments&post=6326"}],"version-history":[{"count":2,"href":"https:\/\/revistacienciaecultura.org.br\/index.php?rest_route=\/wp\/v2\/posts\/6326\/revisions"}],"predecessor-version":[{"id":6329,"href":"https:\/\/revistacienciaecultura.org.br\/index.php?rest_route=\/wp\/v2\/posts\/6326\/revisions\/6329"}],"wp:featuredmedia":[{"embeddable":true,"href":"https:\/\/revistacienciaecultura.org.br\/index.php?rest_route=\/wp\/v2\/media\/6327"}],"wp:attachment":[{"href":"https:\/\/revistacienciaecultura.org.br\/index.php?rest_route=%2Fwp%2Fv2%2Fmedia&parent=6326"}],"wp:term":[{"taxonomy":"category","embeddable":true,"href":"https:\/\/revistacienciaecultura.org.br\/index.php?rest_route=%2Fwp%2Fv2%2Fcategories&post=6326"},{"taxonomy":"post_tag","embeddable":true,"href":"https:\/\/revistacienciaecultura.org.br\/index.php?rest_route=%2Fwp%2Fv2%2Ftags&post=6326"}],"curies":[{"name":"wp","href":"https:\/\/api.w.org\/{rel}","templated":true}]}}