{"id":6414,"date":"2024-07-01T08:00:47","date_gmt":"2024-07-01T08:00:47","guid":{"rendered":"https:\/\/revistacienciaecultura.org.br\/?p=6414"},"modified":"2024-06-27T17:51:50","modified_gmt":"2024-06-27T17:51:50","slug":"ciencia-cultura-75-anos-divulgando-a-ciencia-no-brasil-2","status":"publish","type":"post","link":"https:\/\/revistacienciaecultura.org.br\/?p=6414","title":{"rendered":"Ci\u00eancia &#038; Cultura: 75 anos divulgando a ci\u00eancia no Brasil"},"content":{"rendered":"<h4 id=\"criada-no-ano-seguinte-a-fundacao-da-sbpc-a-revista-e-o-mais-antigo-veiculo-de-divulgacao-cientifica-em-circulacao-no-brasil\"><span style=\"color: #808080;\">Criada no ano seguinte \u00e0 funda\u00e7\u00e3o da SBPC, a revista \u00e9 o mais antigo ve\u00edculo de divulga\u00e7\u00e3o cient\u00edfica em circula\u00e7\u00e3o no Brasil<\/span><\/h4>\n<p>&nbsp;<\/p>\n<p>A revista\u00a0<span style=\"color: #800000;\"><a style=\"color: #800000;\" href=\"https:\/\/revistacienciaecultura.org.br\/\"><strong>Ci\u00eancia &amp; Cultura<\/strong><\/a>\u00a0<\/span>\u00e9 um dos mais antigos \u2014 e importantes \u2014 ve\u00edculos de divulga\u00e7\u00e3o cient\u00edfica do pa\u00eds.\u00a0Criada em 1949, no ano seguinte \u00e0 funda\u00e7\u00e3o da\u00a0<span style=\"color: #800000;\"><a style=\"color: #800000;\" href=\"http:\/\/www.sbpcnet.org.br\/\"><strong>Sociedade Brasileira para o Progresso da Ci\u00eancia (SBPC)<\/strong><\/a>\u00a0<\/span>a revista se consolidou como uma das publica\u00e7\u00f5es cient\u00edficas mais relevantes do Brasil. Ao longo de seus 75 anos, a publica\u00e7\u00e3o procurou se comunicar tanto com o grande p\u00fablico quanto com a comunidade cient\u00edfica e leitores especializados, tornando-se uma importante ferramenta para os debates contempor\u00e2neos.<\/p>\n<p>Nesses 75 anos, j\u00e1 foram publicadas 466 edi\u00e7\u00f5es. E suas p\u00e1ginas j\u00e1 divulgaram textos de grandes nomes da ci\u00eancia nacional e mundial, como Albert Einstein, Robert Oppenheimer, Carolina Bori e Johanna D\u00f6bereiner. \u201cA Ci\u00eancia e Cultura \u00e9 a mais antiga revista de divulga\u00e7\u00e3o cient\u00edfica no Brasil em circula\u00e7\u00e3o cont\u00ednua. Deve ser uma das mais antigas do mundo\u201d, afirma Renato Janine Ribeiro, professor da Faculdade de Filosofia, Letras e Ci\u00eancias Humanas da Universidade de S\u00e3o Paulo (USP) e presidente da SBPC.<\/p>\n<p>A publica\u00e7\u00e3o nasceu visando a difundir o conhecimento cient\u00edfico e promover uma aproxima\u00e7\u00e3o entre cientistas e o p\u00fablico, visando ser \u201caberta n\u00e3o apenas a cientistas, mas a todos os que se interessem pela ci\u00eancia, por suas aplica\u00e7\u00f5es e pelas consequ\u00eancias destas\u201d, conforme se l\u00ea na contracapa de sua primeira edi\u00e7\u00e3o. \u201cA hist\u00f3ria da ci\u00eancia e cultura est\u00e1 comprometida desde a origem com essa quest\u00e3o da ci\u00eancia e cultura e com a chave desse processo todo, que \u00e9 a comunica\u00e7\u00e3o da ci\u00eancia\u201d, pontua Carlos Vogt, coordenador do Laborat\u00f3rio de Estudos Avan\u00e7ados em Jornalismo (Labjor) da Unicamp e diretor-presidente da Funda\u00e7\u00e3o Conrado Wessel. Carlos Vogt foi reitor da Unicamp (1990-1994) e editor-chefe da Ci\u00eancia &amp; Cultura por dois per\u00edodos (2002-2010 e 2018-2021).<\/p>\n<p>As edi\u00e7\u00f5es da revista s\u00e3o de acesso aberto (<em>open access<\/em>), de car\u00e1ter multidisciplinar, e est\u00e3o dispon\u00edveis online no site da revista e tamb\u00e9m na plataforma<span style=\"color: #800000;\">\u00a0<a style=\"color: #800000;\" href=\"http:\/\/cienciaecultura.bvs.br\/scielo.php?script=sci_serial&amp;pid=0009-6725&amp;lng=pt&amp;nrm=iso\"><strong>Scielo<\/strong><\/a><\/span>. De publica\u00e7\u00e3o trimestral, a cada edi\u00e7\u00e3o a revista escolhe um tema para abord\u00e1-lo do ponto de vista da ci\u00eancia, cultura, arte e filosofia. Todos os meses, um novo cap\u00edtulo \u00e9 publicado, trazendo novos artigos, ensaios, reportagens e textos de opini\u00e3o. Al\u00e9m disso, com a digitaliza\u00e7\u00e3o, a revista passou a disponibilizar um\u00a0<a href=\"https:\/\/revistacienciaecultura.org.br\/?cat=2\"><strong><span style=\"color: #800000;\">blog<\/span><\/strong><\/a>, com not\u00edcias e entrevistas exclusivas, e uma\u00a0<span style=\"color: #800000;\"><a style=\"color: #800000;\" href=\"https:\/\/revistacienciaecultura.org.br\/?page_id=5339\"><strong>newsletter<\/strong><\/a><\/span>. A publica\u00e7\u00e3o tamb\u00e9m passou a contar com\u00a0<span style=\"color: #800000;\"><a style=\"color: #800000;\" href=\"https:\/\/revistacienciaecultura.org.br\/?cat=4\"><strong>podcasts<\/strong><\/a><\/span>\u00a0e\u00a0<span style=\"color: #800000;\"><a style=\"color: #800000;\" href=\"https:\/\/www.youtube.com\/channel\/UCSBnKTwTjmbTy8wEUQq6zyA\/videos\"><strong>v\u00eddeos<\/strong><\/a><\/span><strong>\u00a0<\/strong>que combinam cultura, tecnologia, inova\u00e7\u00e3o, arte e filosofia em hist\u00f3rias contadas por cientistas, jornalistas e pensadores. \u201cEstamos usando esses meios para difundir, mas n\u00e3o \u00e9 trivial voc\u00ea pegar uma revista que tem um car\u00e1ter interdisciplinar, e que tem de apresentar a ci\u00eancia tamb\u00e9m de uma maneira qualificada, com evid\u00eancia, com dados, com estudos, e expressar isso para a sociedade. N\u00e3o \u00e9, obviamente, f\u00e1cil fazer uma divulga\u00e7\u00e3o cient\u00edfica com qualidade que atinja as pessoas\u201d, aponta Ildeu de Castro Moreira, professor do Instituto de F\u00edsica da Universidade Federal do Rio de Janeiro (UFRJ) e presidente de honra da SBPC.<\/p>\n<p>A\u00a0<span style=\"color: #800000;\"><a style=\"color: #800000;\" href=\"https:\/\/revistacienciaecultura.org.br\/\"><strong>Ci\u00eancia &amp; Cultura<\/strong><\/a><\/span>\u00a0passou por fases diversas, mas sempre visou informar a comunidade cient\u00edfica sobre quest\u00f5es importantes para a ci\u00eancia no Brasil, contribuindo para o debate de grandes temas cient\u00edficos e culturais da atualidade, atraindo a aten\u00e7\u00e3o das novas gera\u00e7\u00f5es de pesquisadores e oferecendo conte\u00fados para uma reflex\u00e3o sobre tais temas. \u201cA linha editorial da revista buscou contribuir sempre para o debate de grandes temas cient\u00edficos e culturais da atualidade, e atrair a aten\u00e7\u00e3o principalmente das novas gera\u00e7\u00f5es de pesquisadores e informa\u00e7\u00e3o para uma reflex\u00e3o cr\u00edtica e continuada e sistem\u00e1tica sobre tais temas\u201d, afirma Fernanda Antonia da Fonseca Sobral, professora em\u00e9rita do Departamento de Sociologia da Universidade de Bras\u00edlia (UnB) e Diretora da SBPC.<\/p>\n<p><strong>Assista ao v\u00eddeo!<\/strong><\/p>\n<p>&nbsp;<\/p>\n<p><iframe loading=\"lazy\" title=\"Ci\u00eancia &amp; Cultura: 75 anos divulgando a ci\u00eancia no Brasil\" width=\"1200\" height=\"675\" src=\"https:\/\/www.youtube.com\/embed\/HsTWH8YvgNQ?feature=oembed\" frameborder=\"0\" allow=\"accelerometer; autoplay; clipboard-write; encrypted-media; gyroscope; picture-in-picture; web-share\" referrerpolicy=\"strict-origin-when-cross-origin\" allowfullscreen><\/iframe><\/p>\n","protected":false},"excerpt":{"rendered":"Criada no ano seguinte \u00e0 funda\u00e7\u00e3o da SBPC, a revista \u00e9 o&hellip;\n","protected":false},"author":19,"featured_media":6415,"comment_status":"open","ping_status":"open","sticky":false,"template":"","format":"standard","meta":[],"categories":[5],"tags":[],"acf":[],"_links":{"self":[{"href":"https:\/\/revistacienciaecultura.org.br\/index.php?rest_route=\/wp\/v2\/posts\/6414"}],"collection":[{"href":"https:\/\/revistacienciaecultura.org.br\/index.php?rest_route=\/wp\/v2\/posts"}],"about":[{"href":"https:\/\/revistacienciaecultura.org.br\/index.php?rest_route=\/wp\/v2\/types\/post"}],"author":[{"embeddable":true,"href":"https:\/\/revistacienciaecultura.org.br\/index.php?rest_route=\/wp\/v2\/users\/19"}],"replies":[{"embeddable":true,"href":"https:\/\/revistacienciaecultura.org.br\/index.php?rest_route=%2Fwp%2Fv2%2Fcomments&post=6414"}],"version-history":[{"count":2,"href":"https:\/\/revistacienciaecultura.org.br\/index.php?rest_route=\/wp\/v2\/posts\/6414\/revisions"}],"predecessor-version":[{"id":6417,"href":"https:\/\/revistacienciaecultura.org.br\/index.php?rest_route=\/wp\/v2\/posts\/6414\/revisions\/6417"}],"wp:featuredmedia":[{"embeddable":true,"href":"https:\/\/revistacienciaecultura.org.br\/index.php?rest_route=\/wp\/v2\/media\/6415"}],"wp:attachment":[{"href":"https:\/\/revistacienciaecultura.org.br\/index.php?rest_route=%2Fwp%2Fv2%2Fmedia&parent=6414"}],"wp:term":[{"taxonomy":"category","embeddable":true,"href":"https:\/\/revistacienciaecultura.org.br\/index.php?rest_route=%2Fwp%2Fv2%2Fcategories&post=6414"},{"taxonomy":"post_tag","embeddable":true,"href":"https:\/\/revistacienciaecultura.org.br\/index.php?rest_route=%2Fwp%2Fv2%2Ftags&post=6414"}],"curies":[{"name":"wp","href":"https:\/\/api.w.org\/{rel}","templated":true}]}}