{"id":6436,"date":"2024-07-02T07:30:45","date_gmt":"2024-07-02T07:30:45","guid":{"rendered":"https:\/\/revistacienciaecultura.org.br\/?p=6436"},"modified":"2024-07-01T18:34:11","modified_gmt":"2024-07-01T18:34:11","slug":"contagem-regressiva-76a-reuniao-anual-da-sbpc-comeca-neste-domingo","status":"publish","type":"post","link":"https:\/\/revistacienciaecultura.org.br\/?p=6436","title":{"rendered":"Contagem regressiva: 76\u00aa Reuni\u00e3o Anual da SBPC come\u00e7a neste domingo!"},"content":{"rendered":"<h4 id=\"de-7-a-13-de-julho-belem-sediara-o-maior-evento-cientifico-da-america-latina-sao-centenas-de-atividades-para-todos-os-interesses-e-idades-inscricoes-gratuitas-participe\"><span style=\"color: #808080;\">De 7 a 13 de julho, Bel\u00e9m sediar\u00e1 o maior evento cient\u00edfico da Am\u00e9rica Latina. S\u00e3o centenas de atividades para todos os interesses e idades. Inscri\u00e7\u00f5es gratuitas. Participe!<\/span><\/h4>\n<p>&nbsp;<\/p>\n<p>Bel\u00e9m recebe, a partir de domingo, a 76\u00aa Reuni\u00e3o Anual da Sociedade Brasileira para o Progresso da Ci\u00eancia (SBPC), o maior evento cient\u00edfico da Am\u00e9rica Latina. A abertura ser\u00e1 no dia 7 de julho, no Theatro da Paz, e a programa\u00e7\u00e3o seguir\u00e1 de 8 a 13 de julho, no campus Guam\u00e1 da Universidade Federal do Par\u00e1 (UFPA), em Bel\u00e9m. O evento \u00e9 aberto a todos e gratuito.<\/p>\n<p>Quem fizer a inscri\u00e7\u00e3o, sem custo algum, e efetuar o credenciamento na Secretaria da SBPC, que ser\u00e1 instalada na UFPA durante a semana do evento, receber\u00e1 um\u00a0<strong>certificado online<\/strong>\u00a0de participa\u00e7\u00e3o geral (sem carga hor\u00e1ria e sem descri\u00e7\u00e3o das atividades).<\/p>\n<p>Esta edi\u00e7\u00e3o tem como tema a\u00a0<strong>\u201cCi\u00eancia para um futuro sustent\u00e1vel e inclusivo: por um novo contrato social com a natureza\u201d.<\/strong><\/p>\n<p>Um destaque s\u00e3o os representantes de cinco pastas ministeriais que realizar\u00e3o confer\u00eancias no evento, entre os dias 8 e 12 de julho<strong>: Luciana Santos (MCTI), N\u00edsia Trindade (MS), Marina Silva (MMA), Simone Tebet (MMO) e Camilo Santana (MEC)<\/strong>.<\/p>\n<p>Ao todo, a programa\u00e7\u00e3o cient\u00edfica ter\u00e1\u00a0<strong>286<\/strong>\u00a0atividades, entre debates, mesas-redondas e sess\u00f5es especiais, com renomados cientistas, autoridades e personalidades de diversas \u00e1reas compartilhando suas perspectivas sobre o tema desta edi\u00e7\u00e3o da Reuni\u00e3o Anual.<\/p>\n<p>Ser\u00e3o\u00a0<strong>208 debates presenciais<\/strong>\u00a0e\u00a0<strong>78 virtuais<\/strong>, com o objetivo de engajar e inspirar p\u00fablicos de todos os grupos e interesses. A programa\u00e7\u00e3o completa est\u00e1 dispon\u00edvel no site do evento (<span style=\"color: #800000;\"><strong><a style=\"color: #800000;\" href=\"https:\/\/ra.sbpcnet.org.br\/76RA\/\" target=\"_blank\" rel=\"noopener\">https:\/\/ra.sbpcnet.org.br\/76RA\/<\/a><\/strong><\/span>).<\/p>\n<p>Seguindo o tema desta edi\u00e7\u00e3o, as\u00a0<span style=\"color: #800000;\"><strong><a style=\"color: #800000;\" href=\"https:\/\/www.jornaldaciencia.org.br\/meio-ambiente-no-centro-dos-debates-da-76a-reuniao-anual-da-sbpc\/\">quest\u00f5es ligadas ao Meio Ambiente<\/a><\/strong><\/span>\u00a0estar\u00e3o no centro dos debates desta 76\u00aa Reuni\u00e3o Anual da SBPC. O evento ser\u00e1 uma oportunidade para discutir a import\u00e2ncia estrat\u00e9gica do desenvolvimento sustent\u00e1vel do pa\u00eds, e em particular da Amaz\u00f4nia, intensificar o debate sobre as mudan\u00e7as clim\u00e1ticas, e contribuir na prepara\u00e7\u00e3o das discuss\u00f5es cient\u00edficas para a 30\u00aa Confer\u00eancia das Partes da Conven\u00e7\u00e3o-Quadro das Na\u00e7\u00f5es Unidas sobre Mudan\u00e7a do Clima (COP30) em novembro de 2025.<\/p>\n<p>Renato Janine Ribeiro, presidente da SBPC, conta que a entidade tomou a iniciativa de propor \u00e0 UFPA sediar a 76\u00aa Reuni\u00e3o Anual da SBPC \u00e0 Bel\u00e9m pela oportunidade de realizar na regi\u00e3o Amaz\u00f4nica um evento para discutir e promover a sustentabilidade em tempos de crise clim\u00e1tica. \u201cSer\u00e1 uma reuni\u00e3o bel\u00edssima, com uma programa\u00e7\u00e3o cultural muito intensa organizada pela UFPA. O evento ir\u00e1 reunir cientistas e pesquisadores de diferentes regi\u00f5es do Pa\u00eds, mas todos com o foco de debater e estabelecer um novo contrato social com a natureza. Queremos pensar como podemos construir uma sociedade mais justa e sustent\u00e1vel.\u201d<\/p>\n<p>Claudia Linhares Sales, secret\u00e1ria-geral da SBPC e tamb\u00e9m respons\u00e1vel pela coordena\u00e7\u00e3o do evento, acredita que a realiza\u00e7\u00e3o desta Reuni\u00e3o Anual no Par\u00e1, na regi\u00e3o amaz\u00f4nica, dar\u00e1 mais visibilidade \u00e0s discuss\u00f5es sobre o Meio Ambiente e para o importante trabalho de cientistas e institui\u00e7\u00f5es de todo o Pa\u00eds em busca de solu\u00e7\u00f5es para a crise ambiental. \u201cA gente espera que a SBPC antecipe os grandes debates da COP30, porque as solu\u00e7\u00f5es para a Amaz\u00f4nia brasileira t\u00eam que ser encontradas no Brasil, com a ci\u00eancia que se faz aqui. Afinal, quem mais conhece a Amaz\u00f4nia s\u00e3o os cientistas e a popula\u00e7\u00e3o locais\u201d, diz.<\/p>\n<p>Linhares conta ainda que, al\u00e9m das discuss\u00f5es ao redor do tema central do evento, a entidade promover\u00e1 ainda debates sobre a pol\u00edtica nacional, como o or\u00e7amento e a estrat\u00e9gia para ci\u00eancia, tecnologia e inova\u00e7\u00e3o, educa\u00e7\u00e3o e sa\u00fade p\u00fablica, entre outros. \u201cE, al\u00e9m da programa\u00e7\u00e3o cient\u00edfica de excel\u00eancia, os participantes ter\u00e3o tamb\u00e9m a oportunidade de explorar atividades l\u00fadicas e imersivas que envolvem o mundo da ci\u00eancia e da cultura\u201d, ressalta.<\/p>\n<p>&nbsp;<\/p>\n<h4 id=\"atividades-ludicas-e-culturais\"><strong>Atividades l\u00fadicas e culturais<\/strong><\/h4>\n<p>Uma novidade deste ano \u00e9 o\u00a0<strong>Espa\u00e7o \u201cInf\u00e2ncias Mair\u00ed na SBPC\u201d<\/strong>, uma tenda de 100m\u00b2 que receber\u00e1 uma s\u00e9rie oficinas de temas cient\u00edficos desenvolvidos\u00a0<strong>especialmente para crian\u00e7as menores de cinco anos de idade<\/strong>. A atividade \u00e9 uma parceria com a Secretaria Municipal de Educa\u00e7\u00e3o (Semec) de Bel\u00e9m.<\/p>\n<p>Nesse espa\u00e7o, as crian\u00e7as poder\u00e3o trabalhar com elementos naturais e que contribuir\u00e3o para o despertar da consci\u00eancia sobre o meio ambiente, que \u00e9 a proposta desta Reuni\u00e3o Anual. Durante toda a semana, ser\u00e3o disponibilizadas quatro oficinas: \u201cUsina de pigmentos naturais\u201d; \u201cA transforma\u00e7\u00e3o da argila\u201d; \u201cBrinquedos de Equil\u00edbrios e Ventos\u201d e \u201cA qu\u00edmica das bolhas\u00a0de\u00a0sab\u00e3o\u201d.<\/p>\n<p>No dia 8 de julho, inaugurando\u00a0<strong>\u201cInf\u00e2ncias Mair\u00ed na SBPC\u201d<\/strong>, 250 crian\u00e7as ser\u00e3o trazidas ao evento cient\u00edfico diretamente da regi\u00e3o das ilhas, aportando no p\u00eder do campus Guam\u00e1 da UFPA. Ao todo, 36 barcos escolares, em cortejo, conduzir\u00e3o alunas(os) e professoras(as) das ilhas e \u00e1reas ribeirinhas para abra\u00e7ar a SBPC e a Ci\u00eancia.<\/p>\n<p>A tem\u00e1tica Afro e Ind\u00edgena tamb\u00e9m ser\u00e1 amplamente abordada em espa\u00e7os como a\u00a0<strong>Maloca da Beira do Rio\u00a0<\/strong>e a<strong>\u00a0Tenda Afro e Ind\u00edgena<\/strong>, com rodas de conversa, oficinas e exposi\u00e7\u00f5es culturais. Esses locais servir\u00e3o como vitrines para expressar as identidades e lutas desses grupos, promovendo o encontro de saberes e fazeres.<\/p>\n<p>&nbsp;<\/p>\n<h4 id=\"cultura-alimentar\"><strong>Cultura alimentar<\/strong><\/h4>\n<p><strong>Outra novidade do evento \u00e9 que os participantes poder\u00e3o degustar a culin\u00e1ria t\u00edpica paraense no<\/strong>\u00a0\u201c<strong>Paneiro: Espa\u00e7o da Cultura Alimentar\u201d<\/strong>. Na tenda montada na beira do Rio Guam\u00e1, ser\u00e1 poss\u00edvel, al\u00e9m de provar a comida regional, conhecer um pouco da hist\u00f3ria e das tradi\u00e7\u00f5es que est\u00e3o por tr\u00e1s de alguns preparos. Ser\u00e1 montado um palco para receber diversas apresenta\u00e7\u00f5es, incluindo demonstra\u00e7\u00f5es e aulas show de culin\u00e1ria.<\/p>\n<p>Tamb\u00e9m promovendo a cultura e arte regionais e nacionais, o evento promover\u00e1 a\u00a0<strong>Feira da Economia Solid\u00e1ria e Diversidade,\u00a0<\/strong>que reunir\u00e1 mais de 40 expositores de todo o Pa\u00eds, pessoas que fazem parte de redes de coopera\u00e7\u00e3o e que atuam na perspectiva da economia solid\u00e1ria, expondo e comercializando produtos naturais, oriundos de empresas geralmente familiares ou iniciativas populares.<\/p>\n<p>A tem\u00e1tica Afro e Ind\u00edgena ser\u00e1 amplamente abordada em espa\u00e7os como a\u00a0<strong>Maloca da Beira do Rio<\/strong>\u00a0e a\u00a0<strong>Tenda Afro e Ind\u00edgena<\/strong>, com rodas de conversa, oficinas e exposi\u00e7\u00f5es culturais. Esses locais servir\u00e3o como vitrines para expressar as identidades e lutas desses grupos, promovendo o encontro de saberes e fazeres.<\/p>\n<p>Al\u00e9m dessas novidades, a 76\u00aa Reuni\u00e3o Anual da SBPC contar\u00e1 com suas atividades tradicionais, como a\u00a0<strong>ExpoT&amp;C<\/strong>,\u00a0<strong>SBPC Jovem<\/strong>\u00a0e a\u00a0<strong>Sess\u00e3o de P\u00f4steres<\/strong>.<\/p>\n<p>A\u00a0<strong>ExpoT&amp;C,\u00a0<\/strong>que \u00e9 um dos pontos altos do evento, reunindo mais de 45 expositores de universidades, institutos de pesquisa, ag\u00eancias de fomento e setor empresarial, que apresentar\u00e3o as mais novas tecnologias e inova\u00e7\u00f5es desenvolvidas aqui no Brasil. Desde avan\u00e7os na biotecnologia e na ci\u00eancia dos materiais at\u00e9 inova\u00e7\u00f5es em tecnologias de informa\u00e7\u00e3o e comunica\u00e7\u00e3o, a ExpoT&amp;C mostrar\u00e1 como a pesquisa cient\u00edfica e tecnol\u00f3gica brasileira est\u00e1 na vanguarda do desenvolvimento global.<\/p>\n<p>Na\u00a0<strong>SBPC Jovem<\/strong>, que reunir\u00e1 71 estandes onde os participantes poder\u00e3o explorar oficinas, rodas de conversa, bate-papo com cientistas, caf\u00e9 com ci\u00eancia e demais atividades. O p\u00fablico focal s\u00e3o estudantes e professores da educa\u00e7\u00e3o b\u00e1sica, mas, na verdade, as atra\u00e7\u00f5es conquistam todas as idades. \u00a0Entre os destaques est\u00e3o o Circo da Ci\u00eancia, um espa\u00e7o de encontro das institui\u00e7\u00f5es afiliadas \u00e0 Associa\u00e7\u00e3o Brasileira de Centros e Museus de Ci\u00eancias, e o Ci\u00eancia M\u00f3vel, onde museus e laborat\u00f3rios itinerantes de diversos estados do Pa\u00eds. O espa\u00e7o ainda abrigar\u00e1 a\u00a0Mostra de Feiras de Ci\u00eancias, que dever\u00e1 reunir no m\u00ednimo 200 trabalhos cient\u00edficos oriundos em torno de dez estados do pa\u00eds.<\/p>\n<p>A\u00a0<strong>Sess\u00e3o de P\u00f4steres\u00a0<\/strong>desta edi\u00e7\u00e3o ir\u00e1 expor\u00a0<strong>391<\/strong>\u00a0trabalhos de pesquisas cient\u00edficas e tecnol\u00f3gicas, experi\u00eancias de ensino-aprendizagem e relatos de caso ou experi\u00eancias. Do total,\u00a0<strong>209\u00a0<\/strong>ser\u00e3o apresentados presencialmente.<\/p>\n<p>Os\u00a0<strong><span style=\"color: #800000;\"><a style=\"color: #800000;\" href=\"https:\/\/www.jornaldaciencia.org.br\/minicursos-da-76a-reuniao-anual-da-sbpc-estao-com-inscricoes-abertas\/\" target=\"_blank\" rel=\"noopener\">minicursos presenciais est\u00e3o de volta nesta 76\u00aa edi\u00e7\u00e3o da Reuni\u00e3o Anual da SBPC<\/a><\/span>.<\/strong>\u00a0Ser\u00e3o oferecidos 46 minicursos no campus Guam\u00e1 da UFPA e 32 webminicursos online, totalizando 78 cursos em diversas \u00e1reas do conhecimento.<\/p>\n<p>E para relaxar e se divertir, os participantes poder\u00e3o curtir as atra\u00e7\u00f5es da\u00a0<strong>SBPC Cultural<\/strong>. Com uma programa\u00e7\u00e3o diversificada, coletivos\u00a0populares locais e grupos de m\u00fasica, teatro e dan\u00e7a da UFPA realizar\u00e3o apresenta\u00e7\u00f5es no campus Guam\u00e1 nos intervalos das programa\u00e7\u00f5es cient\u00edficas. Os participantes tamb\u00e9m poder\u00e3o conhecer mais sobre as m\u00faltiplas linguagens culturais paraenses por meio de programa\u00e7\u00f5es que ocorrer\u00e3o em Bel\u00e9m no per\u00edodo\u00a0do evento.<\/p>\n<p>Para encerrar essa semana especial, no dia 13 de julho, s\u00e1bado, nas tendas da SBPC Jovem e da ExpoT&amp;C, ocorrer\u00e1 mais uma edi\u00e7\u00e3o do\u00a0<strong>Dia da Fam\u00edlia na Ci\u00eancia<\/strong>, cuja programa\u00e7\u00e3o \u00e9 dirigida \u00e0 comunidade. Os participantes ter\u00e3o a oportunidade de explorar atividades interativas de ci\u00eancia e tecnologia, aprender sobre experi\u00eancias cient\u00edficas e ter suas quest\u00f5es respondidas por cientistas. O Dia da Fam\u00edlia na Ci\u00eancia tamb\u00e9m \u00e9 gratuito e aberto a todas as crian\u00e7as, jovens, adultos, familiares e amigos.<\/p>\n<p>&nbsp;<\/p>\n<h4 id=\"festa-da-ciencia\"><strong>Festa da Ci\u00eancia\u00a0<\/strong><\/h4>\n<p>Criada em 1948, a SBPC \u00e9 uma entidade voltada \u00e0 defesa do avan\u00e7o cient\u00edfico e tecnol\u00f3gico e do desenvolvimento educacional e cultural do Brasil. Desde 1949, a entidade realiza, ininterruptamente, as Reuni\u00f5es Anuais, com os objetivos de difundir para toda a popula\u00e7\u00e3o os avan\u00e7os da Ci\u00eancia nacional nas diversas \u00e1reas do conhecimento, al\u00e9m de debater pol\u00edticas p\u00fablicas nas \u00e1reas de Ci\u00eancia, Tecnologia, Inova\u00e7\u00e3o e Educa\u00e7\u00e3o.<\/p>\n<p>As atividades do evento t\u00eam livre acesso e os participantes podem consultar a programa\u00e7\u00e3o gratuitamente no site e se programar para visitar o evento e assistir \u00e0s atividades. As \u00fanicas atividades que requerem matr\u00edcula antecipada (e com taxa) s\u00e3o os minicursos e webminicursos.<\/p>\n<p>Informa\u00e7\u00f5es sobre programa\u00e7\u00e3o e todo o evento podem ser acessadas no site:\u00a0<span style=\"color: #800000;\"><strong><a style=\"color: #800000;\" href=\"https:\/\/ra.sbpcnet.org.br\/76RA\/\" target=\"_blank\" rel=\"noopener\">https:\/\/ra.sbpcnet.org.br\/76RA\/<\/a><\/strong><\/span>.<\/p>\n<p><strong>Os jornalistas interessados em cobrir as atividades do encontro j\u00e1 podem fazer seu credenciamento<\/strong>\u00a0<span style=\"color: #800000;\"><a style=\"color: #800000;\" href=\"https:\/\/docs.google.com\/forms\/d\/e\/1FAIpQLSemxq8lKEHI9KAfujAKz3mm4hWc9quEjuf5hnvAorVzRr2ysw\/viewform\" target=\"_blank\" rel=\"noopener\"><strong>acessando este link<\/strong><\/a><\/span><strong>.<\/strong><\/p>\n<p>A 76\u00aa edi\u00e7\u00e3o \u00e9 uma realiza\u00e7\u00e3o da UFPA e da SBPC, que tem como s\u00f3cios institucionais a Funda\u00e7\u00e3o Carlos Chagas Filho de Amparo \u00e0 Pesquisa do Estado do Rio de Janeiro (Faperj), a Financiadora de Estudos e Projetos (Finep), a Funda\u00e7\u00e3o Oswaldo Cruz (Fiocruz) e o Instituto de Ci\u00eancia, Tecnologia e Inova\u00e7\u00e3o de Maric\u00e1 (ICTIM). Os patrocinadores s\u00e3o a Funda\u00e7\u00e3o de Amparo e Desenvolvimento da Pesquisa (Fadesp), a Finep, Funda\u00e7\u00e3o Amaz\u00f4nia de Amparo a Estudos e Pesquisas (Fapespa) e a Funda\u00e7\u00e3o de Amparo \u00e0 Pesquisa do Estado de S\u00e3o Paulo (Fapesp).<\/p>\n<p>Esta Reuni\u00e3o Anual tem como parceiros institucionais a Universidade do Estado do Par\u00e1 (Uepa), o Instituto Federal do Par\u00e1 (IFPA), a Universidade Federal do Oeste do Par\u00e1 (Ufopa), a Universidade Federal do Sul e Sudeste do Par\u00e1 (Unifesspa), a Universidade Federal Rural da Amaz\u00f4nia (Ufra) e o Museu Paraense Em\u00edlio Goeldi (MPEG).<\/p>\n<p>Conta, tamb\u00e9m, com o apoio da Prefeitura de Bel\u00e9m, da Semec, da Secretaria de Estado de Cultura-SECULT-PA, da Coordena\u00e7\u00e3o de Aperfei\u00e7oamento de Pessoal de N\u00edvel Superior (CAPES), do Conselho Nacional de Desenvolvimento Cient\u00edfico e Tecnol\u00f3gico (CNPq), do Minist\u00e9rio da Educa\u00e7\u00e3o, do Minist\u00e9rio da Ci\u00eancia, Tecnologia e Inova\u00e7\u00e3o e Minist\u00e9rio de Desenvolvimento Social.<\/p>\n<p>Para mais informa\u00e7\u00f5es:\u00a0<span style=\"color: #800000;\"><strong><a style=\"color: #800000;\" href=\"https:\/\/ra.sbpcnet.org.br\/76RA\/\" target=\"_blank\" rel=\"noopener\">https:\/\/ra.sbpcnet.org.br\/76RA\/<\/a><\/strong><\/span><\/p>\n<p><span style=\"color: #808080;\"><em>Jornal da Ci\u00eancia<\/em><\/span><\/p>\n","protected":false},"excerpt":{"rendered":"De 7 a 13 de julho, Bel\u00e9m sediar\u00e1 o maior evento cient\u00edfico&hellip;\n","protected":false},"author":19,"featured_media":5240,"comment_status":"open","ping_status":"open","sticky":false,"template":"","format":"standard","meta":[],"categories":[1,2],"tags":[],"acf":[],"_links":{"self":[{"href":"https:\/\/revistacienciaecultura.org.br\/index.php?rest_route=\/wp\/v2\/posts\/6436"}],"collection":[{"href":"https:\/\/revistacienciaecultura.org.br\/index.php?rest_route=\/wp\/v2\/posts"}],"about":[{"href":"https:\/\/revistacienciaecultura.org.br\/index.php?rest_route=\/wp\/v2\/types\/post"}],"author":[{"embeddable":true,"href":"https:\/\/revistacienciaecultura.org.br\/index.php?rest_route=\/wp\/v2\/users\/19"}],"replies":[{"embeddable":true,"href":"https:\/\/revistacienciaecultura.org.br\/index.php?rest_route=%2Fwp%2Fv2%2Fcomments&post=6436"}],"version-history":[{"count":3,"href":"https:\/\/revistacienciaecultura.org.br\/index.php?rest_route=\/wp\/v2\/posts\/6436\/revisions"}],"predecessor-version":[{"id":6439,"href":"https:\/\/revistacienciaecultura.org.br\/index.php?rest_route=\/wp\/v2\/posts\/6436\/revisions\/6439"}],"wp:featuredmedia":[{"embeddable":true,"href":"https:\/\/revistacienciaecultura.org.br\/index.php?rest_route=\/wp\/v2\/media\/5240"}],"wp:attachment":[{"href":"https:\/\/revistacienciaecultura.org.br\/index.php?rest_route=%2Fwp%2Fv2%2Fmedia&parent=6436"}],"wp:term":[{"taxonomy":"category","embeddable":true,"href":"https:\/\/revistacienciaecultura.org.br\/index.php?rest_route=%2Fwp%2Fv2%2Fcategories&post=6436"},{"taxonomy":"post_tag","embeddable":true,"href":"https:\/\/revistacienciaecultura.org.br\/index.php?rest_route=%2Fwp%2Fv2%2Ftags&post=6436"}],"curies":[{"name":"wp","href":"https:\/\/api.w.org\/{rel}","templated":true}]}}