{"id":6471,"date":"2024-07-09T07:30:08","date_gmt":"2024-07-09T07:30:08","guid":{"rendered":"https:\/\/revistacienciaecultura.org.br\/?p=6471"},"modified":"2024-07-08T19:27:14","modified_gmt":"2024-07-08T19:27:14","slug":"sessao-de-abertura-da-76a-reuniao-anual-da-sbpc-reafirma-valores-cientificos-e-democraticos","status":"publish","type":"post","link":"https:\/\/revistacienciaecultura.org.br\/?p=6471","title":{"rendered":"Sess\u00e3o de abertura da 76a Reuni\u00e3o Anual da SBPC reafirma valores cient\u00edficos e democr\u00e1ticos"},"content":{"rendered":"<h4 id=\"em-cerimonia-nesse-domingo-7-7-que-lotou-o-theatro-da-paz-em-belem-autoridades-cientistas-professores-e-estudantes-reiteraram-apoio-a-democracia-e-a-necessidade-de-mais-investimentos-em-cti\"><span style=\"color: #808080;\">Em cerim\u00f4nia nesse domingo (7\/7) que lotou o Theatro da Paz, em Bel\u00e9m, autoridades, cientistas, professores e estudantes reiteraram apoio \u00e0 democracia e a necessidade de mais investimentos em CT&amp;I<\/span><\/h4>\n<p>&nbsp;<\/p>\n<p>Um espet\u00e1culo musical emocionante e discursos de reafirma\u00e7\u00e3o dos valores democr\u00e1ticos marcaram a Sess\u00e3o Solene de Abertura da 76\u00aa Reuni\u00e3o Anual da Sociedade Brasileira para o Progresso da Ci\u00eancia (SBPC), realizada neste domingo no Theatro da Paz, em Bel\u00e9m (PA).<\/p>\n<p>A cerim\u00f4nia iniciou com um concerto da Orquestra Sinf\u00f4nica Altino Pimenta da Escola de M\u00fasica da Universidade Federal do Par\u00e1 (UFPA), com reg\u00eancia do professor Miguel Campos Neto. Na sequ\u00eancia a apresenta\u00e7\u00e3o ficou com o Coro Universit\u00e1rio da UFPA \u2013 Corun\u00ed, sob reg\u00eancia da professora Cristina Mami Owtake; a Madrigal Escola de M\u00fasica da UFPA, com reg\u00eancia do professor Adamilson Guimar\u00e3es de Abreu; e Minicortejo de Abertura (EMUFPA-Catum e convidados), sob coordena\u00e7\u00e3o do professor Kleber Moraes Benigno.<\/p>\n<p>O presidente da SBPC, Renato Janine Ribeiro, destacou a escolha de Bel\u00e9m como sede desta edi\u00e7\u00e3o da Reuni\u00e3o Anual, celebrando a cidade com o poema \u201cBel\u00e9m do Par\u00e1\u201d, de Manuel Bandeira, que exalta sua beleza e cultura. Segundo ele, a realiza\u00e7\u00e3o da COP 30, em 2025, na capital paraense, foi uma feliz coincid\u00eancia, mas o que pesou na escolha foi o fato de a cidade ser uma importante porta de entrada para a Amaz\u00f4nia, e que abriga uma das principais universidades da regi\u00e3o Norte. Tudo isso, tem um car\u00e1ter simb\u00f3lico muito forte diante de emerg\u00eancias ambientais e sociais, observou: \u201cCar\u00e1ter simb\u00f3lico da Amaz\u00f4nia, car\u00e1ter simb\u00f3lico da gente vir aqui, a imagem de um mundo que consiga superar o aquecimento clim\u00e1tico.\u201d<\/p>\n<p>Em alus\u00e3o ao tema central do evento, Janine Ribeiro enfatizou a necessidade de um novo contrato social entre a humanidade e a natureza, ressaltando a interdepend\u00eancia entre desenvolvimento sustent\u00e1vel e inclus\u00e3o social. Ele tamb\u00e9m defendeu o reconhecimento e a valoriza\u00e7\u00e3o do trabalho humano na preserva\u00e7\u00e3o da Amaz\u00f4nia e a busca por um progresso inclusivo e sustent\u00e1vel.<br \/>\n\u201cDemocracia inclui os direitos humanos, desde a Declara\u00e7\u00e3o Universal de 1948, e inclui os direitos sociais e os ambientais tamb\u00e9m. Ent\u00e3o, por conta disso, pensamos a rela\u00e7\u00e3o entre o ser humano e a natureza. N\u00e3o \u00e9 uma rela\u00e7\u00e3o de um indiv\u00edduo com a natureza, \u00e9 uma rela\u00e7\u00e3o desse coletivo, que se faz coletivo na medida em que se liga com a natureza. O pacto com a natureza n\u00e3o \u00e9 do indiv\u00edduo, ele \u00e9 da sociedade. Isso tudo tem muito a ver com a ci\u00eancia. Eu gosto de fazer uma troca na ordem das palavras que comp\u00f5em o nome da Sociedade Brasileira para o Progresso da Ci\u00eancia, dizendo que almejamos que a ci\u00eancia sirva para o progresso da sociedade brasileira. Quer dizer, o nosso papel aqui \u00e9 garantir um progresso da sociedade\u201d, declarou o presidente da SBPC.<\/p>\n<p>Luciana Santos, ministra da Ci\u00eancia, Tecnologia e Inova\u00e7\u00e3o (MCTI), come\u00e7ou seu discurso enfatizando o papel crucial da SBPC na sociedade. Para ela, a entidade n\u00e3o apenas defende a ci\u00eancia brasileira, mas tamb\u00e9m contribui significativamente para a formula\u00e7\u00e3o do pensamento nacional e o desenvolvimento de propostas de ci\u00eancia e tecnologia.<\/p>\n<p>\u201c\u00c9 essencial reconhecer a import\u00e2ncia da SBPC no avan\u00e7o da educa\u00e7\u00e3o superior, bem como seu compromisso com a democracia, a inclus\u00e3o social e a constru\u00e7\u00e3o de um futuro melhor e mais justo\u201d, afirmou. A ministra tamb\u00e9m anunciou v\u00e1rias conquistas de seu Minist\u00e9rio, como o reajuste das bolsas de pesquisa, a abertura do primeiro concurso p\u00fablico do MCTI em 10 anos, e o lan\u00e7amento de novos editais de pesquisa e do Plano Ennio Candotti. Esta iniciativa, que homenageia o f\u00edsico e ex-presidente da SBPC, falecido em dezembro, prev\u00ea investimentos at\u00e9 2026 em infraestrutura de pesquisa, apoio \u00e0 inova\u00e7\u00e3o, seguran\u00e7a alimentar e outras a\u00e7\u00f5es na Amaz\u00f4nia. \u201cH\u00e1 uma s\u00e9rie de a\u00e7\u00f5es para colocar a ci\u00eancia a servi\u00e7o do conhecimento, da sustentabilidade, e do desenvolvimento econ\u00f4mico e social\u201d, declarou.<\/p>\n<p>Luciana Santos ressaltou ainda a necessidade de resgatar o papel da ci\u00eancia como ferramenta para solucionar problemas nacionais, como a fome, a desigualdade, a crise clim\u00e1tica, bem como para promover o desenvolvimento sustent\u00e1vel e inclusivo. \u201cAcreditamos que estabelecer fontes est\u00e1veis de financiamento para pol\u00edticas de ci\u00eancia e tecnologia \u00e9 crucial para reduzir as assimetrias regionais\u201d, pontuou a ministra. \u201cPara construirmos um Brasil melhor e menos desigual, \u00e9 importante a participa\u00e7\u00e3o de todos\u201d, concluiu.<\/p>\n<p>&nbsp;<\/p>\n<h4 id=\"territorio-de-pessoas\"><strong>Territ\u00f3rio de pessoas<\/strong><\/h4>\n<p>Emmanuel Zagury Tourinho, reitor da UFPA, destacou a import\u00e2ncia das Reuni\u00f5es Anuais da SBPC, mencionando que muitos dos que hoje fazem ci\u00eancia na universidade e em outras institui\u00e7\u00f5es amaz\u00f4nicas foram inspirados pelo ambiente de di\u00e1logo rico proporcionado por reuni\u00f5es anteriores. Ele ressaltou a import\u00e2ncia de realizar o evento na regi\u00e3o Norte, destacando suas particularidades.<\/p>\n<p>\u201cEsse territ\u00f3rio, quando visto de cima, \u00e9 composto por florestas verdejantes e rios caudalosos. Mas no solo, ele \u00e9 feito de pessoas \u2013 inteligentes, criativas e s\u00e1bias. Pessoas frequentemente expostas \u00e0 viol\u00eancia e viola\u00e7\u00f5es de direitos. Pessoas raramente ouvidas nos gabinetes onde se decidem os projetos para a Amaz\u00f4nia\u201d, afirmou Tourinho.<\/p>\n<p>Ele destacou ainda que a regi\u00e3o gera riquezas incalcul\u00e1veis para diversos grupos nacionais e internacionais, mas a um custo alto para as condi\u00e7\u00f5es de vida das popula\u00e7\u00f5es locais e ao meio ambiente. \u201cO que a Amaz\u00f4nia tem a oferecer n\u00e3o se limita \u00e0s suas riquezas naturais ou ao seu potencial energ\u00e9tico, mas inclui, de forma importante, a experi\u00eancia de conviv\u00eancia e intera\u00e7\u00e3o com a natureza de modos n\u00e3o predat\u00f3rios\u201d, alertou.<\/p>\n<p>Finalizando, o reitor apontou que a ci\u00eancia brasileira \u00e9 feita nas universidades p\u00fablicas, respons\u00e1veis por mais de 90% das publica\u00e7\u00f5es cient\u00edficas do Pa\u00eds \u2013 raz\u00e3o pela qual \u00e9 vital defend\u00ea-las. \u201cNossas universidades p\u00fablicas s\u00e3o fundamentais para nossa resist\u00eancia\u201d, afirmou. \u201cA ci\u00eancia na Amaz\u00f4nia \u00e9 de alta qualidade e relev\u00e2ncia, bem-sucedida e resiliente, mas \u00e9 inconformada com a naturalidade com que as autoridades p\u00fablicas brasileiras, governo ap\u00f3s governo, promovem, toleram ou s\u00e3o indiferentes \u00e0s assimetrias na distribui\u00e7\u00e3o de recursos para ci\u00eancia e tecnologia no pa\u00eds.\u201d<\/p>\n<p>&nbsp;<\/p>\n<h4 id=\"defesa-da-democracia\"><strong>Defesa da democracia<\/strong><\/h4>\n<p>O primeiro discurso da mesa foi do prefeito de Bel\u00e9m, Edmilson Rodrigues, que anunciou ter a cidade atingido um \u00edndice de 98% de alfabetiza\u00e7\u00e3o \u2013 comparado a 48% no estado, um dos mais baixos do pa\u00eds \u2013 o que a torna livre de analfabetismo.<\/p>\n<p>O segundo a discursar foi o presidente da Associa\u00e7\u00e3o Nacional de P\u00f3s-Graduandos (ANPG), Vin\u00edcius Soares que disse estar representando tamb\u00e9m a presidente da Uni\u00e3o Nacional dos Estudantes (UNE), Manuella Mirella e Hugo Silva, rec\u00e9m-eleito presidente da Uni\u00e3o Brasileira de Estudantes Secundaristas.<\/p>\n<p>Soares defendeu a necessidade de um debate sobre um projeto de desenvolvimento nacional sustent\u00e1vel e inclusivo, que leve ci\u00eancia, educa\u00e7\u00e3o, esportes, cultura para todas as comunidades brasileiras. \u201cMais que isso, precisamos fazer com que a ci\u00eancia brasileira e todos esses setores absorvam os conhecimentos que esses povos (tradicionais) t\u00eam a nos oferecer, inclusive numa perspectiva de incluir o conhecimento popular de cada territ\u00f3rio, cada bioma brasileiro.\u201d<\/p>\n<p>Para ele, a ci\u00eancia deve ser um instrumento indutor do desenvolvimento, em especial no momento que ele definiu como de \u201creconstru\u00e7\u00e3o nacional\u201d.\u00a0 Tamb\u00e9m abordou o cen\u00e1rio pol\u00edtico: \u201cPrecisamos estar em alerta. O espectro do inimigo da ci\u00eancia ainda ronda nossa sociedade, por isso \u00e9 preciso que cada vez mais n\u00f3s sigamos unidos pela democracia brasileira\u201d, afirmou o presidente da ANPG.<\/p>\n<p>Soares conclamou uma mobiliza\u00e7\u00e3o de todos os presentes para uma amplia\u00e7\u00e3o dos recursos para a CT&amp;I e para as universidades, tendo como horizonte garantir investimentos equivalentes a 2,5% do Produto Interno Bruto (PIB) para a produ\u00e7\u00e3o cientifica. \u201cAfinal, ci\u00eancia n\u00e3o \u00e9 gasto, \u00e9 investimento que deve se voltar aos interesses nacionais\u201d, reiterou.<\/p>\n<p>&nbsp;<\/p>\n<h4 id=\"ouvir-os-jovens\"><strong>Ouvir os jovens<\/strong><\/h4>\n<p>A presidente da Academia Brasileira de Ci\u00eancias (ABC), Helena Nader, terceira a falar, disse que \u201cassinava embaixo\u201d de cada uma das frases de Vin\u00edcius Soares e ressaltou a import\u00e2ncia da \u201cparceria\u201d entre a ABC e os jovens estudantes representados pela ANPG. \u201cO jovem, cada vez mais, tem que ser ouvido, mas ele tem que querer participar e tem que se informar, n\u00e3o s\u00f3 pelo celular, pelas m\u00eddias, porque eles d\u00e3o apenas pinceladas de informa\u00e7\u00e3o, muitas vezes falsas\u201d. E concluiu com uma mensagem para os jovens presentes: \u201co Brasil precisa de voc\u00eas, n\u00f3s mais velhos, continuamos na trincheira\u201d.<\/p>\n<p>Marcel do Nascimento Botelho, presidente da Funda\u00e7\u00e3o Amaz\u00f4nia de Amparo a Estudos e Pesquisas (Fapespa), veio na sequ\u00eancia, chamando a aten\u00e7\u00e3o para a quest\u00e3o do subfinanciamento da CT&amp;I na regi\u00e3o Norte.<\/p>\n<p>\u201cA Amaz\u00f4nia, com sua biodiversidade sem paralelo e seu imenso potencial para a bioeconomia, enfrenta um paradoxo. Apesar de sua import\u00e2ncia global, o Norte recebe das ag\u00eancias federais recursos em propor\u00e7\u00e3o muito inferior \u00e0s outras regi\u00f5es como um todo no pa\u00eds\u201d, afirmou. Segundo ele, as \u00e1reas cr\u00edticas para o desenvolvimento sustent\u00e1vel como a biotecnologia, biodiversidade, engenharia, antropologia, ecologia, agroecologia, qu\u00edmica, desenvolvimento de f\u00e1rmacos, \u00f3leos essenciais s\u00e3o as mais afetadas por essa falta de recursos.<\/p>\n<p>Botelho destacou que estat\u00edsticas oficiais apontam para o fato de que, enquanto o Brasil avan\u00e7a na produ\u00e7\u00e3o cient\u00edfica e aloca\u00e7\u00e3o de recursos para inova\u00e7\u00e3o, a Amaz\u00f4nia permanece significativamente atr\u00e1s, limitada pela falta de recursos e infraestrutura das institui\u00e7\u00f5es. \u201cEssa assimetria n\u00e3o apenas limita o potencial de desenvolvimento dessa regi\u00e3o, mas tamb\u00e9m representa uma amea\u00e7a \u00e0 sua conserva\u00e7\u00e3o e ao bem-estar, principalmente das comunidades tradicional\u201d, frisou.<\/p>\n<p>Para o presidente da Fapespa, somente atrav\u00e9s de uma estrat\u00e9gia integrada e de um compromisso compartilhado, ser\u00e1 poss\u00edvel garantir os investimentos necess\u00e1rios para transformar a pesquisa e inova\u00e7\u00e3o em motores do desenvolvimento sustent\u00e1vel da regi\u00e3o.<\/p>\n<p>Denise Pires de Carvalho, presidente da Funda\u00e7\u00e3o Coordena\u00e7\u00e3o de Aperfei\u00e7oamento de Pessoal de N\u00edvel (Capes), chamou a aten\u00e7\u00e3o para as frequentes tentativas de desvaloriza\u00e7\u00e3o da educa\u00e7\u00e3o, a partir de ataques aos professores e \u00e0s institui\u00e7\u00f5es p\u00fablicas de ensino superior. E tamb\u00e9m saudou o trabalho do governo federal na \u00e1rea: \u201c\u00c9 uma honra para mim fazer parte desse governo de uni\u00e3o e reconstru\u00e7\u00e3o. N\u00e3o \u00e9 f\u00e1cil construir, mas muito mais dif\u00edcil reconstruir, que ningu\u00e9m se esque\u00e7a do negacionismo\u201d, disse.<\/p>\n<p>O presidente da Financiadora de Estudos e Projetos (Finep), Celso Pansera buscou tamb\u00e9m sair em defesa do governo, no mesmo dia em que um grande jornal de circula\u00e7\u00e3o nacional divulgou um suposto plano para cobrar mensalidades dos estudantes das universidades p\u00fablicas federais. \u201cTenho certeza de que ele (o presidente Lula) e o (ministro da Fazenda, Fernando) Haddad jamais v\u00e3o admitir a cobran\u00e7a de mensalidade da rede de ensino universit\u00e1rio nesse pa\u00eds\u201d. E concluiu: \u201cO que queremos \u00e9 construir um governo para o povo brasileiro, para aqueles que mais precisam\u201d.<\/p>\n<p><span style=\"color: #800000;\"><strong><a style=\"color: #800000;\" href=\"https:\/\/www.youtube.com\/watch?v=MaP7q70guOw&amp;list=PLVigrCJ_g6LdA_IgJsltu5MWqujDOD2BJ&amp;index=11&amp;ab_channel=SBPCnet\" target=\"_blank\" rel=\"noopener\">O v\u00eddeo da Sess\u00e3o Solene de Abertura da 76\u00aa Reuni\u00e3o Anual est\u00e1 acess\u00edvel na \u00edntegra no canal da SBPC no Youtube.<\/a><\/strong><\/span><\/p>\n<p><span style=\"color: #808080;\"><em>Jornal da Ci\u00eancia<\/em><\/span><\/p>\n","protected":false},"excerpt":{"rendered":"Em cerim\u00f4nia nesse domingo (7\/7) que lotou o Theatro da Paz, em&hellip;\n","protected":false},"author":19,"featured_media":6473,"comment_status":"open","ping_status":"open","sticky":false,"template":"","format":"standard","meta":[],"categories":[1,2],"tags":[],"acf":[],"_links":{"self":[{"href":"https:\/\/revistacienciaecultura.org.br\/index.php?rest_route=\/wp\/v2\/posts\/6471"}],"collection":[{"href":"https:\/\/revistacienciaecultura.org.br\/index.php?rest_route=\/wp\/v2\/posts"}],"about":[{"href":"https:\/\/revistacienciaecultura.org.br\/index.php?rest_route=\/wp\/v2\/types\/post"}],"author":[{"embeddable":true,"href":"https:\/\/revistacienciaecultura.org.br\/index.php?rest_route=\/wp\/v2\/users\/19"}],"replies":[{"embeddable":true,"href":"https:\/\/revistacienciaecultura.org.br\/index.php?rest_route=%2Fwp%2Fv2%2Fcomments&post=6471"}],"version-history":[{"count":2,"href":"https:\/\/revistacienciaecultura.org.br\/index.php?rest_route=\/wp\/v2\/posts\/6471\/revisions"}],"predecessor-version":[{"id":6474,"href":"https:\/\/revistacienciaecultura.org.br\/index.php?rest_route=\/wp\/v2\/posts\/6471\/revisions\/6474"}],"wp:featuredmedia":[{"embeddable":true,"href":"https:\/\/revistacienciaecultura.org.br\/index.php?rest_route=\/wp\/v2\/media\/6473"}],"wp:attachment":[{"href":"https:\/\/revistacienciaecultura.org.br\/index.php?rest_route=%2Fwp%2Fv2%2Fmedia&parent=6471"}],"wp:term":[{"taxonomy":"category","embeddable":true,"href":"https:\/\/revistacienciaecultura.org.br\/index.php?rest_route=%2Fwp%2Fv2%2Fcategories&post=6471"},{"taxonomy":"post_tag","embeddable":true,"href":"https:\/\/revistacienciaecultura.org.br\/index.php?rest_route=%2Fwp%2Fv2%2Ftags&post=6471"}],"curies":[{"name":"wp","href":"https:\/\/api.w.org\/{rel}","templated":true}]}}