{"id":6475,"date":"2024-07-10T07:30:59","date_gmt":"2024-07-10T07:30:59","guid":{"rendered":"https:\/\/revistacienciaecultura.org.br\/?p=6475"},"modified":"2024-07-09T18:48:31","modified_gmt":"2024-07-09T18:48:31","slug":"pandemias-a-vista-a-urgencia-da-prevencao-cientifica-na-america-latina","status":"publish","type":"post","link":"https:\/\/revistacienciaecultura.org.br\/?p=6475","title":{"rendered":"Pandemias \u00e0 vista: a urg\u00eancia da preven\u00e7\u00e3o cient\u00edfica na Am\u00e9rica Latina"},"content":{"rendered":"<h4 id=\"investir-em-pesquisa-vigilancia-epidemiologica-e-educacao-publica-e-essencial-para-nao-apenas-combater-surtos-emergentes-mas-tambem-prevenir-futuras-crises-de-saude\"><span style=\"color: #808080;\">Investir em pesquisa, vigil\u00e2ncia epidemiol\u00f3gica e educa\u00e7\u00e3o p\u00fablica \u00e9 essencial para n\u00e3o apenas combater surtos emergentes, mas tamb\u00e9m prevenir futuras crises de sa\u00fade. <\/span><\/h4>\n<p>&nbsp;<\/p>\n<p>A Am\u00e9rica Latina enfrenta uma amea\u00e7a crescente de novas pandemias, uma realidade que exige aten\u00e7\u00e3o urgente e iniciativas eficazes. Com sua rica biodiversidade e densas popula\u00e7\u00f5es urbanas, a regi\u00e3o \u00e9 um terreno f\u00e9rtil para a emerg\u00eancia de doen\u00e7as infecciosas. A pandemia de COVID-19 revelou fragilidades nos sistemas de sa\u00fade e ressaltou a import\u00e2ncia de respostas r\u00e1pidas e baseadas na ci\u00eancia. No entanto, a batalha contra futuras pandemias n\u00e3o se limita ao combate direto das doen\u00e7as emergentes. \u00c9 crucial fomentar iniciativas cient\u00edficas que visem n\u00e3o apenas a detec\u00e7\u00e3o e resposta a surtos, mas tamb\u00e9m a preven\u00e7\u00e3o. Investir em pesquisa, vigil\u00e2ncia epidemiol\u00f3gica e educa\u00e7\u00e3o p\u00fablica s\u00e3o passos fundamentais para construir uma resili\u00eancia robusta contra amea\u00e7as pand\u00eamicas, garantindo um futuro mais seguro e saud\u00e1vel para todos.<\/p>\n<p>A Organiza\u00e7\u00e3o Pan-Americana da Sa\u00fade (Opas) e o Banco Mundial anunciaram uma nova iniciativa destinada a aprimorar a resposta a pandemias em sete pa\u00edses da Am\u00e9rica do Sul. Com uma doa\u00e7\u00e3o substancial de quase US$ 17 milh\u00f5es do Fundo contra Pandemias, o projeto visa otimizar os sistemas de vigil\u00e2ncia e laborat\u00f3rios nas regi\u00f5es fronteiri\u00e7as da Bol\u00edvia, Brasil, Chile, Col\u00f4mbia, Equador, Paraguai e Uruguai.<\/p>\n<p>O foco principal da iniciativa \u00e9 a detec\u00e7\u00e3o precoce, caracteriza\u00e7\u00e3o e resposta a doen\u00e7as zoon\u00f3ticas emergentes que t\u00eam o potencial de desencadear pandemias. Particularmente, a aten\u00e7\u00e3o est\u00e1 voltada para as comunidades rurais e remotas na Bacia Amaz\u00f4nica, uma \u00e1rea que enfrenta desafios \u00fanicos devido \u00e0 sua vasta biodiversidade. Essa biodiversidade apresenta um alto potencial para o surgimento de pat\u00f3genos que podem provocar epidemias ou pandemias, agindo como reservat\u00f3rios animais ou vetores de doen\u00e7as.<\/p>\n<p>O diretor da Opas, Jarbas Barbosa, destacou a import\u00e2ncia do projeto, descrevendo-o como um passo crucial em dire\u00e7\u00e3o a uma prepara\u00e7\u00e3o mais robusta para amea\u00e7as epid\u00eamicas e pand\u00eamicas na Bacia Amaz\u00f4nica. Segundo Barbosa, fortalecer a capacidade de detectar pat\u00f3genos com potencial epid\u00eamico e implementar sistemas de vigil\u00e2ncia e alerta precoce para doen\u00e7as emergentes e reemergentes \u00e9 fundamental. Essa abordagem visa proteger comunidades vulner\u00e1veis em \u00e1reas fronteiri\u00e7as, reduzindo o impacto de futuras pandemias nas Am\u00e9ricas.<\/p>\n<p>&nbsp;<\/p>\n<h4 id=\"beneficiando-populacoes\"><strong>Beneficiando popula\u00e7\u00f5es<\/strong><\/h4>\n<p>Nos pr\u00f3ximos tr\u00eas anos, mais de 2,4 milh\u00f5es de pessoas, incluindo comunidades ind\u00edgenas, n\u00e3o ind\u00edgenas e ribeirinhas, ser\u00e3o beneficiadas por uma iniciativa conjunta da Organiza\u00e7\u00e3o Pan-Americana da Sa\u00fade (Opas) e do Banco Mundial. O projeto, que conta com uma doa\u00e7\u00e3o de quase US$ 17 milh\u00f5es do Fundo contra Pandemias, tem como objetivo fortalecer a resposta a pandemias em sete pa\u00edses da Am\u00e9rica do Sul: Bol\u00edvia, Brasil, Chile, Col\u00f4mbia, Equador, Paraguai e Uruguai.<\/p>\n<p>As atividades do projeto se concentrar\u00e3o em tr\u00eas \u00e1reas principais: fortalecer a vigil\u00e2ncia de alerta precoce, modernizar e aumentar a efici\u00eancia dos laborat\u00f3rios e promover a coordena\u00e7\u00e3o regional para uma resposta pand\u00eamica mais eficaz e colaborativa. Esse enfoque pretende garantir que os sistemas de sa\u00fade sejam capazes de detectar e responder rapidamente a doen\u00e7as zoon\u00f3ticas emergentes, que t\u00eam o potencial de desencadear pandemias.<\/p>\n<p>A iniciativa adota a abordagem da &#8220;Sa\u00fade \u00danica&#8221;, defendida pela Opas, que foca nas interconex\u00f5es entre sa\u00fade humana, sa\u00fade animal e meio ambiente. Essa estrat\u00e9gia integrada permite a realiza\u00e7\u00e3o de atividades abrangentes e sustent\u00e1veis, essenciais para enfrentar amea\u00e7as \u00e0 sa\u00fade p\u00fablica de forma hol\u00edstica.<\/p>\n<p>O Fundo contra Pandemias, criado em 2022 e lan\u00e7ado formalmente em novembro de 2023, \u00e9 o primeiro mecanismo de financiamento multilateral dedicado a fornecer subs\u00eddios plurianuais para ajudar pa\u00edses de baixa e m\u00e9dia renda a se prepararem melhor para futuras pandemias. Na sua primeira rodada de aloca\u00e7\u00f5es, o Fundo aprovou subs\u00eddios para 37 pa\u00edses em todo o mundo, sinalizando um esfor\u00e7o global coordenado para fortalecer a resili\u00eancia contra amea\u00e7as pand\u00eamicas.<\/p>\n<p><a href=\"https:\/\/news.un.org\/\" target=\"_blank\" rel=\"noopener\"><span style=\"color: #808080;\"><em>Com informa\u00e7\u00f5es da ONU News<\/em><\/span><\/a><\/p>\n<p>&nbsp;<\/p>\n<h6 id=\"capa-freepik-com\">Capa. Freepik.com<\/h6>\n","protected":false},"excerpt":{"rendered":"Investir em pesquisa, vigil\u00e2ncia epidemiol\u00f3gica e educa\u00e7\u00e3o p\u00fablica \u00e9 essencial para n\u00e3o&hellip;\n","protected":false},"author":19,"featured_media":6476,"comment_status":"open","ping_status":"open","sticky":false,"template":"","format":"standard","meta":[],"categories":[1,2],"tags":[],"acf":[],"_links":{"self":[{"href":"https:\/\/revistacienciaecultura.org.br\/index.php?rest_route=\/wp\/v2\/posts\/6475"}],"collection":[{"href":"https:\/\/revistacienciaecultura.org.br\/index.php?rest_route=\/wp\/v2\/posts"}],"about":[{"href":"https:\/\/revistacienciaecultura.org.br\/index.php?rest_route=\/wp\/v2\/types\/post"}],"author":[{"embeddable":true,"href":"https:\/\/revistacienciaecultura.org.br\/index.php?rest_route=\/wp\/v2\/users\/19"}],"replies":[{"embeddable":true,"href":"https:\/\/revistacienciaecultura.org.br\/index.php?rest_route=%2Fwp%2Fv2%2Fcomments&post=6475"}],"version-history":[{"count":2,"href":"https:\/\/revistacienciaecultura.org.br\/index.php?rest_route=\/wp\/v2\/posts\/6475\/revisions"}],"predecessor-version":[{"id":6478,"href":"https:\/\/revistacienciaecultura.org.br\/index.php?rest_route=\/wp\/v2\/posts\/6475\/revisions\/6478"}],"wp:featuredmedia":[{"embeddable":true,"href":"https:\/\/revistacienciaecultura.org.br\/index.php?rest_route=\/wp\/v2\/media\/6476"}],"wp:attachment":[{"href":"https:\/\/revistacienciaecultura.org.br\/index.php?rest_route=%2Fwp%2Fv2%2Fmedia&parent=6475"}],"wp:term":[{"taxonomy":"category","embeddable":true,"href":"https:\/\/revistacienciaecultura.org.br\/index.php?rest_route=%2Fwp%2Fv2%2Fcategories&post=6475"},{"taxonomy":"post_tag","embeddable":true,"href":"https:\/\/revistacienciaecultura.org.br\/index.php?rest_route=%2Fwp%2Fv2%2Ftags&post=6475"}],"curies":[{"name":"wp","href":"https:\/\/api.w.org\/{rel}","templated":true}]}}