{"id":6576,"date":"2024-07-11T11:29:04","date_gmt":"2024-07-11T11:29:04","guid":{"rendered":"https:\/\/revistacienciaecultura.org.br\/?p=6576"},"modified":"2024-07-11T11:29:04","modified_gmt":"2024-07-11T11:29:04","slug":"leia-edicao-especial-da-ciencia-cultura-sobre-aziz-absaber","status":"publish","type":"post","link":"https:\/\/revistacienciaecultura.org.br\/?p=6576","title":{"rendered":"Leia edi\u00e7\u00e3o especial da Ci\u00eancia &#038; Cultura sobre Aziz Ab\u2019S\u00e1ber"},"content":{"rendered":"<h4 id=\"voce-pode-baixar-o-pdf-da-revista-ou-ler-a-edicao-em-flipbook-confira\"><span style=\"color: #808080;\">Voc\u00ea pode baixar o PDF da revista ou ler a edi\u00e7\u00e3o em flipbook. Confira!<\/span><\/h4>\n<p>&nbsp;<\/p>\n<p>Comemorando cem anos de Aziz Ab\u2019Saber, a revista\u00a0<strong><a href=\"https:\/\/revistacienciaecultura.org.br\/\"><span style=\"color: #800000;\">Ci\u00eancia &amp; Cultura<\/span>\u00a0<\/a><\/strong>lan\u00e7ou uma edi\u00e7\u00e3o especial \u2014\u00a0\u201c<span style=\"color: #800000;\"><a style=\"color: #800000;\" href=\"https:\/\/revistacienciaecultura.org.br\/?page_id=6113\" target=\"_blank\" rel=\"noopener\"><strong>Centen\u00e1rio de Aziz Ab\u2019S\u00e1ber<\/strong><\/a><\/span>\u201d \u2014 que j\u00e1\u00a0est\u00e1 dispon\u00edvel para download em PDF ou para leitura online em flipbook.<\/p>\n<p>Professor da Faculdade de Filosofia, Letras e Ci\u00eancias Humanas (FFLCH) e do Instituto de Estudos Avan\u00e7ados (IEA) da Universidade de S\u00e3o Paulo, ex-presidente da Sociedade Brasileira para o Progresso da Ci\u00eancia (SBPC), Aziz Ab\u2019S\u00e1ber foi uma figura central na pol\u00edtica cient\u00edfica e ambiental do Brasil. Ele defendeu fervorosamente o papel da ci\u00eancia na tomada de decis\u00f5es, alertando para os perigos de ignorarmos o conhecimento cient\u00edfico em prol de interesses moment\u00e2neos.<\/p>\n<p>Para Aziz Ab\u2019S\u00e1ber, o planejamento ambiental n\u00e3o era apenas uma quest\u00e3o t\u00e9cnica, mas tamb\u00e9m \u00e9tica. Ele alertava para os efeitos devastadores da degrada\u00e7\u00e3o ambiental nas cidades: polui\u00e7\u00e3o do ar, escassez de \u00e1gua, perda de biodiversidade, entre outros. Defendia que a preserva\u00e7\u00e3o dos ecossistemas naturais n\u00e3o era apenas uma escolha, mas uma necessidade para garantir a qualidade de vida das pessoas nas \u00e1reas urbanas. \u201cAziz Ab\u2019S\u00e1ber foi mais do que um cientista, foi um guardi\u00e3o das riquezas naturais do nosso pa\u00eds\u201d, afirma Francisco de Assis Mendon\u00e7a, professor do Programa de P\u00f3s-Gradua\u00e7\u00e3o do Departamento de Geografia da Universidade Federal do Paran\u00e1 (UFPR), membro do Conselho Consultivo da C\u00e1tedra UNESCO para o Desenvolvimento e Meio Ambiente, e editor deste n\u00famero especial.<\/p>\n<p><strong>Confira os artigos, textos de opini\u00e3o e reportagens na \u00edntegra!<\/strong><\/p>\n<p>&nbsp;<\/p>\n<p style=\"text-align: center;\"><a href=\"https:\/\/heyzine.com\/flip-book\/0e49d8b8bf.html\" target=\"_blank\" rel=\"noopener\"><span style=\"color: #800000;\"><strong>Clique aqui para ler a vers\u00e3o em Flipbook<\/strong><\/span><\/a><\/p>\n<p style=\"text-align: center;\"><a href=\"https:\/\/heyzine.com\/flip-book\/0e49d8b8bf.html\" target=\"_blank\" rel=\"noopener\"><img loading=\"lazy\" class=\"alignnone size-medium wp-image-6577\" src=\"https:\/\/revistacienciaecultura.org.br\/wp-content\/uploads\/2024\/07\/Capa-Cie\u0302ncia-Cultura-1S24-212x300.jpg\" alt=\"\" width=\"212\" height=\"300\" srcset=\"https:\/\/revistacienciaecultura.org.br\/wp-content\/uploads\/2024\/07\/Capa-Cie\u0302ncia-Cultura-1S24-212x300.jpg 212w, https:\/\/revistacienciaecultura.org.br\/wp-content\/uploads\/2024\/07\/Capa-Cie\u0302ncia-Cultura-1S24-724x1024.jpg 724w, https:\/\/revistacienciaecultura.org.br\/wp-content\/uploads\/2024\/07\/Capa-Cie\u0302ncia-Cultura-1S24-768x1086.jpg 768w, https:\/\/revistacienciaecultura.org.br\/wp-content\/uploads\/2024\/07\/Capa-Cie\u0302ncia-Cultura-1S24-1086x1536.jpg 1086w, https:\/\/revistacienciaecultura.org.br\/wp-content\/uploads\/2024\/07\/Capa-Cie\u0302ncia-Cultura-1S24-8x12.jpg 8w, https:\/\/revistacienciaecultura.org.br\/wp-content\/uploads\/2024\/07\/Capa-Cie\u0302ncia-Cultura-1S24-800x1132.jpg 800w, https:\/\/revistacienciaecultura.org.br\/wp-content\/uploads\/2024\/07\/Capa-Cie\u0302ncia-Cultura-1S24-1160x1641.jpg 1160w, https:\/\/revistacienciaecultura.org.br\/wp-content\/uploads\/2024\/07\/Capa-Cie\u0302ncia-Cultura-1S24.jpg 1414w\" sizes=\"(max-width: 212px) 100vw, 212px\" \/><\/a><\/p>\n<p>&nbsp;<\/p>\n<p style=\"text-align: center;\"><a href=\"https:\/\/drive.google.com\/file\/d\/1ffW4Qubihu3PLltl2ZZ8LQn98ep9FrSW\/view?usp=sharing\" target=\"_blank\" rel=\"noopener\"><span style=\"color: #800000;\"><strong>Clique aqui para ler a vers\u00e3o em PDF<\/strong><\/span><\/a><\/p>\n<p><a href=\"https:\/\/drive.google.com\/file\/d\/1ffW4Qubihu3PLltl2ZZ8LQn98ep9FrSW\/view?usp=sharing\" target=\"_blank\" rel=\"noopener\"><img loading=\"lazy\" class=\"size-medium wp-image-6577 aligncenter\" src=\"https:\/\/revistacienciaecultura.org.br\/wp-content\/uploads\/2024\/07\/Capa-Cie\u0302ncia-Cultura-1S24-212x300.jpg\" alt=\"\" width=\"212\" height=\"300\" srcset=\"https:\/\/revistacienciaecultura.org.br\/wp-content\/uploads\/2024\/07\/Capa-Cie\u0302ncia-Cultura-1S24-212x300.jpg 212w, https:\/\/revistacienciaecultura.org.br\/wp-content\/uploads\/2024\/07\/Capa-Cie\u0302ncia-Cultura-1S24-724x1024.jpg 724w, https:\/\/revistacienciaecultura.org.br\/wp-content\/uploads\/2024\/07\/Capa-Cie\u0302ncia-Cultura-1S24-768x1086.jpg 768w, https:\/\/revistacienciaecultura.org.br\/wp-content\/uploads\/2024\/07\/Capa-Cie\u0302ncia-Cultura-1S24-1086x1536.jpg 1086w, https:\/\/revistacienciaecultura.org.br\/wp-content\/uploads\/2024\/07\/Capa-Cie\u0302ncia-Cultura-1S24-8x12.jpg 8w, https:\/\/revistacienciaecultura.org.br\/wp-content\/uploads\/2024\/07\/Capa-Cie\u0302ncia-Cultura-1S24-800x1132.jpg 800w, https:\/\/revistacienciaecultura.org.br\/wp-content\/uploads\/2024\/07\/Capa-Cie\u0302ncia-Cultura-1S24-1160x1641.jpg 1160w, https:\/\/revistacienciaecultura.org.br\/wp-content\/uploads\/2024\/07\/Capa-Cie\u0302ncia-Cultura-1S24.jpg 1414w\" sizes=\"(max-width: 212px) 100vw, 212px\" \/><\/a><\/p>\n<p>&nbsp;<\/p>\n","protected":false},"excerpt":{"rendered":"Voc\u00ea pode baixar o PDF da revista ou ler a edi\u00e7\u00e3o em&hellip;\n","protected":false},"author":19,"featured_media":5875,"comment_status":"open","ping_status":"open","sticky":false,"template":"","format":"standard","meta":[],"categories":[1,2],"tags":[],"acf":[],"_links":{"self":[{"href":"https:\/\/revistacienciaecultura.org.br\/index.php?rest_route=\/wp\/v2\/posts\/6576"}],"collection":[{"href":"https:\/\/revistacienciaecultura.org.br\/index.php?rest_route=\/wp\/v2\/posts"}],"about":[{"href":"https:\/\/revistacienciaecultura.org.br\/index.php?rest_route=\/wp\/v2\/types\/post"}],"author":[{"embeddable":true,"href":"https:\/\/revistacienciaecultura.org.br\/index.php?rest_route=\/wp\/v2\/users\/19"}],"replies":[{"embeddable":true,"href":"https:\/\/revistacienciaecultura.org.br\/index.php?rest_route=%2Fwp%2Fv2%2Fcomments&post=6576"}],"version-history":[{"count":1,"href":"https:\/\/revistacienciaecultura.org.br\/index.php?rest_route=\/wp\/v2\/posts\/6576\/revisions"}],"predecessor-version":[{"id":6578,"href":"https:\/\/revistacienciaecultura.org.br\/index.php?rest_route=\/wp\/v2\/posts\/6576\/revisions\/6578"}],"wp:featuredmedia":[{"embeddable":true,"href":"https:\/\/revistacienciaecultura.org.br\/index.php?rest_route=\/wp\/v2\/media\/5875"}],"wp:attachment":[{"href":"https:\/\/revistacienciaecultura.org.br\/index.php?rest_route=%2Fwp%2Fv2%2Fmedia&parent=6576"}],"wp:term":[{"taxonomy":"category","embeddable":true,"href":"https:\/\/revistacienciaecultura.org.br\/index.php?rest_route=%2Fwp%2Fv2%2Fcategories&post=6576"},{"taxonomy":"post_tag","embeddable":true,"href":"https:\/\/revistacienciaecultura.org.br\/index.php?rest_route=%2Fwp%2Fv2%2Ftags&post=6576"}],"curies":[{"name":"wp","href":"https:\/\/api.w.org\/{rel}","templated":true}]}}