{"id":6680,"date":"2024-07-16T11:01:06","date_gmt":"2024-07-16T11:01:06","guid":{"rendered":"https:\/\/revistacienciaecultura.org.br\/?p=6680"},"modified":"2024-07-16T11:01:06","modified_gmt":"2024-07-16T11:01:06","slug":"76a-reuniao-anual-da-sbpc-em-belem-bate-recordes-e-destaca-engajamento","status":"publish","type":"post","link":"https:\/\/revistacienciaecultura.org.br\/?p=6680","title":{"rendered":"76\u00aa Reuni\u00e3o Anual da SBPC em Bel\u00e9m bate recordes e destaca engajamento"},"content":{"rendered":"<h4 id=\"realizado-de-7-a-13-de-julho-em-belem-em-parceria-com-a-ufpa-evento-teve-mais-de-27-mil-inscritos-publico-estimado-de-mais-de-50-mil-participantes-circulando-nas-atividades-cientificas-e-culturais\"><span style=\"color: #808080;\">Realizado de 7 a 13 de julho em Bel\u00e9m, em parceria com a UFPA, evento teve mais de 27 mil inscritos, p\u00fablico estimado de mais de 50 mil participantes circulando nas atividades cient\u00edficas e culturais, e ampla cobertura na m\u00eddia e redes sociais.\u00a0<\/span><\/h4>\n<p>&nbsp;<\/p>\n<p>A 76\u00aa Reuni\u00e3o Anual da Sociedade Brasileira para o Progresso da Ci\u00eancia (SBPC), realizada de 7 a 13 de julho em Bel\u00e9m, em parceria com a Universidade Federal do Par\u00e1 (UFPA), superou todas as expectativas. Na cerim\u00f4nia de encerramento, ocorrida na sexta-feira, 12 de julho, as comiss\u00f5es nacional e local do evento apresentaram n\u00fameros impressionantes que destacam o sucesso do encontro.<\/p>\n<p>A edi\u00e7\u00e3o deste ano atingiu um n\u00famero recorde de 27.500 inscritos, dos quais 15.600 se credenciaram na secretaria do evento na UFPA. A Comiss\u00e3o de Organiza\u00e7\u00e3o Local da UFPA estimou um p\u00fablico total entre 50 e 60 mil visitantes na universidade durante os dias do evento, entre participantes credenciados e n\u00e3o-credenciados.<\/p>\n<p>\u201cEsta foi a maior e melhor Reuni\u00e3o Anual que a SBPC j\u00e1 realizou\u201d, comemorou Renato Janine Ribeiro, presidente da SBPC, na cerim\u00f4nia. \u201c\u00c9 uma Reuni\u00e3o Anual que j\u00e1 entrou para a hist\u00f3ria pelo n\u00famero de participantes e inscritos, inesquec\u00edvel\u201d, acrescentou Cl\u00e1udia Linhares Sales, secret\u00e1ria-geral da SBPC e coordenadora geral do evento. \u201cUma escuta que possivelmente nunca tivemos antes\u201d, comentou o reitor da UFPA, Emmanuel Zagury Tourinho.<\/p>\n<p>A secret\u00e1ria-geral da SBPC destacou que o desempenho \u00e9 ainda mais extraordin\u00e1rio por se tratar de inscri\u00e7\u00f5es espont\u00e2neas, ou seja, o p\u00fablico teve interesse de acessar o site da SBPC e realizar sua inscri\u00e7\u00e3o no evento, uma parte pagando uma taxa para receber material do evento ou matricular-se nos minicursos, mas a maior parte gratuitamente, para receber um certificado geral de participa\u00e7\u00e3o no evento.<\/p>\n<p>Por falar em minicursos, esta Reuni\u00e3o Anual marcou o retorno, ap\u00f3s quatro anos, dos cursos presenciais, mas manteve a oferta de cursos online. O resulta n\u00e3o poderia ter sido mais positivo: 5.327 pessoas se inscreveram nos 77 minicursos ofertados \u2013 1.716 nos presenciais, 3.611 nos webminicursos.<\/p>\n<p>Das 163 atividades previstas na programa\u00e7\u00e3o cient\u00edfica, foram realizadas 158 \u2013 apenas cinco confer\u00eancias foram canceladas. Essas atividades, contaram, no total, com cerca de 12.500 participantes.<\/p>\n<p>Somado a esse p\u00fablico, as atividades virtuais, transmitidas pelos canais da SBPC e da UFPA no YouTube somaram mais de 17 mil visualiza\u00e7\u00f5es.<\/p>\n<p>Outra atividade com n\u00fameros expressivos foi a Sess\u00e3o de P\u00f4steres: foram apresentados 391 trabalhos, sendo 209 p\u00f4steres presenciais e 182 virtuais, como v\u00eddeo-p\u00f4steres. Desse n\u00famero, 102 trabalhos de estudantes foram indicados para a Jornada Nacional de Inicia\u00e7\u00e3o Cient\u00edfica, por 16 institui\u00e7\u00f5es de todo o Brasil; e 280 foram enviados por estudantes e professores (do Ensino B\u00e1sico ou Superior) e pesquisadores. Entre os trabalhos, nove foram Laureados do 21\u00ba Pr\u00eamio Destaque na Inicia\u00e7\u00e3o Cient\u00edfica e Tecnol\u00f3gica, edi\u00e7\u00e3o 2023, realizado pelo CNPq. Receberam men\u00e7\u00f5es honrosas quatro trabalhos selecionados pelos revisores, sendo tr\u00eas da UFPA e um da UNEB, nas \u00e1reas de Ci\u00eancias Exatas e da Terra, Engenharias, Ci\u00eancias Sociais Aplicadas e Artes (o resultado com os t\u00edtulos e autores est\u00e1 no site do evento).<\/p>\n<p>Os 391 v\u00eddeos-p\u00f4steres tiveram mais de 2.300 visualiza\u00e7\u00f5es durante a semana da Reuni\u00e3o Anual e cerca de 1.000 pessoas visitaram a Sess\u00e3o presencial.<\/p>\n<p>&nbsp;<\/p>\n<h4 id=\"impacto-na-imprensa-e-redes-sociais\"><strong>Impacto na Imprensa e Redes Sociais<\/strong><\/h4>\n<p>A Reuni\u00e3o Anual foi destaque na imprensa e nas redes sociais. O evento foi citado em mais de 1800 not\u00edcias publicadas em ve\u00edculos de imprensa e institucionais. As postagens nas redes sociais nos perfis da SBPC alcan\u00e7aram mais de 100 mil usu\u00e1rios, um crescimento de cerca de 300% com rela\u00e7\u00e3o \u00e0s semanas anteriores \u00e0 RA. Somente o perfil do Instagram recebeu mais de 320 intera\u00e7\u00f5es de visitantes da Reuni\u00e3o por dia, marcando a p\u00e1gina da SBPC em suas publica\u00e7\u00f5es. A p\u00e1gina ganhou 2800 seguidores entre 7 e 13 de julho, um aumento geral de 6% no n\u00famero de inscritos. Al\u00e9m disso, tamb\u00e9m foram publicados conte\u00fados em parceria com a UFPA, MCTI, CGEE e demais apoiadores do evento.<\/p>\n<p>As redes sociais da SBPC atingiram 67 mil contas, 80% dessa eram n\u00e3o seguidores, um aumento no alcance do perfil de 260%. Na semana da RA, a rec\u00e9m-lan\u00e7ada conta da entidade no LinkedIn teve um alcance 200% maior que na semana anterior.<\/p>\n<p>O portal da UFPA contabilizou mais de 6 mil novos usu\u00e1rios e teve mais de 14 mil acessos na semana da RA.<\/p>\n<p>&nbsp;<\/p>\n<h4 id=\"criancas-jovem-e-expotc\"><strong>Crian\u00e7as, Jovem e ExpoT&amp;C<\/strong><\/h4>\n<p>Novidade desta edi\u00e7\u00e3o. a tenda \u201cInf\u00e2ncias Mairi na SBPC\u201d recebeu 1045 crian\u00e7as de at\u00e9 5 anos de idade. O espa\u00e7o \u00e9 resultado de uma parceria entre a UFPA, a Secretaria Municipal de Educa\u00e7\u00e3o (Semec) e a Funda\u00e7\u00e3o Escola Bosque (Funbosque).<\/p>\n<p>SBPC Jovem teve mais de 70 estandes. O espa\u00e7o planet\u00e1rio recebeu mais de 5400 visitantes, a brinquedoteca atendeu 360 visitantes, a atividade contou com mais de mil estudantes da Funbosque e 5300 da SEMEC envolvidos. A UFPA estima que 15 mil pessoas passaram diariamente pelos estandes da SBPC Jovem, acumulando um p\u00fablico total de at\u00e9 60 mil pessoas ao longo da semana.<\/p>\n<p>A ExpoT&amp;C, vitrine das institui\u00e7\u00f5es nacionais de ci\u00eancia, tecnologia e inova\u00e7\u00e3o, teve nesta edi\u00e7\u00e3o 51 estandes e 78 atividades apresentadas em seu audit\u00f3rio. A tenda recebeu mais de 10 mil visitantes ao longo de toda a semana.<\/p>\n<p>&nbsp;<\/p>\n<h4 id=\"a-sbpc-cultural\"><strong>A SBPC Cultural<\/strong><\/h4>\n<p>A tenda cultural teve 1423 participantes inscritos e realizou oito mostras expositivas, com 80 expositores, teve ainda 33 exibi\u00e7\u00f5es, totalizando 75 atividades culturais.<\/p>\n<p>A atividade teve ainda a Exposi\u00e7\u00e3o \u201cAqui t\u00e1 fazendo calor\u201d, na Galeria Theodoro Braga, o Roteiro tur\u00edstico do Feliz Lusit\u00e2nia ao Ver-o-Peso, nos dias 7 e 10 de julho. E o Theatro da Paz tamb\u00e9m integrou a programa\u00e7\u00e3o, com cinco espet\u00e1culos, apresentados a uma m\u00e9dia de 500 pessoas por sess\u00e3o. Al\u00e9m da cerim\u00f4nia de abertura, no dia 7 de julho, que teve um p\u00fablico de mais e 800 pessoas.<\/p>\n<p>&nbsp;<\/p>\n<h4 id=\"sbpc-afro-e-indigena\"><strong>SBPC Afro e Ind\u00edgena<\/strong><\/h4>\n<p>Segundo a Comiss\u00e3o Local da Reuni\u00e3o Anual, a SBPC Afro e Ind\u00edgena reuniu um p\u00fablico de 2300 participantes todos os dias nas palestras e oficinas da tenda.\u00a0 A maloca constru\u00edda \u00e0 beira do Rio Guam\u00e1 teve, em m\u00e9dia, 5500 pessoas circulando por dia. Ao todo, foram realizadas 35 atividades entre os dias 8 e 12 de julho.<\/p>\n<p>Um espa\u00e7o de Cultura Alimentar, onde al\u00e9m de alimento, serviu-se arte, hist\u00f3ria e troca de conhecimentos, o Paneiro, uma grande tenta com vistas ao Rio Guam\u00e1, uniu 40 estandes de comidas \u00e9tnicas, regionais e t\u00edpicas a quatro lan\u00e7amentos de livros e dois curtas metragens, seis interven\u00e7\u00f5es, nove apresenta\u00e7\u00f5es art\u00edstico-culturais, cinco rodas de conversas, quatro cirandas de saberes, sete aulas-shows com chefs, uma oficina, uma reuni\u00e3o e um encontro de sementes crioulas e troca de sementes. Cada estande teve uma venda di\u00e1ria bruta em torno de 2 mil reais. Al\u00e9m da tenda, a RA teve ainda com um espa\u00e7o para 17 food trucks.<\/p>\n<p>O evento contou tamb\u00e9m com a Feira da Economia Solid\u00e1ria e da Diversidade, que reuniu 44 empreendimentos de agricultura familiar e movimentos sociais de 16 estados do Brasil e mais de 400 representantes de camponeses, povos ind\u00edgenas, comunidades quilombolas, faxinalenses, apanhadoras de flores sempre-vivas, quebradeiras de coco baba\u00e7u e catadoras de mangaba.<\/p>\n<p>Um destaque desta Reuni\u00e3o Anual foi o apoio da comunidade na realiza\u00e7\u00e3o do evento. Foram mais de 1000 monitores da UFPA, de 39 cidades do interior do Par\u00e1 e quatro estados diferentes auxiliando em todas as inciativas do encontro, desde informa\u00e7\u00f5es ao p\u00fablico, comunica\u00e7\u00e3o, secretariado, transmiss\u00f5es, em todas as a\u00e7\u00f5es.<\/p>\n<p>\u201cA 76\u00aa Reuni\u00e3o Anual da SBPC foi um marco de sucesso e engajamento, demonstrando a for\u00e7a da comunidade cient\u00edfica e o interesse crescente do p\u00fablico em eventos cient\u00edficos de grande porte\u201d, analisou a coordenadora geral do evento Claudia Linhares Sales.<\/p>\n<p><span style=\"color: #808080;\"><em>Jornal da Ci\u00eancia<\/em><\/span><\/p>\n<p>&nbsp;<\/p>\n<p>Capa. Jardel Rodrigues\/ SBPC. Reprodu\u00e7\u00e3o<\/p>\n","protected":false},"excerpt":{"rendered":"Realizado de 7 a 13 de julho em Bel\u00e9m, em parceria com&hellip;\n","protected":false},"author":19,"featured_media":6681,"comment_status":"open","ping_status":"open","sticky":false,"template":"","format":"standard","meta":[],"categories":[1,2],"tags":[],"acf":[],"_links":{"self":[{"href":"https:\/\/revistacienciaecultura.org.br\/index.php?rest_route=\/wp\/v2\/posts\/6680"}],"collection":[{"href":"https:\/\/revistacienciaecultura.org.br\/index.php?rest_route=\/wp\/v2\/posts"}],"about":[{"href":"https:\/\/revistacienciaecultura.org.br\/index.php?rest_route=\/wp\/v2\/types\/post"}],"author":[{"embeddable":true,"href":"https:\/\/revistacienciaecultura.org.br\/index.php?rest_route=\/wp\/v2\/users\/19"}],"replies":[{"embeddable":true,"href":"https:\/\/revistacienciaecultura.org.br\/index.php?rest_route=%2Fwp%2Fv2%2Fcomments&post=6680"}],"version-history":[{"count":1,"href":"https:\/\/revistacienciaecultura.org.br\/index.php?rest_route=\/wp\/v2\/posts\/6680\/revisions"}],"predecessor-version":[{"id":6682,"href":"https:\/\/revistacienciaecultura.org.br\/index.php?rest_route=\/wp\/v2\/posts\/6680\/revisions\/6682"}],"wp:featuredmedia":[{"embeddable":true,"href":"https:\/\/revistacienciaecultura.org.br\/index.php?rest_route=\/wp\/v2\/media\/6681"}],"wp:attachment":[{"href":"https:\/\/revistacienciaecultura.org.br\/index.php?rest_route=%2Fwp%2Fv2%2Fmedia&parent=6680"}],"wp:term":[{"taxonomy":"category","embeddable":true,"href":"https:\/\/revistacienciaecultura.org.br\/index.php?rest_route=%2Fwp%2Fv2%2Fcategories&post=6680"},{"taxonomy":"post_tag","embeddable":true,"href":"https:\/\/revistacienciaecultura.org.br\/index.php?rest_route=%2Fwp%2Fv2%2Ftags&post=6680"}],"curies":[{"name":"wp","href":"https:\/\/api.w.org\/{rel}","templated":true}]}}