{"id":6683,"date":"2024-07-17T07:30:24","date_gmt":"2024-07-17T07:30:24","guid":{"rendered":"https:\/\/revistacienciaecultura.org.br\/?p=6683"},"modified":"2024-07-16T18:25:56","modified_gmt":"2024-07-16T18:25:56","slug":"unesco-envia-missao-internacional-ao-rio-grande-do-sul-para-salvar-patrimonio-cultural-atingido-por-enchentes","status":"publish","type":"post","link":"https:\/\/revistacienciaecultura.org.br\/?p=6683","title":{"rendered":"Unesco envia miss\u00e3o internacional ao Rio Grande do Sul para salvar patrim\u00f4nio cultural atingido por enchentes"},"content":{"rendered":"<h4 id=\"equipe-de-especialistas-nacionais-e-internacionais-avaliara-os-danos-e-implementara-acoes-de-resgate-e-recuperacao-de-museus-e-acervos-historicos-devastados-pelas-inundacoes\"><span style=\"color: #808080;\">Equipe de especialistas nacionais e internacionais avaliar\u00e1 os danos e implementar\u00e1 a\u00e7\u00f5es de resgate e recupera\u00e7\u00e3o de museus e acervos hist\u00f3ricos devastados pelas inunda\u00e7\u00f5es.<\/span><\/h4>\n<p>&nbsp;<\/p>\n<p>A <span style=\"color: #800000;\"><strong><a style=\"color: #800000;\" href=\"https:\/\/www.unesco.org\/pt\/fieldoffice\/brasilia\/about\">Organiza\u00e7\u00e3o das Na\u00e7\u00f5es Unidas para Educa\u00e7\u00e3o, Ci\u00eancia e Cultura (Unesco)<\/a><\/strong><\/span> anunciou o envio de uma miss\u00e3o internacional de emerg\u00eancia ao Rio Grande do Sul para avaliar os danos causados aos bens culturais e arquivos do estado pelas recentes enchentes. Desde o final de abril, o estado brasileiro enfrenta inunda\u00e7\u00f5es sem precedentes, afetando 478 munic\u00edpios e cobrindo quase completamente algumas cidades.<\/p>\n<p>As consequ\u00eancias das enchentes foram devastadoras. At\u00e9 o in\u00edcio de julho, mais de 2,3 milh\u00f5es de pessoas foram impactadas, com 182 mortes confirmadas e mais de 735 mil pessoas desabrigadas. O setor cultural tamb\u00e9m sofreu significativamente, com 50 museus afetados, variando desde destrui\u00e7\u00e3o completa at\u00e9 danos por infiltra\u00e7\u00e3o de \u00e1gua, problemas no telhado e transbordamento de calhas. Os danos aos equipamentos e cole\u00e7\u00f5es foram severos e ainda est\u00e3o sendo quantificados.<\/p>\n<p>Especialistas nacionais e internacionais enviados pela Unesco realizar\u00e3o uma avalia\u00e7\u00e3o detalhada do patrim\u00f4nio cultural afetado, sugerindo a\u00e7\u00f5es para resgatar e recuperar arquivos, itens e cole\u00e7\u00f5es locais. A equipe inclui Andrea Richards, historiadora e arque\u00f3loga de Barbados, e Samuel Franco, um socorrista cultural da Guatemala, que permanecer\u00e3o no estado at\u00e9 19 de julho de 2024.<\/p>\n<p>A miss\u00e3o promover\u00e1 a troca de ideias e o compartilhamento de experi\u00eancias entre a comunidade local e especialistas internacionais que j\u00e1 responderam a v\u00e1rias emerg\u00eancias culturais ao redor do mundo. A aprova\u00e7\u00e3o do Fundo Emergencial de Patrim\u00f4nio do Rio Grande do Sul \u00e9 um passo crucial para a preserva\u00e7\u00e3o do rico patrim\u00f4nio cultural do estado, severamente afetado por enchentes e desastres naturais. Este fundo permitir\u00e1 que a Unesco e seus parceiros trabalhem em estreita colabora\u00e7\u00e3o com as comunidades locais para proteger e recuperar tesouros culturais fundamentais para a identidade e a hist\u00f3ria da regi\u00e3o.<\/p>\n<p>Em resposta \u00e0 emerg\u00eancia, o Minist\u00e9rio da Cultura criou uma Rede de Mapeamento e Recupera\u00e7\u00e3o do Patrim\u00f4nio Material, Museus, Acervos Arqueol\u00f3gicos e Arquivos do Rio Grande do Sul. Esta rede multissetorial inclui esfor\u00e7os combinados de autoridades governamentais em n\u00edveis nacional, estadual e municipal, al\u00e9m da sociedade civil e organiza\u00e7\u00f5es internacionais como o Instituto Brasileiro de Museus (Ibram), o Instituto do Patrim\u00f4nio Hist\u00f3rico e Art\u00edstico Nacional (IPHAN), o Arquivo Nacional, universidades p\u00fablicas do estado, o Governo do Rio Grande do Sul, o Icomos Brasil e a Unesco.<\/p>\n<p>A a\u00e7\u00e3o coordenada visa garantir a prote\u00e7\u00e3o e recupera\u00e7\u00e3o do patrim\u00f4nio cultural do estado, fortalecendo a resili\u00eancia das comunidades e preservando a rica heran\u00e7a cultural do Rio Grande do Sul frente aos desafios impostos pelas mudan\u00e7as clim\u00e1ticas e desastres naturais.<\/p>\n<p><span style=\"color: #808080;\"><em>Com informa\u00e7\u00f5es de <a style=\"color: #808080;\" href=\"https:\/\/news.un.org\/\">ONU News<\/a><\/em><\/span><\/p>\n<p><em>\u00a0<\/em><\/p>\n<h6 id=\"rafa-neddermeyer-agencia-brasil-reproducao\">Rafa Neddermeyer\/Ag\u00eancia Brasil. Reprodu\u00e7\u00e3o<\/h6>\n","protected":false},"excerpt":{"rendered":"Equipe de especialistas nacionais e internacionais avaliar\u00e1 os danos e implementar\u00e1 a\u00e7\u00f5es&hellip;\n","protected":false},"author":19,"featured_media":6684,"comment_status":"open","ping_status":"open","sticky":false,"template":"","format":"standard","meta":[],"categories":[1,2],"tags":[],"acf":[],"_links":{"self":[{"href":"https:\/\/revistacienciaecultura.org.br\/index.php?rest_route=\/wp\/v2\/posts\/6683"}],"collection":[{"href":"https:\/\/revistacienciaecultura.org.br\/index.php?rest_route=\/wp\/v2\/posts"}],"about":[{"href":"https:\/\/revistacienciaecultura.org.br\/index.php?rest_route=\/wp\/v2\/types\/post"}],"author":[{"embeddable":true,"href":"https:\/\/revistacienciaecultura.org.br\/index.php?rest_route=\/wp\/v2\/users\/19"}],"replies":[{"embeddable":true,"href":"https:\/\/revistacienciaecultura.org.br\/index.php?rest_route=%2Fwp%2Fv2%2Fcomments&post=6683"}],"version-history":[{"count":1,"href":"https:\/\/revistacienciaecultura.org.br\/index.php?rest_route=\/wp\/v2\/posts\/6683\/revisions"}],"predecessor-version":[{"id":6685,"href":"https:\/\/revistacienciaecultura.org.br\/index.php?rest_route=\/wp\/v2\/posts\/6683\/revisions\/6685"}],"wp:featuredmedia":[{"embeddable":true,"href":"https:\/\/revistacienciaecultura.org.br\/index.php?rest_route=\/wp\/v2\/media\/6684"}],"wp:attachment":[{"href":"https:\/\/revistacienciaecultura.org.br\/index.php?rest_route=%2Fwp%2Fv2%2Fmedia&parent=6683"}],"wp:term":[{"taxonomy":"category","embeddable":true,"href":"https:\/\/revistacienciaecultura.org.br\/index.php?rest_route=%2Fwp%2Fv2%2Fcategories&post=6683"},{"taxonomy":"post_tag","embeddable":true,"href":"https:\/\/revistacienciaecultura.org.br\/index.php?rest_route=%2Fwp%2Fv2%2Ftags&post=6683"}],"curies":[{"name":"wp","href":"https:\/\/api.w.org\/{rel}","templated":true}]}}