{"id":6733,"date":"2024-07-29T08:00:24","date_gmt":"2024-07-29T08:00:24","guid":{"rendered":"https:\/\/revistacienciaecultura.org.br\/?p=6733"},"modified":"2024-07-26T11:17:40","modified_gmt":"2024-07-26T11:17:40","slug":"carolina-bori-humanismo-e-amor-a-ciencia","status":"publish","type":"post","link":"https:\/\/revistacienciaecultura.org.br\/?p=6733","title":{"rendered":"Carolina Bori: Humanismo e amor \u00e0 ci\u00eancia"},"content":{"rendered":"<h4 id=\"edicao-especial-da-revista-ciencia-cultura-ressalta-a-importancia-de-carolina-bori-para-o-desenvolvimento-da-psicologia-no-brasil\"><span style=\"color: #808080;\">Edi\u00e7\u00e3o especial da revista Ci\u00eancia &amp; Cultura ressalta a import\u00e2ncia de Carolina Bori para o desenvolvimento da Psicologia no Brasil<\/span><\/h4>\n<p>&nbsp;<\/p>\n<p>A revista <span style=\"color: #800000;\"><a style=\"color: #800000;\" href=\"https:\/\/revistacienciaecultura.org.br\/\"><strong>Ci\u00eancia &amp; Cultura<\/strong><\/a><\/span> participa das comemora\u00e7\u00f5es do centen\u00e1rio de nascimento de Carolina Bori. Agrega aos eventos promovidos pela <span style=\"color: #800000;\"><a style=\"color: #800000;\" href=\"https:\/\/portal.sbpcnet.org.br\/\"><strong>Sociedade Brasileira para o Progresso da Ci\u00eancia (SBPC)<\/strong><\/a><\/span> mais um suplemento. Ele dar\u00e1 sequ\u00eancia \u00e0s homenagens por meio da recupera\u00e7\u00e3o de artigos escritos por alguns de seus ex-alunos e por seus colegas de trabalho na USP. Esses artigos ressaltam a import\u00e2ncia de Carolina Bori para o desenvolvimento da Psicologia no Brasil.<\/p>\n<p><em>\u201cCarolina em Belo Horizonte\u201d<\/em>, de Jo\u00e3o Bosco Jardim, e <em>\u201cA Psicologia Brasileira como Miss\u00e3o\u201d<\/em>, de Maria Am\u00e9lia Matos, ora republicados, evidenciam o empenho de Carolina Bori para o desenvolvimento da ci\u00eancia e da profiss\u00e3o no pa\u00eds.<\/p>\n<p>A import\u00e2ncia de Carolina Bori para a forma\u00e7\u00e3o acad\u00eamica de pesquisadores na \u00e1rea de psicologia e educa\u00e7\u00e3o \u00e9 um estudo de Elizabeth Tunes desenvolvido especialmente para a presente publica\u00e7\u00e3o. J\u00falio De Rose e Olavo Galv\u00e3o, em tom mais pessoal e opinativo, apresentam um relato de suas experi\u00eancias e viv\u00eancias como alunos de Carolina Bori na p\u00f3s-gradua\u00e7\u00e3o.<\/p>\n<p>&nbsp;<\/p>\n<h4 id=\"o-investimento-de-carolina-bori-na-formacao-de-pesquisadores-e-professores-foi-uma-escolha-de-quem-viu-na-ciencia-o-caminho-para-alargar-os-horizontes-do-pensamento-do-homem-sobre-o-proprio-h\" style=\"text-align: center;\"><span style=\"color: #800000;\"><em>\u201cO investimento de Carolina Bori na forma\u00e7\u00e3o de pesquisadores e professores foi uma escolha de quem viu na ci\u00eancia o caminho para alargar os horizontes do pensamento do homem sobre o pr\u00f3prio homem.\u201d<\/em><\/span><\/h4>\n<p>&nbsp;<\/p>\n<p>Al\u00e9m dos artigos supracitados, duas reportagens tratam das contribui\u00e7\u00f5es de Carolina Bori para a SBPC e de seu papel para a forma\u00e7\u00e3o e inclus\u00e3o das mulheres no campo nas ci\u00eancias.<\/p>\n<p>A SBPC disponibilizar\u00e1 um v\u00eddeo apresentando o trabalho de Carolina Bori como educadora e pesquisadora. Um podcast focando no papel de Carolina para o desenvolvimento da psicologia no Brasil, tamb\u00e9m estar\u00e1 \u00e0 disposi\u00e7\u00e3o dos interessados.<\/p>\n<p>O conjunto de m\u00eddias referentes ao legado de Carolina Bori para a ci\u00eancia e para a psicologia no Brasil n\u00e3o esgota a grande contribui\u00e7\u00e3o dela nas referidas \u00e1reas. Mas apontar\u00e1 seguramente os caminhos para aqueles que se interessarem pela produ\u00e7\u00e3o do conhecimento em educa\u00e7\u00e3o e em psicologia no Brasil.<\/p>\n<p>A descri\u00e7\u00e3o do conte\u00fado da revista revela a diversidade e a import\u00e2ncia dos temas que moveram Carolina Bori como cientista. A contribui\u00e7\u00e3o dela para desenvolvimento de duas \u00e1reas de conhecimento \u2013 psicologia e educa\u00e7\u00e3o \u2013 cuja import\u00e2ncia para a forma\u00e7\u00e3o humana \u00e9 ineg\u00e1vel, nos aponta caminhos a serem seguidos na produ\u00e7\u00e3o do conhecimento. Neste sentido, o investimento de Carolina Bori na forma\u00e7\u00e3o de pesquisadores e professores foi uma escolha de quem viu na ci\u00eancia o caminho para alargar os horizontes do pensamento do homem sobre o pr\u00f3prio homem.<\/p>\n<p>Gilberto Velho, do Museu Nacional da Universidade Federal do Rio de Janeiro, num texto de 1998, publicado na revista Psicologia USP, volume 9, exp\u00f5e claramente o que aqui pretendi mostrar. Assim, passo a transcrever o pensamento de Gilberto Velho, em seu artigo \u201c<span style=\"color: #800000;\"><a style=\"color: #800000;\" href=\"https:\/\/www.scielo.br\/j\/pusp\/a\/PwYvZdryCcPJTp4z8T7jwpG\/?lang=pt\"><strong>O Humanismo de Carolina Bori<\/strong><\/a><\/span>\u201d:<\/p>\n<p>&nbsp;<\/p>\n<p style=\"padding-left: 160px;\"><em>\u201cConheci Carolina h\u00e1 mais de vinte anos em reuni\u00e3o da Sociedade Brasileira para o Progresso da Ci\u00eancia (SBPC). Ao longo desse per\u00edodo. Tive o privil\u00e9gio de conhecer algumas de suas qualidades. Tanto em comiss\u00f5es e comit\u00eas de variados tipos, como no conv\u00edvio desenvolvido atrav\u00e9s da SBPC, pude apreciar a sua seriedade e dedica\u00e7\u00e3o \u00e0 ci\u00eancia brasileira. Em todos os cargos que ocupou estabeleceu padr\u00f5es de not\u00e1vel equil\u00edbrio entre o esp\u00edrito acad\u00eamico e um posicionamento pol\u00edtico cr\u00edtico. S\u00e3o not\u00f3rios o seu desprendimento pessoal e esp\u00edrito de sacrif\u00edcio, n\u00e3o medindo esfor\u00e7os para defender n\u00e3o s\u00f3 a comunidade cient\u00edfica, mas as causas sociais que sempre a preocuparam.\u201d<\/em><\/p>\n<p>&nbsp;<\/p>\n<p>Numa \u00e9poca de pragmatismo exacerbado e de esp\u00edrito competitivo elevado ao paroxismo, Carolina Bori encarna admiravelmente o papel de intelectual humanista cuja atividade \u00e9 insepar\u00e1vel de uma vis\u00e3o \u00e9tica de mundo. Sua atua\u00e7\u00e3o no per\u00edodo do regime militar foi sempre uma refer\u00eancia de pondera\u00e7\u00e3o e firmeza. Nos anos que se seguiram, manteve uma postura democr\u00e1tica independente, voltada para a atividade cient\u00edfica, mas jamais desligada da social.<\/p>\n<p>&nbsp;<\/p>\n<h4 id=\"numa-epoca-de-pragmatismo-exacerbado-e-de-espirito-competitivo-elevado-ao-paroxismo-carolina-bori-encarna-admiravelmente-o-papel-de-intelectual-humanista-cuja-atividade-e-inseparavel-de-uma\" style=\"text-align: center;\"><span style=\"color: #800000;\"><em>\u201cNuma \u00e9poca de pragmatismo exacerbado e de esp\u00edrito competitivo elevado ao paroxismo, Carolina Bori encarna admiravelmente o papel de intelectual humanista cuja atividade \u00e9 insepar\u00e1vel de uma vis\u00e3o \u00e9tica de mundo.\u201d<\/em><\/span><\/h4>\n<p>&nbsp;<\/p>\n<p>Como pesquisadora na \u00e1rea de Psicologia e como educadora, conseguiu estabelecer um tr\u00e2nsito f\u00e9rtil entre diversas \u00e1reas disciplinares no territ\u00f3rio das Ci\u00eancias Humanas. Como afirma Gilberto Velho em seu artigo: \u201cEsta vis\u00e3o abrangente, somada \u00e0 conhecida capacidade de trabalho, garantem que ainda por muito tempo poderemos contar com seu apoio\u201d.<\/p>\n<p>&nbsp;<\/p>\n<h6 id=\"capa-como-pesquisadora-e-como-educadora-carolina-bori-estabeleceu-um-transito-fertil-entre-diversas-areas-disciplinares-no-territorio-das-ciencias-humanas-fonte-montagem\"><strong>Capa. Como pesquisadora e como educadora, Carolina Bori estabeleceu um tr\u00e2nsito f\u00e9rtil entre diversas \u00e1reas disciplinares no territ\u00f3rio das Ci\u00eancias Humanas.<br \/>\n<\/strong>(Fonte: Montagem)<\/h6>\n","protected":false},"excerpt":{"rendered":"Edi\u00e7\u00e3o especial da revista Ci\u00eancia &amp; Cultura ressalta a import\u00e2ncia de Carolina&hellip;\n","protected":false},"author":224,"featured_media":6734,"comment_status":"open","ping_status":"open","sticky":false,"template":"","format":"standard","meta":[],"categories":[52,21],"tags":[],"acf":[],"_links":{"self":[{"href":"https:\/\/revistacienciaecultura.org.br\/index.php?rest_route=\/wp\/v2\/posts\/6733"}],"collection":[{"href":"https:\/\/revistacienciaecultura.org.br\/index.php?rest_route=\/wp\/v2\/posts"}],"about":[{"href":"https:\/\/revistacienciaecultura.org.br\/index.php?rest_route=\/wp\/v2\/types\/post"}],"author":[{"embeddable":true,"href":"https:\/\/revistacienciaecultura.org.br\/index.php?rest_route=\/wp\/v2\/users\/224"}],"replies":[{"embeddable":true,"href":"https:\/\/revistacienciaecultura.org.br\/index.php?rest_route=%2Fwp%2Fv2%2Fcomments&post=6733"}],"version-history":[{"count":3,"href":"https:\/\/revistacienciaecultura.org.br\/index.php?rest_route=\/wp\/v2\/posts\/6733\/revisions"}],"predecessor-version":[{"id":6736,"href":"https:\/\/revistacienciaecultura.org.br\/index.php?rest_route=\/wp\/v2\/posts\/6733\/revisions\/6736"}],"wp:featuredmedia":[{"embeddable":true,"href":"https:\/\/revistacienciaecultura.org.br\/index.php?rest_route=\/wp\/v2\/media\/6734"}],"wp:attachment":[{"href":"https:\/\/revistacienciaecultura.org.br\/index.php?rest_route=%2Fwp%2Fv2%2Fmedia&parent=6733"}],"wp:term":[{"taxonomy":"category","embeddable":true,"href":"https:\/\/revistacienciaecultura.org.br\/index.php?rest_route=%2Fwp%2Fv2%2Fcategories&post=6733"},{"taxonomy":"post_tag","embeddable":true,"href":"https:\/\/revistacienciaecultura.org.br\/index.php?rest_route=%2Fwp%2Fv2%2Ftags&post=6733"}],"curies":[{"name":"wp","href":"https:\/\/api.w.org\/{rel}","templated":true}]}}