{"id":6816,"date":"2024-07-30T07:30:29","date_gmt":"2024-07-30T07:30:29","guid":{"rendered":"https:\/\/revistacienciaecultura.org.br\/?p=6816"},"modified":"2024-07-29T19:22:09","modified_gmt":"2024-07-29T19:22:09","slug":"brasil-se-prepara-para-a-5a-conferencia-nacional-de-ciencia-tecnologia-e-inovacao","status":"publish","type":"post","link":"https:\/\/revistacienciaecultura.org.br\/?p=6816","title":{"rendered":"Brasil se Prepara para a 5\u00aa Confer\u00eancia Nacional de Ci\u00eancia, Tecnologia e Inova\u00e7\u00e3o"},"content":{"rendered":"<h4 id=\"evento-reune-milhares-de-participantes-para-debater-e-construir-a-nova-estrategia-nacional-de-cti-com-foco-em-um-brasil-justo-sustentavel-e-desenvolvido\"><span style=\"color: #808080;\">Evento re\u00fane milhares de participantes para debater e construir a nova Estrat\u00e9gia Nacional de CT&amp;I, com foco em um Brasil justo, sustent\u00e1vel e desenvolvido. <\/span><\/h4>\n<p>&nbsp;<\/p>\n<p>Mais de 200 etapas preparat\u00f3rias para a <span style=\"color: #800000;\"><strong><a style=\"color: #800000;\" href=\"https:\/\/5cncti.org.br\/\">5\u00aa Confer\u00eancia Nacional de Ci\u00eancia, Tecnologia e Inova\u00e7\u00e3o (5 CNCTI)<\/a><\/strong><\/span> foram realizadas em todo o Brasil, culminando em discuss\u00f5es que orientar\u00e3o a nova Estrat\u00e9gia Nacional de Ci\u00eancia, Tecnologia e Inova\u00e7\u00e3o. Estruturadas em quatro eixos tem\u00e1ticos, essas etapas envolveram um amplo debate nacional que se refletir\u00e1 na etapa principal da confer\u00eancia. A 5 CNCTI ser\u00e1 realizada nos dias 30 e 31 de julho e 1\u00ba de agosto, no Espa\u00e7o Brasil 21, em Bras\u00edlia (DF), com o tema \u201cCi\u00eancia, Tecnologia e Inova\u00e7\u00e3o para um Brasil Justo, Sustent\u00e1vel e Desenvolvido\u201d.<\/p>\n<p>Os eixos tem\u00e1ticos da confer\u00eancia s\u00e3o: recupera\u00e7\u00e3o, expans\u00e3o e consolida\u00e7\u00e3o do Sistema Nacional de Ci\u00eancia, Tecnologia e Inova\u00e7\u00e3o (SNCTI); reindustrializa\u00e7\u00e3o em novas bases e apoio \u00e0 inova\u00e7\u00e3o nas empresas; ci\u00eancia, tecnologia e inova\u00e7\u00e3o (CT&amp;I) para programas e projetos estrat\u00e9gicos nacionais; CT&amp;I para o desenvolvimento social.<\/p>\n<p>As reuni\u00f5es preparat\u00f3rias ocorreram em formato variado (livres, tem\u00e1ticas, distritais, municipais, estaduais e regionais), abrangendo de dezembro de 2023 at\u00e9 maio de 2024. As etapas regionais ocorreram em Vila Velha (Sudeste), Manaus (Norte), Curitiba (Sul), Goi\u00e2nia (Centro-Oeste) e Recife (Nordeste), reunindo mais de 100 mil participantes, incluindo estudantes, professores, empres\u00e1rios, movimentos sociais, agentes p\u00fablicos e a sociedade civil, tanto presencialmente quanto remotamente.<\/p>\n<p>Dentre os eixos discutidos, o eixo IV, que aborda CT&amp;I para o Desenvolvimento Social, atraiu a maior aten\u00e7\u00e3o, com cerca de 42% das discuss\u00f5es focadas neste tema. Quest\u00f5es como tecnologias sociais, tecnologias assistivas, intelig\u00eancia artificial nas comunidades, desigualdades sociais na CT&amp;I, e a valoriza\u00e7\u00e3o dos saberes ancestrais de popula\u00e7\u00f5es negras, ind\u00edgenas e quilombolas foram amplamente debatidas.<\/p>\n<p>O eixo I, focado na Recupera\u00e7\u00e3o, Expans\u00e3o e Consolida\u00e7\u00e3o do SNCTI, foi o segundo mais discutido, representando 26% das conversas. Seguido pelo eixo III \u2014 CT&amp;I para Programas e Projetos Estrat\u00e9gicos Nacionais (19%) e, finalmente, o eixo II \u2014 Reindustrializa\u00e7\u00e3o em Novas Bases e apoio \u00e0 Inova\u00e7\u00e3o nas Empresas (13%).<\/p>\n<p>&nbsp;<\/p>\n<h4 id=\"participacao-online\"><strong>Participa\u00e7\u00e3o online<\/strong><\/h4>\n<p>O evento j\u00e1 conta com mais de 2 mil inscri\u00e7\u00f5es para participa\u00e7\u00e3o virtual. Os interessados em participar virtualmente e receber certificado devem se inscrever no <span style=\"color: #800000;\"><strong><a style=\"color: #800000;\" href=\"https:\/\/5cncti.org.br\/\">site oficial<\/a><\/strong> <\/span>da confer\u00eancia. Al\u00e9m de acompanhar os debates, os participantes poder\u00e3o sugerir recomenda\u00e7\u00f5es de pol\u00edticas p\u00fablicas, que ser\u00e3o analisadas para compor a nova Estrat\u00e9gia Nacional de Ci\u00eancia, Tecnologia e Inova\u00e7\u00e3o (ENCTI), vigente at\u00e9 2030. Aqueles que desejarem acompanhar sem receber certificado poder\u00e3o assistir \u00e0 transmiss\u00e3o ao vivo pelo canal do YouTube do Minist\u00e9rio da Ci\u00eancia, Tecnologia e Inova\u00e7\u00e3o (MCTI).<\/p>\n<p>&nbsp;<\/p>\n<h4 id=\"cncti\"><strong>CNCTI<\/strong><\/h4>\n<p>Lan\u00e7ada pelo presidente Lula em 12 de julho de 2023, a 5\u00aa Confer\u00eancia Nacional de Ci\u00eancia, Tecnologia e Inova\u00e7\u00e3o visa discutir as necessidades do setor de CT&amp;I e propor uma nova estrat\u00e9gia nacional. Ap\u00f3s 14 anos de hiato, o evento, organizado pelo Centro de Gest\u00e3o e Estudos Estrat\u00e9gicos (CGEE) e patrocinado pelo Banco do Brasil, Caixa Econ\u00f4mica Federal e Finep, marca um momento crucial para o futuro da ci\u00eancia e tecnologia no Brasil.<\/p>\n<p><span style=\"color: #808080;\"><em>Com informa\u00e7\u00f5es de 5 CNCTI<\/em><\/span><\/p>\n<p>&nbsp;<\/p>\n<h6 id=\"capa-5-cncti-reproducao\">Capa. <a href=\"https:\/\/5cncti.org.br\/\">5 CNCTI<\/a>. Reprodu\u00e7\u00e3o<\/h6>\n","protected":false},"excerpt":{"rendered":"Evento re\u00fane milhares de participantes para debater e construir a nova Estrat\u00e9gia&hellip;\n","protected":false},"author":19,"featured_media":6817,"comment_status":"open","ping_status":"open","sticky":false,"template":"","format":"standard","meta":[],"categories":[1,2],"tags":[],"acf":[],"_links":{"self":[{"href":"https:\/\/revistacienciaecultura.org.br\/index.php?rest_route=\/wp\/v2\/posts\/6816"}],"collection":[{"href":"https:\/\/revistacienciaecultura.org.br\/index.php?rest_route=\/wp\/v2\/posts"}],"about":[{"href":"https:\/\/revistacienciaecultura.org.br\/index.php?rest_route=\/wp\/v2\/types\/post"}],"author":[{"embeddable":true,"href":"https:\/\/revistacienciaecultura.org.br\/index.php?rest_route=\/wp\/v2\/users\/19"}],"replies":[{"embeddable":true,"href":"https:\/\/revistacienciaecultura.org.br\/index.php?rest_route=%2Fwp%2Fv2%2Fcomments&post=6816"}],"version-history":[{"count":2,"href":"https:\/\/revistacienciaecultura.org.br\/index.php?rest_route=\/wp\/v2\/posts\/6816\/revisions"}],"predecessor-version":[{"id":6819,"href":"https:\/\/revistacienciaecultura.org.br\/index.php?rest_route=\/wp\/v2\/posts\/6816\/revisions\/6819"}],"wp:featuredmedia":[{"embeddable":true,"href":"https:\/\/revistacienciaecultura.org.br\/index.php?rest_route=\/wp\/v2\/media\/6817"}],"wp:attachment":[{"href":"https:\/\/revistacienciaecultura.org.br\/index.php?rest_route=%2Fwp%2Fv2%2Fmedia&parent=6816"}],"wp:term":[{"taxonomy":"category","embeddable":true,"href":"https:\/\/revistacienciaecultura.org.br\/index.php?rest_route=%2Fwp%2Fv2%2Fcategories&post=6816"},{"taxonomy":"post_tag","embeddable":true,"href":"https:\/\/revistacienciaecultura.org.br\/index.php?rest_route=%2Fwp%2Fv2%2Ftags&post=6816"}],"curies":[{"name":"wp","href":"https:\/\/api.w.org\/{rel}","templated":true}]}}