{"id":6820,"date":"2024-07-31T07:30:14","date_gmt":"2024-07-31T07:30:14","guid":{"rendered":"https:\/\/revistacienciaecultura.org.br\/?p=6820"},"modified":"2024-07-30T17:58:57","modified_gmt":"2024-07-30T17:58:57","slug":"sbpc-marca-presenca-na-5a-conferencia-nacional-de-ciencia-tecnologia-e-inovacao","status":"publish","type":"post","link":"https:\/\/revistacienciaecultura.org.br\/?p=6820","title":{"rendered":"SBPC marca presen\u00e7a na 5\u00aa Confer\u00eancia Nacional de Ci\u00eancia, Tecnologia e Inova\u00e7\u00e3o"},"content":{"rendered":"<h4 id=\"apos-um-hiato-de-14-anos-evento-tem-inicio-hoje-e-segue-ate-quinta-feira-1o-de-agosto-em-brasilia-as-sessoes-tambem-terao-transmissao-online\"><span style=\"color: #808080;\">Ap\u00f3s um hiato de 14 anos, evento tem in\u00edcio hoje e segue at\u00e9 quinta-feira, 1\u00ba de agosto, em Bras\u00edlia. As sess\u00f5es tamb\u00e9m ter\u00e3o transmiss\u00e3o online<\/span><\/h4>\n<p>&nbsp;<\/p>\n<p>A Sociedade Brasileira para o Progresso da Ci\u00eancia (SBPC) est\u00e1 presente na 5\u00aa Confer\u00eancia Nacional de Ci\u00eancia, Tecnologia e Inova\u00e7\u00e3o (5CNCTI), que come\u00e7ou hoje e vai at\u00e9 1\u00ba de agosto no Espa\u00e7o Brasil 21, em Bras\u00edlia (DF). A Diretoria da SBPC participar\u00e1 dos debates e coordenar\u00e1 algumas das sess\u00f5es, em uma programa\u00e7\u00e3o intensa que tem como objetivo definir a nova Estrat\u00e9gia Nacional de Ci\u00eancia, Tecnologia e Inova\u00e7\u00e3o (ENCTI), vigente at\u00e9 2030.<\/p>\n<p>Entre os temas que ser\u00e3o discutidos neste primeiro dia de evento est\u00e3o a evolu\u00e7\u00e3o recente da Ci\u00eancia no Brasil e no Mundo; como integrar um Brasil de oportunidades e desafios; modelos colaborativos para integra\u00e7\u00e3o Ci\u00eancia\/sociedade; a comunica\u00e7\u00e3o p\u00fablica da Ci\u00eancia; e um plano estrat\u00e9gico para o desenvolvimento e a utiliza\u00e7\u00e3o da intelig\u00eancia artificial no Brasil\u00a0<a href=\"https:\/\/5cncti.org.br\/programacoes\/\" target=\"_blank\" rel=\"noopener\">(<span style=\"color: #800000;\"><strong>confira a programa\u00e7\u00e3o completa aqui<\/strong><\/span><\/a>).<\/p>\n<p>O presidente da SBPC, Renato Janine Ribeiro, participou da abertura na manh\u00e3 desta ter\u00e7a-feira (30\/08), acompanhado das diretoras Claudia Linha Sales, Fernanda Sobral, Ana Tereza Vasconcelos, Marilene Corr\u00eaa e Laila Salmen Espindola. Al\u00e9m da vice-presidente da SBPC, Francilene Garcia, que tamb\u00e9m integra a comiss\u00e3o organizadora da 5\u00aa CNCTI, refor\u00e7ando o compromisso da entidade com a constru\u00e7\u00e3o de pol\u00edticas p\u00fablicas eficazes para o setor.<\/p>\n<p>O Jornal da Ci\u00eancia est\u00e1 fazendo a cobertura\u00a0<em>in loco<\/em>\u00a0do evento, e os leitores poder\u00e3o acompanhar as atualiza\u00e7\u00f5es pelos canais da SBPC e redes sociais.<\/p>\n<p>A 5\u00aa CNCTI re\u00fane representantes do governo, academia, ind\u00fastria e toda a sociedade civil para discutir pol\u00edticas de Estado, modelos de financiamento e novos rumos para o desenvolvimento nacional baseado na ci\u00eancia e tecnologia. Este evento marca o retorno das confer\u00eancias nacionais de CT&amp;I, que n\u00e3o aconteciam desde 2010, quando foi realizada a 4\u00aa edi\u00e7\u00e3o.<\/p>\n<p>Em 12 de julho de 2023, o presidente da Rep\u00fablica, Luiz In\u00e1cio Lula a Silva, assinou um decreto convocando a Confer\u00eancia e, a partir da\u00ed, institui\u00e7\u00f5es de todo o pa\u00eds organizaram uma s\u00e9rie de confer\u00eancias preparat\u00f3rias para conhecer as necessidades e elaborar sugest\u00f5es para a 5\u00aa CNCTI. A prepara\u00e7\u00e3o para a etapa nacional incluiu mais de 200 confer\u00eancias realizadas entre dezembro de 2023 e maio de 2024, abrangendo confer\u00eancias livres, municipais, estaduais e regionais. Com mais de 70 mil participantes e 4 mil horas de discuss\u00f5es, esses eventos foram fundamentais para a consolida\u00e7\u00e3o das propostas que ser\u00e3o debatidas at\u00e9 esta quinta-feira, 1\u00ba de agosto.<\/p>\n<p>A SBPC desempenhou um importante papel nessa etapa, promovendo debates durante a 75\u00aa Reuni\u00e3o Anual da SBPC em Curitiba j\u00e1 em julho de 2023. Depois, por meio de suas representa\u00e7\u00f5es regionais, promoveu confer\u00eancias em todas as partes do Pa\u00eds. Durante a 76\u00aa Reuni\u00e3o Anual da SBPC, realizada em julho, foram lan\u00e7ados dois e-books com as s\u00ednteses dos debates ocorridos nas confer\u00eancias preparat\u00f3rias. A publica\u00e7\u00f5es foram coordenadas pela vice-presidente da SBPC, Francilene Garcia e est\u00e3o dispon\u00edveis para download gratuito no site da 5\u00aa CNCTI.<\/p>\n<p>Em carta encaminhada no in\u00edcio de julho ao Conselho Nacional de Ci\u00eancia e Tecnologia (CCT), \u00f3rg\u00e3o do MCTI, a Sociedade Brasileira para o Progresso da Ci\u00eancia listou caminhos para que a 5\u00aa Confer\u00eancia atenda \u00e0s necessidades do Pa\u00eds. Segundo o documento, o plano nacional decenal de CT&amp;I, no intuito de estabelecer uma pol\u00edtica de Estado,\u00a0 deveria definir estrat\u00e9gias gerais, metas e prazos; propor como se dar\u00e1 o crescimento dos recursos para CT&amp;I; defender a necessidade da avalia\u00e7\u00e3o criteriosa dos resultados de todos os programas e projetos de CT&amp;I; rever e propor, se necess\u00e1rio, novos marcos legais ou sua corre\u00e7\u00e3o, bem como promover o seu uso efetivo; e consolidar o Sistema Nacional de CT&amp;I.\u00a0<span style=\"color: #800000;\"><strong><a style=\"color: #800000;\" href=\"https:\/\/www.jornaldaciencia.org.br\/edicoes\/?url=http:\/\/jcnoticias.jornaldaciencia.org.br\/3-proposta-de-pontos-da-sbpc-para-a-v-cncti\/&amp;utm_smid=11370694-1-1\">Veja a carta na \u00edntegra aqui<\/a><\/strong><\/span>.<\/p>\n<p>&nbsp;<\/p>\n<h4 id=\"justica-sustentabilidade-e-desenvolvimento\"><strong>Justi\u00e7a, sustentabilidade e desenvolvimento<\/strong><\/h4>\n<p>A 5\u00aa CNCTI tem como tema \u201cCi\u00eancia, Tecnologia e Inova\u00e7\u00e3o para um Brasil Justo, Sustent\u00e1vel e Desenvolvido\u201d e est\u00e1 organizada em torno de quatro eixos tem\u00e1ticos: Recupera\u00e7\u00e3o, expans\u00e3o e consolida\u00e7\u00e3o do Sistema Nacional de Ci\u00eancia, Tecnologia e Inova\u00e7\u00e3o; Reindustrializa\u00e7\u00e3o em novas bases e apoio \u00e0 inova\u00e7\u00e3o nas empresas; Ci\u00eancia, Tecnologia e Inova\u00e7\u00e3o para programas e projetos estrat\u00e9gicos nacionais; e Ci\u00eancia, Tecnologia e Inova\u00e7\u00e3o para o desenvolvimento social. Realizado pelo Minist\u00e9rio da Ci\u00eancia, Tecnologia e Inova\u00e7\u00e3o (MCTI), a governan\u00e7a do evento conta com o Centro de Gest\u00e3o e Estudos Estrat\u00e9gicos (CGEE). Est\u00e3o \u00e0 frente dessa condu\u00e7\u00e3o: a ministra Luciana Santos (MCTI), a comiss\u00e3o executiva que tem como coordenador e secret\u00e1rio geral, o ex-ministro da CT&amp;I, S\u00e9rgio Rezende, um conselho consultivo e cinco subcomiss\u00f5es, al\u00e9m do secret\u00e1rio geral-adjunto, Anderson Gomes.<\/p>\n<p>\u00c9 poss\u00edvel acompanhar os debates pelo canal do MCTI no YouTube e os participantes que se inscreverem pelo site oficial da 5\u00aa CNCTI ter\u00e3o a possibilidade de sugerir recomenda\u00e7\u00f5es de pol\u00edticas p\u00fablicas. Para mais informa\u00e7\u00f5es e inscri\u00e7\u00f5es, acesse:\u00a0<span style=\"color: #800000;\"><strong><a style=\"color: #800000;\" href=\"https:\/\/5cncti.org.br\/\" target=\"_blank\" rel=\"noopener\">https:\/\/5cncti.org.br\/<\/a><\/strong><\/span>\u00a0.<\/p>\n<p><span style=\"color: #808080;\"><em>Jornal da Ci\u00eancia<\/em><\/span><\/p>\n","protected":false},"excerpt":{"rendered":"Ap\u00f3s um hiato de 14 anos, evento tem in\u00edcio hoje e segue&hellip;\n","protected":false},"author":19,"featured_media":6821,"comment_status":"open","ping_status":"open","sticky":false,"template":"","format":"standard","meta":[],"categories":[1,2],"tags":[],"acf":[],"_links":{"self":[{"href":"https:\/\/revistacienciaecultura.org.br\/index.php?rest_route=\/wp\/v2\/posts\/6820"}],"collection":[{"href":"https:\/\/revistacienciaecultura.org.br\/index.php?rest_route=\/wp\/v2\/posts"}],"about":[{"href":"https:\/\/revistacienciaecultura.org.br\/index.php?rest_route=\/wp\/v2\/types\/post"}],"author":[{"embeddable":true,"href":"https:\/\/revistacienciaecultura.org.br\/index.php?rest_route=\/wp\/v2\/users\/19"}],"replies":[{"embeddable":true,"href":"https:\/\/revistacienciaecultura.org.br\/index.php?rest_route=%2Fwp%2Fv2%2Fcomments&post=6820"}],"version-history":[{"count":2,"href":"https:\/\/revistacienciaecultura.org.br\/index.php?rest_route=\/wp\/v2\/posts\/6820\/revisions"}],"predecessor-version":[{"id":6823,"href":"https:\/\/revistacienciaecultura.org.br\/index.php?rest_route=\/wp\/v2\/posts\/6820\/revisions\/6823"}],"wp:featuredmedia":[{"embeddable":true,"href":"https:\/\/revistacienciaecultura.org.br\/index.php?rest_route=\/wp\/v2\/media\/6821"}],"wp:attachment":[{"href":"https:\/\/revistacienciaecultura.org.br\/index.php?rest_route=%2Fwp%2Fv2%2Fmedia&parent=6820"}],"wp:term":[{"taxonomy":"category","embeddable":true,"href":"https:\/\/revistacienciaecultura.org.br\/index.php?rest_route=%2Fwp%2Fv2%2Fcategories&post=6820"},{"taxonomy":"post_tag","embeddable":true,"href":"https:\/\/revistacienciaecultura.org.br\/index.php?rest_route=%2Fwp%2Fv2%2Ftags&post=6820"}],"curies":[{"name":"wp","href":"https:\/\/api.w.org\/{rel}","templated":true}]}}