{"id":6826,"date":"2024-08-01T07:30:23","date_gmt":"2024-08-01T07:30:23","guid":{"rendered":"https:\/\/revistacienciaecultura.org.br\/?p=6826"},"modified":"2024-07-31T11:12:41","modified_gmt":"2024-07-31T11:12:41","slug":"ciencia-em-foco-videos-documentario-unem-conhecimento-e-criatividade","status":"publish","type":"post","link":"https:\/\/revistacienciaecultura.org.br\/?p=6826","title":{"rendered":"Ci\u00eancia em foco: v\u00eddeos-document\u00e1rio unem conhecimento e criatividade"},"content":{"rendered":"<h4 id=\"videos-da-revista-ciencia-cultura-unem-cultura-tecnologia-inovacao-arte-e-filosofia\"><span style=\"color: #808080;\">V\u00eddeos da revista Ci\u00eancia &amp; Cultura unem cultura, tecnologia, inova\u00e7\u00e3o, arte e filosofia <\/span><\/h4>\n<p>&nbsp;<\/p>\n<p>Descubra como a ci\u00eancia pode ser fant\u00e1stica atrav\u00e9s dos nossos v\u00eddeos-document\u00e1rios, onde cultura, tecnologia, inova\u00e7\u00e3o, arte e filosofia se entrela\u00e7am em hist\u00f3rias cativantes. A revista Ci\u00eancia &amp; Cultura, um dos mais antigos e importantes ve\u00edculos de divulga\u00e7\u00e3o cient\u00edfica do Brasil, est\u00e1 revolucionando a maneira como entendemos a ci\u00eancia. Desde 1949, a publica\u00e7\u00e3o tem sido uma ponte entre o grande p\u00fablico, a comunidade cient\u00edfica e leitores especializados. Agora, totalmente digital e com novos recursos, a revista lan\u00e7ou uma s\u00e9rie de v\u00eddeos-document\u00e1rios que combinam cultura, tecnologia, inova\u00e7\u00e3o, arte e filosofia. Cada m\u00eas, um novo epis\u00f3dio apresenta hist\u00f3rias incr\u00edveis contadas por cientistas, jornalistas e pensadores, mostrando como a ci\u00eancia est\u00e1 intrinsecamente ligada a todos os aspectos de nossas vidas. Com uma abordagem explicativa e envolvente, cientistas, jornalistas e pensadores compartilham suas experi\u00eancias e conhecimentos, desvendando os mist\u00e9rios do universo e trazendo \u00e0 luz as maravilhas do mundo cient\u00edfico. Esses v\u00eddeos n\u00e3o apenas informam, mas tamb\u00e9m inspiram novas maneiras de pensar e novas conex\u00f5es, ampliando o impacto da ci\u00eancia na sociedade.<\/p>\n<p>Confira alguns de nossos v\u00eddeos:<\/p>\n<p>&nbsp;<\/p>\n<h4 id=\"ciencia-cultura-75-anos-divulgando-a-ciencia-no-brasil\"><strong>Ci\u00eancia &amp; Cultura: 75 anos divulgando a ci\u00eancia no Brasil<\/strong><\/h4>\n<p>Criada no ano seguinte \u00e0 funda\u00e7\u00e3o da SBPC, a revista \u00e9 o mais antigo ve\u00edculo de divulga\u00e7\u00e3o cient\u00edfica em circula\u00e7\u00e3o no Brasil.<\/p>\n<p><iframe loading=\"lazy\" title=\"Ci\u00eancia &amp; Cultura: 75 anos divulgando a ci\u00eancia no Brasil\" width=\"1200\" height=\"675\" src=\"https:\/\/www.youtube.com\/embed\/HsTWH8YvgNQ?feature=oembed\" frameborder=\"0\" allow=\"accelerometer; autoplay; clipboard-write; encrypted-media; gyroscope; picture-in-picture; web-share\" referrerpolicy=\"strict-origin-when-cross-origin\" allowfullscreen><\/iframe><\/p>\n<p>&nbsp;<\/p>\n<h4 id=\"aziz-absaber-e-a-geografia-brasileira\"><strong>Aziz Ab\u2019S\u00e1ber e a geografia brasileira<\/strong><\/h4>\n<p>Ge\u00f3grafo desvendou a paisagem do Brasil e defendeu sua preserva\u00e7\u00e3o.<\/p>\n<p><iframe loading=\"lazy\" title=\"Aziz Ab\u2019S\u00e1ber e a geografia brasileira\" width=\"1200\" height=\"675\" src=\"https:\/\/www.youtube.com\/embed\/PW-4Sodf8J4?feature=oembed\" frameborder=\"0\" allow=\"accelerometer; autoplay; clipboard-write; encrypted-media; gyroscope; picture-in-picture; web-share\" referrerpolicy=\"strict-origin-when-cross-origin\" allowfullscreen><\/iframe><\/p>\n<p>&nbsp;<\/p>\n<h4 id=\"cesar-lattes-e-a-fisica-brasileira-na-segunda-metade-do-seculo-xx\"><strong>Cesar Lattes e a f\u00edsica brasileira na segunda metade do s\u00e9culo XX<\/strong><\/h4>\n<p>Lattes desempenhou papel fundamental na cria\u00e7\u00e3o de institui\u00e7\u00f5es cient\u00edficas e no fortalecimento da ci\u00eancia no Brasil.<\/p>\n<p><iframe loading=\"lazy\" title=\"Cesar Lattes e a f\u00edsica brasileira na segunda metade do s\u00e9culo XX\" width=\"1200\" height=\"675\" src=\"https:\/\/www.youtube.com\/embed\/rKxpkX0r4oI?feature=oembed\" frameborder=\"0\" allow=\"accelerometer; autoplay; clipboard-write; encrypted-media; gyroscope; picture-in-picture; web-share\" referrerpolicy=\"strict-origin-when-cross-origin\" allowfullscreen><\/iframe><\/p>\n<p>&nbsp;<\/p>\n<h4 id=\"desafios-para-a-integracao-latino-americana\"><strong>Desafios para a integra\u00e7\u00e3o latino-americana<\/strong><\/h4>\n<p>Integrar a Am\u00e9rica Latina \u00e9 um desafio complexo que exige que os pa\u00edses trabalhem juntos, respeitando as diferen\u00e7as e promovendo a coopera\u00e7\u00e3o econ\u00f4mica, social e pol\u00edtica.<\/p>\n<p><iframe loading=\"lazy\" title=\"Desafios para a integra\u00e7\u00e3o latino-americana\" width=\"1200\" height=\"675\" src=\"https:\/\/www.youtube.com\/embed\/33TNsimwBd8?feature=oembed\" frameborder=\"0\" allow=\"accelerometer; autoplay; clipboard-write; encrypted-media; gyroscope; picture-in-picture; web-share\" referrerpolicy=\"strict-origin-when-cross-origin\" allowfullscreen><\/iframe><\/p>\n<p>&nbsp;<\/p>\n<h4 id=\"ameacas-a-democracia-na-america-latina\"><strong>Amea\u00e7as \u00e0 democracia na Am\u00e9rica Latina<\/strong><\/h4>\n<p>Crescimento da extrema-direita, economia desigual e desrespeito aos direitos humanos colocam democracias da regi\u00e3o em risco.<\/p>\n<p><iframe loading=\"lazy\" title=\"Amea\u00e7as \u00e0 democracia na Am\u00e9rica Latina\" width=\"1200\" height=\"675\" src=\"https:\/\/www.youtube.com\/embed\/F2Pq2M20XYU?feature=oembed\" frameborder=\"0\" allow=\"accelerometer; autoplay; clipboard-write; encrypted-media; gyroscope; picture-in-picture; web-share\" referrerpolicy=\"strict-origin-when-cross-origin\" allowfullscreen><\/iframe><\/p>\n<p>&nbsp;<\/p>\n<h4 id=\"politicas-de-ciencia-tecnologia-e-inovacao-na-america-latina\"><strong>Pol\u00edticas de ci\u00eancia, tecnologia e inova\u00e7\u00e3o na Am\u00e9rica Latina<\/strong><\/h4>\n<p>Transforma\u00e7\u00f5es na regi\u00e3o impulsionam necessidade de investimentos em ci\u00eancia e tecnologia.<\/p>\n<p><iframe loading=\"lazy\" title=\"Pol\u00edticas de ci\u00eancia, tecnologia e inova\u00e7\u00e3o na Am\u00e9rica Latina\" width=\"1200\" height=\"675\" src=\"https:\/\/www.youtube.com\/embed\/2vLsOscd-xU?feature=oembed\" frameborder=\"0\" allow=\"accelerometer; autoplay; clipboard-write; encrypted-media; gyroscope; picture-in-picture; web-share\" referrerpolicy=\"strict-origin-when-cross-origin\" allowfullscreen><\/iframe><\/p>\n<p>&nbsp;<\/p>\n<h4 id=\"ciencia-e-desenvolvimento\"><strong>Ci\u00eancia e desenvolvimento<\/strong><\/h4>\n<p>Ci\u00eancia, tecnologia e inova\u00e7\u00e3o s\u00e3o fundamentais nas discuss\u00f5es para se acabar com a pobreza, proteger o meio ambiente e o clima e garantir uma sociedade mais justa.<\/p>\n<p><iframe loading=\"lazy\" title=\"Ci\u00eancia e Desenvolvimento\" width=\"1200\" height=\"675\" src=\"https:\/\/www.youtube.com\/embed\/dzzQNXjCGt4?feature=oembed\" frameborder=\"0\" allow=\"accelerometer; autoplay; clipboard-write; encrypted-media; gyroscope; picture-in-picture; web-share\" referrerpolicy=\"strict-origin-when-cross-origin\" allowfullscreen><\/iframe><\/p>\n<p>&nbsp;<\/p>\n<h4 id=\"ciencia-basica-e-sustentabilidade\"><strong>Ci\u00eancia b\u00e1sica e sustentabilidade<\/strong><\/h4>\n<p>As ci\u00eancias b\u00e1sicas fornecem os meios essenciais para enfrentar desafios como o acesso universal a alimentos, energia, cobertura de sa\u00fade e tecnologias de comunica\u00e7\u00e3o.<\/p>\n<p><iframe loading=\"lazy\" title=\"Ci\u00eancia b\u00e1sica e sustentabilidade\" width=\"1200\" height=\"675\" src=\"https:\/\/www.youtube.com\/embed\/Ios1Sy4vpko?feature=oembed\" frameborder=\"0\" allow=\"accelerometer; autoplay; clipboard-write; encrypted-media; gyroscope; picture-in-picture; web-share\" referrerpolicy=\"strict-origin-when-cross-origin\" allowfullscreen><\/iframe><\/p>\n<p>&nbsp;<\/p>\n<h4 id=\"educacao-para-a-ciencia-e-ciencia-para-a-educacao\"><strong>Educa\u00e7\u00e3o para a ci\u00eancia e ci\u00eancia para a educa\u00e7\u00e3o<\/strong><\/h4>\n<p>Educa\u00e7\u00e3o e ci\u00eancia s\u00e3o pilares fundamentais para se atingir o desenvolvimento sustent\u00e1vel.<\/p>\n<p><iframe loading=\"lazy\" title=\"Educa\u00e7\u00e3o para a ci\u00eancia e ci\u00eancia para a educa\u00e7\u00e3o\" width=\"1200\" height=\"675\" src=\"https:\/\/www.youtube.com\/embed\/U2glqJhArBc?feature=oembed\" frameborder=\"0\" allow=\"accelerometer; autoplay; clipboard-write; encrypted-media; gyroscope; picture-in-picture; web-share\" referrerpolicy=\"strict-origin-when-cross-origin\" allowfullscreen><\/iframe><\/p>\n<p>&nbsp;<\/p>\n<h4 id=\"diversidade-na-educacao-superior\"><strong>Diversidade na educa\u00e7\u00e3o superior<\/strong><\/h4>\n<p>Como a introdu\u00e7\u00e3o das pol\u00edticas de cotas e as a\u00e7\u00f5es afirmativas modificaram as rela\u00e7\u00f5es no interior das universidades?<\/p>\n<p><iframe loading=\"lazy\" title=\"Diversidade na educa\u00e7\u00e3o superior\" width=\"1200\" height=\"675\" src=\"https:\/\/www.youtube.com\/embed\/M0TwWaAf7hs?feature=oembed\" frameborder=\"0\" allow=\"accelerometer; autoplay; clipboard-write; encrypted-media; gyroscope; picture-in-picture; web-share\" referrerpolicy=\"strict-origin-when-cross-origin\" allowfullscreen><\/iframe><\/p>\n<p>&nbsp;<\/p>\n<h4 id=\"ciencia-como-um-direito\"><strong>Ci\u00eancia como um direito<\/strong><\/h4>\n<p>A ci\u00eancia \u00e9 um direito do cidad\u00e3o, mas ainda h\u00e1 um longo caminho para que ela possa ser totalmente usufru\u00edda pela sociedade.<\/p>\n<p><iframe loading=\"lazy\" title=\"Cie\u0302ncia como direito\" width=\"1200\" height=\"675\" src=\"https:\/\/www.youtube.com\/embed\/zWFnt5jgd0E?feature=oembed\" frameborder=\"0\" allow=\"accelerometer; autoplay; clipboard-write; encrypted-media; gyroscope; picture-in-picture; web-share\" referrerpolicy=\"strict-origin-when-cross-origin\" allowfullscreen><\/iframe><\/p>\n<p>&nbsp;<\/p>\n<h4 id=\"a-inovacao-e-as-universidades-brasileiras\"><strong>A inova\u00e7\u00e3o e as universidades brasileiras<\/strong><\/h4>\n<p>Processos inovadores t\u00eam rela\u00e7\u00e3o direta com o desenvolvimento econ\u00f4mico, a gera\u00e7\u00e3o de emprego e o aumento de renda. E as universidades e centros de pesquisas s\u00e3o fundamentais para isso.<\/p>\n<p><iframe loading=\"lazy\" title=\"A inova\u00e7\u00e3o e as universidades brasileiras\" width=\"1200\" height=\"675\" src=\"https:\/\/www.youtube.com\/embed\/Htu3DZvfte0?feature=oembed\" frameborder=\"0\" allow=\"accelerometer; autoplay; clipboard-write; encrypted-media; gyroscope; picture-in-picture; web-share\" referrerpolicy=\"strict-origin-when-cross-origin\" allowfullscreen><\/iframe><\/p>\n<p>&nbsp;<\/p>\n<h4 id=\"ficcao-cientifica-e-ciencia-uma-janela-para-o-futuro\"><strong>Fic\u00e7\u00e3o cient\u00edfica e ci\u00eancia: uma janela para o futuro?<\/strong><\/h4>\n<p>Videoconfer\u00eancias em \u201cBlade Runner\u201d(1982), hologramas em \u201cStar Wars\u201d(1977) e tablets em \u201c2001: Uma Odisseia no Espa\u00e7o\u201d (1968). Muitas das tecnologias comuns hoje j\u00e1 habitavam o universo das fic\u00e7\u00f5es cient\u00edficas d\u00e9cadas atr\u00e1s.<\/p>\n<p><iframe loading=\"lazy\" title=\"Fic\u00e7\u00e3o cient\u00edfica e ci\u00eancia: uma janela para o futuro?\" width=\"1200\" height=\"675\" src=\"https:\/\/www.youtube.com\/embed\/EiUYZYKWWbI?feature=oembed\" frameborder=\"0\" allow=\"accelerometer; autoplay; clipboard-write; encrypted-media; gyroscope; picture-in-picture; web-share\" referrerpolicy=\"strict-origin-when-cross-origin\" allowfullscreen><\/iframe><\/p>\n<p>&nbsp;<\/p>\n<h4 id=\"nanotecnologia-a-olhos-nus\"><strong>Nanotecnologia a olhos nus<\/strong><\/h4>\n<p>Nanotecnologia revoluciona desenvolvimento de novos produtos e impacta diversas \u00e1reas da ci\u00eancia<\/p>\n<p><iframe loading=\"lazy\" title=\"Nanotecnologia a olhos nus\" width=\"1200\" height=\"675\" src=\"https:\/\/www.youtube.com\/embed\/vhC-HnoUYOo?feature=oembed\" frameborder=\"0\" allow=\"accelerometer; autoplay; clipboard-write; encrypted-media; gyroscope; picture-in-picture; web-share\" referrerpolicy=\"strict-origin-when-cross-origin\" allowfullscreen><\/iframe><\/p>\n<p>&nbsp;<\/p>\n<h4 id=\"astronomia-indigena-no-brasil-antes-e-depois-da-independencia\"><strong>Astronomia Ind\u00edgena no Brasil: Antes e depois da independ\u00eancia<\/strong><\/h4>\n<p>\u00c1rea ainda \u00e9 recente no pa\u00eds, mas apresenta um campo vasto a ser pesquisado.<\/p>\n<p><iframe loading=\"lazy\" title=\"Astronomia Ind\u00edgena\" width=\"1200\" height=\"675\" src=\"https:\/\/www.youtube.com\/embed\/2I4FpAJPOGs?feature=oembed\" frameborder=\"0\" allow=\"accelerometer; autoplay; clipboard-write; encrypted-media; gyroscope; picture-in-picture; web-share\" referrerpolicy=\"strict-origin-when-cross-origin\" allowfullscreen><\/iframe><\/p>\n<p>&nbsp;<\/p>\n<h4 id=\"contribuicao-afro-para-a-ciencia-e-a-tecnologia-no-brasil\"><strong>Contribui\u00e7\u00e3o Afro para a ci\u00eancia e a tecnologia no Brasil<\/strong><\/h4>\n<p>Origem de conhecimentos trazidos pelas popula\u00e7\u00f5es do continente africano ainda \u00e9 pouco reconhecida.<\/p>\n<p><iframe loading=\"lazy\" title=\"Contribui\u00e7\u00e3o Afro para a ci\u00eancia e a tecnologia no Brasil\" width=\"1200\" height=\"675\" src=\"https:\/\/www.youtube.com\/embed\/nvCsSfgeBIQ?feature=oembed\" frameborder=\"0\" allow=\"accelerometer; autoplay; clipboard-write; encrypted-media; gyroscope; picture-in-picture; web-share\" referrerpolicy=\"strict-origin-when-cross-origin\" allowfullscreen><\/iframe><\/p>\n<p>&nbsp;<\/p>\n<h4 id=\"fritz-muller-um-precursor-da-ciencia-no-brasil\"><strong>Fritz M\u00fcller, um precursor da ci\u00eancia no Brasil<\/strong><\/h4>\n<p>H\u00e1 200 anos nascia o cientista que transformou a Biologia e veio a ser o patrono da Ecologia.<\/p>\n<p><iframe loading=\"lazy\" title=\"Fritz M\u00fcller, um precursor da ci\u00eancia no Brasil\" width=\"1200\" height=\"675\" src=\"https:\/\/www.youtube.com\/embed\/UjvUU8VC39o?feature=oembed\" frameborder=\"0\" allow=\"accelerometer; autoplay; clipboard-write; encrypted-media; gyroscope; picture-in-picture; web-share\" referrerpolicy=\"strict-origin-when-cross-origin\" allowfullscreen><\/iframe><\/p>\n<p>&nbsp;<\/p>\n<h4 id=\"outros-modernismos-outras-regioes\"><strong>Outros modernismos, outras regi\u00f5es<\/strong><\/h4>\n<p>O que acontecia nas outras regi\u00f5es durante a Semana de Arte Moderna de S\u00e3o Paulo?<\/p>\n<p><iframe loading=\"lazy\" title=\"Outros modernismos, outras regi\u00f5es\" width=\"1200\" height=\"675\" src=\"https:\/\/www.youtube.com\/embed\/td-5YnO2dlU?feature=oembed\" frameborder=\"0\" allow=\"accelerometer; autoplay; clipboard-write; encrypted-media; gyroscope; picture-in-picture; web-share\" referrerpolicy=\"strict-origin-when-cross-origin\" allowfullscreen><\/iframe><\/p>\n<p>&nbsp;<\/p>\n<h4 id=\"modernismo-negro\"><strong>Modernismo Negro<\/strong><\/h4>\n<p>Onde estava o povo negro na Semana de Arte Moderna de 22?<\/p>\n<p><iframe loading=\"lazy\" title=\"Modernismo negro\" width=\"1200\" height=\"675\" src=\"https:\/\/www.youtube.com\/embed\/cZVs5X8Y0x8?feature=oembed\" frameborder=\"0\" allow=\"accelerometer; autoplay; clipboard-write; encrypted-media; gyroscope; picture-in-picture; web-share\" referrerpolicy=\"strict-origin-when-cross-origin\" allowfullscreen><\/iframe><\/p>\n<p>&nbsp;<\/p>\n<h4 id=\"bicentenario-da-independencia-escravidao-trafico-e-abolicao\"><strong>Bicenten\u00e1rio da Independ\u00eancia: Escravid\u00e3o, tr\u00e1fico e aboli\u00e7\u00e3o<\/strong><\/h4>\n<p>Especialistas discutem as formas como a luta pela liberdade continuou ap\u00f3s a Independ\u00eancia do Brasil.<\/p>\n<p><iframe loading=\"lazy\" title=\"Bicenten\u00e1rio da Independ\u00eancia: Escravid\u00e3o, tr\u00e1fico e aboli\u00e7\u00e3o\" width=\"1200\" height=\"675\" src=\"https:\/\/www.youtube.com\/embed\/-rxJK3LuZ_0?feature=oembed\" frameborder=\"0\" allow=\"accelerometer; autoplay; clipboard-write; encrypted-media; gyroscope; picture-in-picture; web-share\" referrerpolicy=\"strict-origin-when-cross-origin\" allowfullscreen><\/iframe><\/p>\n<p>&nbsp;<\/p>\n<h4 id=\"os-povos-indigenas-e-a-independencia-do-brasil\"><strong>Os povos ind\u00edgenas e a Independ\u00eancia do Brasil<\/strong><\/h4>\n<p>Da luta \u00e0 romantiza\u00e7\u00e3o, especialistas discutem a trajet\u00f3ria dos povos origin\u00e1rios durante o processo da independ\u00eancia.<\/p>\n<p><iframe loading=\"lazy\" title=\"Os povos ind\u00edgenas e Independ\u00eancia do Brasil\" width=\"1200\" height=\"675\" src=\"https:\/\/www.youtube.com\/embed\/Ko-qfdMAZ0A?feature=oembed\" frameborder=\"0\" allow=\"accelerometer; autoplay; clipboard-write; encrypted-media; gyroscope; picture-in-picture; web-share\" referrerpolicy=\"strict-origin-when-cross-origin\" allowfullscreen><\/iframe><\/p>\n<p>&nbsp;<\/p>\n<h4 id=\"a-arte-a-natureza-e-a-culinaria-no-pos-independencia\"><strong>A arte, a natureza e a culin\u00e1ria no p\u00f3s-independ\u00eancia<\/strong><\/h4>\n<p>Especialistas discutem como o Brasil foi inventado pela arte, pela natureza e pela culin\u00e1ria.<\/p>\n<p><iframe loading=\"lazy\" title=\"A arte, a natureza e a culin\u00e1ria no p\u00f3s-independ\u00eancia\" width=\"1200\" height=\"675\" src=\"https:\/\/www.youtube.com\/embed\/ynshYoYbHBM?feature=oembed\" frameborder=\"0\" allow=\"accelerometer; autoplay; clipboard-write; encrypted-media; gyroscope; picture-in-picture; web-share\" referrerpolicy=\"strict-origin-when-cross-origin\" allowfullscreen><\/iframe><\/p>\n<p>&nbsp;<\/p>\n<p><strong><span style=\"color: #800000;\"><a style=\"color: #800000;\" href=\"https:\/\/www.youtube.com\/channel\/UCSBnKTwTjmbTy8wEUQq6zyA\/videos\" target=\"_blank\" rel=\"noopener\">Conhe\u00e7a nosso canal no YouTube<\/a><\/span>!<\/strong><\/p>\n<p>&nbsp;<\/p>\n","protected":false},"excerpt":{"rendered":"V\u00eddeos da revista Ci\u00eancia &amp; Cultura unem cultura, tecnologia, inova\u00e7\u00e3o, arte e&hellip;\n","protected":false},"author":19,"featured_media":6827,"comment_status":"open","ping_status":"open","sticky":false,"template":"","format":"standard","meta":[],"categories":[1,2],"tags":[],"acf":[],"_links":{"self":[{"href":"https:\/\/revistacienciaecultura.org.br\/index.php?rest_route=\/wp\/v2\/posts\/6826"}],"collection":[{"href":"https:\/\/revistacienciaecultura.org.br\/index.php?rest_route=\/wp\/v2\/posts"}],"about":[{"href":"https:\/\/revistacienciaecultura.org.br\/index.php?rest_route=\/wp\/v2\/types\/post"}],"author":[{"embeddable":true,"href":"https:\/\/revistacienciaecultura.org.br\/index.php?rest_route=\/wp\/v2\/users\/19"}],"replies":[{"embeddable":true,"href":"https:\/\/revistacienciaecultura.org.br\/index.php?rest_route=%2Fwp%2Fv2%2Fcomments&post=6826"}],"version-history":[{"count":2,"href":"https:\/\/revistacienciaecultura.org.br\/index.php?rest_route=\/wp\/v2\/posts\/6826\/revisions"}],"predecessor-version":[{"id":6829,"href":"https:\/\/revistacienciaecultura.org.br\/index.php?rest_route=\/wp\/v2\/posts\/6826\/revisions\/6829"}],"wp:featuredmedia":[{"embeddable":true,"href":"https:\/\/revistacienciaecultura.org.br\/index.php?rest_route=\/wp\/v2\/media\/6827"}],"wp:attachment":[{"href":"https:\/\/revistacienciaecultura.org.br\/index.php?rest_route=%2Fwp%2Fv2%2Fmedia&parent=6826"}],"wp:term":[{"taxonomy":"category","embeddable":true,"href":"https:\/\/revistacienciaecultura.org.br\/index.php?rest_route=%2Fwp%2Fv2%2Fcategories&post=6826"},{"taxonomy":"post_tag","embeddable":true,"href":"https:\/\/revistacienciaecultura.org.br\/index.php?rest_route=%2Fwp%2Fv2%2Ftags&post=6826"}],"curies":[{"name":"wp","href":"https:\/\/api.w.org\/{rel}","templated":true}]}}