{"id":6830,"date":"2024-08-06T07:30:39","date_gmt":"2024-08-06T07:30:39","guid":{"rendered":"https:\/\/revistacienciaecultura.org.br\/?p=6830"},"modified":"2024-08-05T19:46:37","modified_gmt":"2024-08-05T19:46:37","slug":"sbpc-leva-ao-congresso-nacional-exposicao-sobre-o-centenario-de-cesar-lattes-e-johanna-dobereiner-2","status":"publish","type":"post","link":"https:\/\/revistacienciaecultura.org.br\/?p=6830","title":{"rendered":"SBPC leva ao Congresso Nacional exposi\u00e7\u00e3o sobre o centen\u00e1rio de Cesar Lattes e Johanna D\u00f6bereiner"},"content":{"rendered":"<h4 id=\"a-mostra-sera-aberta-nesta-terca-feira-6-de-agosto-no-corredor-tereza-da-camara-dos-deputados-tunel-do-tempo\"><span style=\"color: #808080;\">A mostra ser\u00e1 aberta nesta ter\u00e7a-feira, 6 de agosto, no Corredor Tereza da C\u00e2mara dos Deputados \u2013 \u201cT\u00fanel do Tempo\u201d<\/span><\/h4>\n<p>&nbsp;<\/p>\n<p>A Sociedade Brasileira para o Progresso da Ci\u00eancia (SBPC) leva ao Congresso Nacional, em Bras\u00edlia, a exposi\u00e7\u00e3o sobre o centen\u00e1rio Cesar Lattes e Johanna D\u00f6bereiner.\u00a0 A mostra ser\u00e1 aberta para exibi\u00e7\u00e3o nesta ter\u00e7a-feira, 6 de agosto, no\u00a0Corredor Tereza da C\u00e2mara dos Deputados \u2013 \u201cT\u00fanel do Tempo\u201d e ficar\u00e1 no local durante um m\u00eas.<\/p>\n<p>Com curadoria de Ildeu de Castro Moreira, professor da Universidade Federal do Rio de Janeiro (UFRJ) e presidente de honra da SBPC, a mostra ir\u00e1 abordar a hist\u00f3ria desses dois cientistas, cujos centen\u00e1rios de nascimento se comemoram neste ano. D\u00f6bereiner e Lattes foram importantes para a ci\u00eancia brasileira deixaram um imenso legado para o Pa\u00eds e que persiste at\u00e9 hoje.<\/p>\n<p>Para a realiza\u00e7\u00e3o da exposi\u00e7\u00e3o, a SBPC contou com a colabora\u00e7\u00e3o de outras institui\u00e7\u00f5es, como a Academia Brasileira de Ci\u00eancias (ABC), o Centro Brasileiro de Pesquisas F\u00edsicas (CBPC), o Museu de Astronomia e Ci\u00eancias Afins (MAST), a Universidade Federal Rural do Rio de Janeiro (UFRRJ) e a Embrapa, al\u00e9m das deputadas federal Benedita da Silva e Jandira Feghali.<\/p>\n<p>\u201cCesar Lattes \u00e9 um dos cientistas brasileiros mais renomados do Pa\u00eds. Ele fez muito pela ci\u00eancia mundial e pela ci\u00eancia no Brasil. Sua trajet\u00f3ria demonstra n\u00e3o apenas um comprometimento com a f\u00edsica experimental, mas tamb\u00e9m com o desenvolvimento cient\u00edfico do Pa\u00eds. Lattes utilizou seu imenso capital cient\u00edfico para contribuir para a institucionaliza\u00e7\u00e3o e o avan\u00e7o da ci\u00eancia brasileira\u201d, ressalta.<\/p>\n<p>Lattes ficou conhecido por ser um dos descobridores da part\u00edcula subat\u00f4mica m\u00e9son pi (p\u00edon) nos raios c\u00f3smicos e depois em detect\u00e1-la em acelerador de parc\u00edcula.\u00a0 Ela tem tal import\u00e2ncia que o Pr\u00eamio Nobel de F\u00edsica foi concedido a Cecil Powell (1950), um de seus descobridores nos raios c\u00f3smicos, e o outro a Hideki Yukawa (1949), que previu a exist\u00eancia desta part\u00edcula importante para a coes\u00e3o do n\u00facleo at\u00f4mico.<\/p>\n<p>Para al\u00e9m de suas descobertas cient\u00edficas, Cesar Lattes foi fundamental para a cria\u00e7\u00e3o de v\u00e1rias institui\u00e7\u00f5es e centros de pesquisas. Um deles foi o Centro Brasileiro de Pesquisas F\u00edsicas, que ajudou a fundar em 1949. Moreira cita ainda que, al\u00e9m do CBPF, ele foi um dos fundadores do Conselho Nacional de Desenvolvimento Cient\u00edfico e Tecnol\u00f3gico (CNPq) em 1951. A cria\u00e7\u00e3o do CNPq foi um movimento estrat\u00e9gico para o desenvolvimento da ci\u00eancia no Brasil.<\/p>\n<p>Lattes, ainda, contribuiu tamb\u00e9m para o estabelecimento do Instituto de F\u00edsica Gleb Wataghin, na Universidade Estadual de Campinas (Unicamp), e para diversas outras iniciativas importantes de coopera\u00e7\u00e3o cient\u00edfica internacional, como a Coopera\u00e7\u00e3o Brasil-Jap\u00e3o, iniciada por ele e Yukawa em 1959. Lattes foi indicado 7 vezes para o pr\u00eamio Nobel de F\u00edsica.<\/p>\n<p>Johanna D\u00f6bereiner, a outra homenageada pelo seu centen\u00e1rio de nascimento, \u201cfoi pioneira no estudo da biologia do solo e na pesquisa sobre a Fixa\u00e7\u00e3o Biol\u00f3gica de Nitrog\u00eanio (FBN) nas plantas por meio de bact\u00e9rias descoberta que revolucionou a agricultura e que economiza, a cada ano, bilh\u00f5es de d\u00f3lares para a agricultura brasileira\u201d, exalta Moreira.<\/p>\n<p>Uma grande descoberta de Johanna, que a tornou cientificamente reconhecida no mundo, foi a de que gram\u00edneas como o milho e o trigo tamb\u00e9m podem se beneficiar desse processo biol\u00f3gico.<\/p>\n<p>Nascida em 28 de novembro de 1924 na ent\u00e3o Tchecoslov\u00e1quia, Johanna D\u00f6bereiner se formou em Engenharia Agr\u00f4noma pela Universidade de Munique, migrou para o Brasil em 1950 e se naturalizou brasileira. Trabalhou no Instituto de Ecologia e Experimenta\u00e7\u00e3o Agr\u00edcola, hoje Embrapa Agrobiologia. Por seu trabalho, recebeu in\u00fameros pr\u00eamios internacionais e foi indicada ao Pr\u00eamio Nobel de Qu\u00edmica, em 1997. Em 2018, foi homenageada em um selo postal brasileiro, juntamente com Cesar Lattes, e est\u00e1 consagrada como uma das maiores cientistas brasileiras.<\/p>\n<p>Para Moreira, expor a vida desses cientistas nos corredores do Congresso tem como objetivo mostrar aos parlamentares e a todos que trabalham e passam pelo Congresso Nacional, a import\u00e2ncia da pesquisa cient\u00edfica no desenvolvimento econ\u00f4mico e social do Pa\u00eds e de se investir nela. \u201cQueremos tamb\u00e9m mostrar que temos capacidade humana no Brasil capaz de contribuir para o seu desenvolvimento e que investir em ci\u00eancia b\u00e1sica pode trazer benef\u00edcios significativos para o Pa\u00eds\u201d, finaliza Moreira.<\/p>\n<p>Claudia Linhares Sales, secret\u00e1ria-geral da SBPC, afirma que a entidade vem fazendo um grande investimento em exposi\u00e7\u00f5es como meio efetivo de divulga\u00e7\u00e3o e populariza\u00e7\u00e3o da ci\u00eancia. \u201cAo expor no Congresso Nacional, queremos n\u00e3o apenas que os parlamentares tenham dimens\u00e3o da ci\u00eancia que se fez e se faz no Brasil, mas tamb\u00e9m que esse conhecimento chegue ao grande p\u00fablico que transita pelo Congresso Nacional. Nos \u00faltimos anos fizemos bel\u00edssimas exposi\u00e7\u00f5es no Congresso: Centen\u00e1rio do Eclipse de Sobral, Bicenten\u00e1rio do Fritz Muller e Faces da Ci\u00eancia, esta \u00faltima, em comemora\u00e7\u00e3o do bicenten\u00e1rio da independ\u00eancia, era uma pequena amostra de cientistas relevantes ao longo dos 200 anos da Rep\u00fablica. Mais uma vez, esperamos que essa exposi\u00e7\u00e3o do centen\u00e1rio do Lattes e D\u00f6bereiner revele e sensibilize os parlamentares da import\u00e2ncia fundamental para o Brasil dos investimentos em pesquisa cient\u00edfica\u201d.<\/p>\n<h4 id=\"servico\">Servi\u00e7o:<\/h4>\n<p><strong>Exposi\u00e7\u00e3o\u00a0\u201cCientistas do Brasil\u201d<\/strong><\/p>\n<p><strong>Local:<\/strong>\u00a0Corredor Tereza da C\u00e2mara dos Deputados \u2013 \u201cT\u00fanel do Tempo\u201d<\/p>\n<p><strong>Data:<\/strong>\u00a0a partir de 6 de agosto de 2024<\/p>\n<p><img loading=\"lazy\" class=\"aligncenter wp-image-6834\" src=\"https:\/\/revistacienciaecultura.org.br\/wp-content\/uploads\/2024\/08\/expo-1-300x135.jpeg\" alt=\"\" width=\"500\" height=\"225\" srcset=\"https:\/\/revistacienciaecultura.org.br\/wp-content\/uploads\/2024\/08\/expo-1-300x135.jpeg 300w, https:\/\/revistacienciaecultura.org.br\/wp-content\/uploads\/2024\/08\/expo-1-1024x461.jpeg 1024w, https:\/\/revistacienciaecultura.org.br\/wp-content\/uploads\/2024\/08\/expo-1-768x346.jpeg 768w, https:\/\/revistacienciaecultura.org.br\/wp-content\/uploads\/2024\/08\/expo-1-1536x691.jpeg 1536w, https:\/\/revistacienciaecultura.org.br\/wp-content\/uploads\/2024\/08\/expo-1-18x8.jpeg 18w, https:\/\/revistacienciaecultura.org.br\/wp-content\/uploads\/2024\/08\/expo-1-800x360.jpeg 800w, https:\/\/revistacienciaecultura.org.br\/wp-content\/uploads\/2024\/08\/expo-1-1160x522.jpeg 1160w, https:\/\/revistacienciaecultura.org.br\/wp-content\/uploads\/2024\/08\/expo-1.jpeg 1600w\" sizes=\"(max-width: 500px) 100vw, 500px\" \/><\/p>\n<p><img loading=\"lazy\" class=\"aligncenter wp-image-6836\" src=\"https:\/\/revistacienciaecultura.org.br\/wp-content\/uploads\/2024\/08\/expo-3-300x135.jpeg\" alt=\"\" width=\"500\" height=\"225\" srcset=\"https:\/\/revistacienciaecultura.org.br\/wp-content\/uploads\/2024\/08\/expo-3-300x135.jpeg 300w, https:\/\/revistacienciaecultura.org.br\/wp-content\/uploads\/2024\/08\/expo-3-1024x461.jpeg 1024w, https:\/\/revistacienciaecultura.org.br\/wp-content\/uploads\/2024\/08\/expo-3-768x346.jpeg 768w, https:\/\/revistacienciaecultura.org.br\/wp-content\/uploads\/2024\/08\/expo-3-1536x691.jpeg 1536w, https:\/\/revistacienciaecultura.org.br\/wp-content\/uploads\/2024\/08\/expo-3-18x8.jpeg 18w, https:\/\/revistacienciaecultura.org.br\/wp-content\/uploads\/2024\/08\/expo-3-800x360.jpeg 800w, https:\/\/revistacienciaecultura.org.br\/wp-content\/uploads\/2024\/08\/expo-3-1160x522.jpeg 1160w, https:\/\/revistacienciaecultura.org.br\/wp-content\/uploads\/2024\/08\/expo-3.jpeg 1600w\" sizes=\"(max-width: 500px) 100vw, 500px\" \/><\/p>\n<p><img loading=\"lazy\" class=\"aligncenter wp-image-6837\" src=\"https:\/\/revistacienciaecultura.org.br\/wp-content\/uploads\/2024\/08\/expo-4-300x135.jpeg\" alt=\"\" width=\"500\" height=\"225\" srcset=\"https:\/\/revistacienciaecultura.org.br\/wp-content\/uploads\/2024\/08\/expo-4-300x135.jpeg 300w, https:\/\/revistacienciaecultura.org.br\/wp-content\/uploads\/2024\/08\/expo-4-1024x461.jpeg 1024w, https:\/\/revistacienciaecultura.org.br\/wp-content\/uploads\/2024\/08\/expo-4-768x346.jpeg 768w, https:\/\/revistacienciaecultura.org.br\/wp-content\/uploads\/2024\/08\/expo-4-1536x691.jpeg 1536w, https:\/\/revistacienciaecultura.org.br\/wp-content\/uploads\/2024\/08\/expo-4-18x8.jpeg 18w, https:\/\/revistacienciaecultura.org.br\/wp-content\/uploads\/2024\/08\/expo-4-800x360.jpeg 800w, https:\/\/revistacienciaecultura.org.br\/wp-content\/uploads\/2024\/08\/expo-4-1160x522.jpeg 1160w, https:\/\/revistacienciaecultura.org.br\/wp-content\/uploads\/2024\/08\/expo-4.jpeg 1600w\" sizes=\"(max-width: 500px) 100vw, 500px\" \/><\/p>\n<p>&nbsp;<\/p>\n<p><span style=\"color: #808080;\"><em>Jornal da Ci\u00eancia<\/em><\/span><\/p>\n","protected":false},"excerpt":{"rendered":"A mostra ser\u00e1 aberta nesta ter\u00e7a-feira, 6 de agosto, no Corredor Tereza&hellip;\n","protected":false},"author":19,"featured_media":6832,"comment_status":"open","ping_status":"open","sticky":false,"template":"","format":"standard","meta":[],"categories":[1,2],"tags":[],"acf":[],"_links":{"self":[{"href":"https:\/\/revistacienciaecultura.org.br\/index.php?rest_route=\/wp\/v2\/posts\/6830"}],"collection":[{"href":"https:\/\/revistacienciaecultura.org.br\/index.php?rest_route=\/wp\/v2\/posts"}],"about":[{"href":"https:\/\/revistacienciaecultura.org.br\/index.php?rest_route=\/wp\/v2\/types\/post"}],"author":[{"embeddable":true,"href":"https:\/\/revistacienciaecultura.org.br\/index.php?rest_route=\/wp\/v2\/users\/19"}],"replies":[{"embeddable":true,"href":"https:\/\/revistacienciaecultura.org.br\/index.php?rest_route=%2Fwp%2Fv2%2Fcomments&post=6830"}],"version-history":[{"count":3,"href":"https:\/\/revistacienciaecultura.org.br\/index.php?rest_route=\/wp\/v2\/posts\/6830\/revisions"}],"predecessor-version":[{"id":6833,"href":"https:\/\/revistacienciaecultura.org.br\/index.php?rest_route=\/wp\/v2\/posts\/6830\/revisions\/6833"}],"wp:featuredmedia":[{"embeddable":true,"href":"https:\/\/revistacienciaecultura.org.br\/index.php?rest_route=\/wp\/v2\/media\/6832"}],"wp:attachment":[{"href":"https:\/\/revistacienciaecultura.org.br\/index.php?rest_route=%2Fwp%2Fv2%2Fmedia&parent=6830"}],"wp:term":[{"taxonomy":"category","embeddable":true,"href":"https:\/\/revistacienciaecultura.org.br\/index.php?rest_route=%2Fwp%2Fv2%2Fcategories&post=6830"},{"taxonomy":"post_tag","embeddable":true,"href":"https:\/\/revistacienciaecultura.org.br\/index.php?rest_route=%2Fwp%2Fv2%2Ftags&post=6830"}],"curies":[{"name":"wp","href":"https:\/\/api.w.org\/{rel}","templated":true}]}}