{"id":6839,"date":"2024-08-07T07:30:59","date_gmt":"2024-08-07T07:30:59","guid":{"rendered":"https:\/\/revistacienciaecultura.org.br\/?p=6839"},"modified":"2024-08-06T19:23:52","modified_gmt":"2024-08-06T19:23:52","slug":"desafios-da-saude-na-america-latina-o-impacto-das-mudancas-climaticas-e-das-desigualdades","status":"publish","type":"post","link":"https:\/\/revistacienciaecultura.org.br\/?p=6839","title":{"rendered":"Desafios da sa\u00fade na Am\u00e9rica Latina: o impacto das mudan\u00e7as clim\u00e1ticas e das desigualdades"},"content":{"rendered":"<h4 id=\"estudo-revela-como-a-coexistencia-de-doencas-cronicas-e-infecciosas-juntamente-com-as-desigualdades-e-os-fluxos-migratorios-agravam-a-vulnerabilidade-dos-sistemas-de-saude-na-regiao\"><span style=\"color: #808080;\">Estudo revela como a coexist\u00eancia de doen\u00e7as cr\u00f4nicas e infecciosas, juntamente com as desigualdades e os fluxos migrat\u00f3rios, agravam a vulnerabilidade dos sistemas de sa\u00fade na regi\u00e3o<\/span><\/h4>\n<p>&nbsp;<\/p>\n<p>A expectativa de vida est\u00e1 aumentando na Am\u00e9rica Latina e no Caribe, mas o crescimento das doen\u00e7as cr\u00f4nicas n\u00e3o transmiss\u00edveis, como doen\u00e7as cardiovasculares e c\u00e2ncer, junto ao ressurgimento de doen\u00e7as infecciosas erradicadas, apresenta um cen\u00e1rio complexo para a sa\u00fade p\u00fablica. Um estudo publicado no <span style=\"color: #800000;\"><strong><em><a style=\"color: #800000;\" href=\"https:\/\/aaimedicine.org\/journal-of-insurance-medicine\/\">Journal of Insurance Medicine<\/a><\/em><\/strong><\/span>, intitulado \u201c<span style=\"color: #800000;\"><strong><em><a style=\"color: #800000;\" href=\"https:\/\/meridian.allenpress.com\/jim\/article\/51\/1\/17\/500924\/Health-Predictions-in-Latin-America\">Predicciones de salud en Am\u00e9rica Latina<\/a><\/em><\/strong><\/span>\u201d, destaca os impactos devastadores das mudan\u00e7as clim\u00e1ticas e das desigualdades socioecon\u00f4micas sobre a sa\u00fade na regi\u00e3o.<\/p>\n<p>O estudo aponta que a expectativa de vida varia significativamente entre os pa\u00edses e cidades da Am\u00e9rica Latina, indo de 74 a 83 anos para mulheres e de 63 a 77 anos para homens. Al\u00e9m disso, h\u00e1 uma grande variabilidade nos perfis de mortalidade entre as zonas urbanas e rurais, e entre diferentes pa\u00edses.<\/p>\n<p>Apesar de as doen\u00e7as cr\u00f4nicas n\u00e3o transmiss\u00edveis serem a principal causa de morte na regi\u00e3o, similar aos pa\u00edses desenvolvidos, a propor\u00e7\u00e3o de mortes varia substancialmente. Segundo a <span style=\"color: #800000;\"><strong><a style=\"color: #800000;\" href=\"https:\/\/www.paho.org\/pt\/brasil\">Organiza\u00e7\u00e3o Pan-Americana da Sa\u00fade (OPAS)<\/a><\/strong><\/span>, 2,2 milh\u00f5es de pessoas entre 30 e 69 anos morrem anualmente devido a essas doen\u00e7as. Outro estudo prev\u00ea que doen\u00e7as cardiovasculares, v\u00e1rios tipos de c\u00e2ncer, diabetes e doen\u00e7as respirat\u00f3rias cr\u00f4nicas representar\u00e3o cerca de 81% das mortes na regi\u00e3o at\u00e9 2030.<\/p>\n<p>Os pesquisadores tamb\u00e9m enfatizam que a viol\u00eancia e os altos \u00edndices de homic\u00eddio em pa\u00edses como M\u00e9xico, Honduras, Venezuela e algumas na\u00e7\u00f5es do Cone Sul t\u00eam mantido a longevidade estagnada. Al\u00e9m da viol\u00eancia, o estudo identifica o clima, doen\u00e7as zoon\u00f3ticas, desigualdades nos sistemas de sa\u00fade e fluxos migrat\u00f3rios como fatores de risco que afetam diretamente a sa\u00fade da popula\u00e7\u00e3o latino-americana.<\/p>\n<p>O impacto das mudan\u00e7as clim\u00e1ticas na sa\u00fade n\u00e3o se limita a eventos catastr\u00f3ficos, mas inclui um aumento na morbidade e mortalidade por doen\u00e7as cardiovasculares e pulmonares, mudan\u00e7as nos padr\u00f5es de doen\u00e7as transmitidas por vetores e por \u00e1gua, e desnutri\u00e7\u00e3o. A transi\u00e7\u00e3o demogr\u00e1fica na regi\u00e3o n\u00e3o tem sido acompanhada por uma transi\u00e7\u00e3o epidemiol\u00f3gica, resultando na coexist\u00eancia de doen\u00e7as cr\u00f4nicas e infecciosas.<\/p>\n<p>Reinaldo Guimar\u00e3es, vice-presidente da Associa\u00e7\u00e3o Brasileira de Sa\u00fade Coletiva, reconhece que o estudo oferece um bom panorama dos determinantes da sa\u00fade na regi\u00e3o, mas aponta que faltam contribui\u00e7\u00f5es originais sobre como enfrentar esses desafios. Ele destaca a inclus\u00e3o do clima e da migra\u00e7\u00e3o como fatores que mobilizam governos e outros atores para enfrentar esses problemas.<\/p>\n<p>Para enfrentar os desafios impostos pelas mudan\u00e7as clim\u00e1ticas e pela migra\u00e7\u00e3o, Guimar\u00e3es sugere melhorias gerais nos sistemas de sa\u00fade, com o objetivo de universaliz\u00e1-los e garantir maior cobertura e equidade. Este estudo sublinha a necessidade de interven\u00e7\u00f5es coordenadas e baseadas em evid\u00eancias para proteger a sa\u00fade p\u00fablica e o meio ambiente na Am\u00e9rica Latina e no Caribe.<\/p>\n<p><span style=\"color: #808080;\"><em>Com informa\u00e7\u00f5es de SciDev.Net<\/em><\/span><\/p>\n<p>&nbsp;<\/p>\n<h6 id=\"foto-habibul-haque-unicef-reproducao\">Foto: \u00a9 Habibul Haque\/UNICEF. Reprodu\u00e7\u00e3o<\/h6>\n","protected":false},"excerpt":{"rendered":"Estudo revela como a coexist\u00eancia de doen\u00e7as cr\u00f4nicas e infecciosas, juntamente com&hellip;\n","protected":false},"author":19,"featured_media":6840,"comment_status":"open","ping_status":"open","sticky":false,"template":"","format":"standard","meta":[],"categories":[1,2],"tags":[],"acf":[],"_links":{"self":[{"href":"https:\/\/revistacienciaecultura.org.br\/index.php?rest_route=\/wp\/v2\/posts\/6839"}],"collection":[{"href":"https:\/\/revistacienciaecultura.org.br\/index.php?rest_route=\/wp\/v2\/posts"}],"about":[{"href":"https:\/\/revistacienciaecultura.org.br\/index.php?rest_route=\/wp\/v2\/types\/post"}],"author":[{"embeddable":true,"href":"https:\/\/revistacienciaecultura.org.br\/index.php?rest_route=\/wp\/v2\/users\/19"}],"replies":[{"embeddable":true,"href":"https:\/\/revistacienciaecultura.org.br\/index.php?rest_route=%2Fwp%2Fv2%2Fcomments&post=6839"}],"version-history":[{"count":2,"href":"https:\/\/revistacienciaecultura.org.br\/index.php?rest_route=\/wp\/v2\/posts\/6839\/revisions"}],"predecessor-version":[{"id":6842,"href":"https:\/\/revistacienciaecultura.org.br\/index.php?rest_route=\/wp\/v2\/posts\/6839\/revisions\/6842"}],"wp:featuredmedia":[{"embeddable":true,"href":"https:\/\/revistacienciaecultura.org.br\/index.php?rest_route=\/wp\/v2\/media\/6840"}],"wp:attachment":[{"href":"https:\/\/revistacienciaecultura.org.br\/index.php?rest_route=%2Fwp%2Fv2%2Fmedia&parent=6839"}],"wp:term":[{"taxonomy":"category","embeddable":true,"href":"https:\/\/revistacienciaecultura.org.br\/index.php?rest_route=%2Fwp%2Fv2%2Fcategories&post=6839"},{"taxonomy":"post_tag","embeddable":true,"href":"https:\/\/revistacienciaecultura.org.br\/index.php?rest_route=%2Fwp%2Fv2%2Ftags&post=6839"}],"curies":[{"name":"wp","href":"https:\/\/api.w.org\/{rel}","templated":true}]}}