{"id":6844,"date":"2024-08-08T11:28:53","date_gmt":"2024-08-08T11:28:53","guid":{"rendered":"https:\/\/revistacienciaecultura.org.br\/?p=6844"},"modified":"2024-08-08T11:28:53","modified_gmt":"2024-08-08T11:28:53","slug":"podcasts-mostram-como-a-ciencia-esta-presente-em-todos-os-aspectos-da-vida","status":"publish","type":"post","link":"https:\/\/revistacienciaecultura.org.br\/?p=6844","title":{"rendered":"Podcasts mostram como a ci\u00eancia est\u00e1 presente em todos os aspectos da vida"},"content":{"rendered":"<h4 id=\"ciencia-cultura-cast-une-cultura-tecnologia-inovacao-arte-e-filosofia\"><span style=\"color: #808080;\">Ci\u00eancia &amp; Cultura Cast une cultura, tecnologia, inova\u00e7\u00e3o, arte e filosofia<\/span><\/h4>\n<p>&nbsp;<\/p>\n<p>Cientistas, jornalistas e pensadores discutem \u00faltimas tend\u00eancias e quest\u00f5es fundamentais sobre ci\u00eancia e cultura. Esse \u00e9 o <span style=\"color: #800000;\"><a style=\"color: #800000;\" href=\"https:\/\/revistacienciaecultura.org.br\/?cat=4\"><strong>Ci\u00eancia &amp; Cultura Cast<\/strong><\/a><\/span>, o pocast da revista <span style=\"color: #800000;\"><a style=\"color: #800000;\" href=\"https:\/\/revistacienciaecultura.org.br\/\"><strong>Ci\u00eancia &amp; Cultura<\/strong><\/a><\/span>, um dos mais antigos e importantes ve\u00edculos de divulga\u00e7\u00e3o cient\u00edfica do Brasil. O podcast que mostra como a ci\u00eancia conecta todos os aspectos da nossa vida, nos levando a novas maneiras de pensar, novas conex\u00f5es e novos setores. Criada em 1949, um ano ap\u00f3s a funda\u00e7\u00e3o da Sociedade Brasileira para o Progresso da Ci\u00eancia (SBPC), a revista se consolidou ao longo de 75 anos como uma das publica\u00e7\u00f5es cient\u00edficas mais relevantes do pa\u00eds, comunicando-se tanto com o grande p\u00fablico quanto com a comunidade cient\u00edfica e leitores especializados. Em 2022, a revista passou por uma grande reformula\u00e7\u00e3o, tornando-se totalmente digital e incluindo novos recursos para engajar ainda mais com diversas plataformas e m\u00eddias sociais, ampliando seu alcance e impacto na sociedade. Al\u00e9m dos v\u00eddeos, a publica\u00e7\u00e3o agora conta com podcasts que combinam cultura, tecnologia, inova\u00e7\u00e3o, arte e filosofia em hist\u00f3rias contadas por cientistas, jornalistas e pensadores. Todo m\u00eas, um novo epis\u00f3dio revela como a ci\u00eancia permeia nosso cotidiano, conectando-nos a novas perspectivas e setores.<\/p>\n<p>Confira alguns de nossos epis\u00f3dios:<\/p>\n<p>&nbsp;<\/p>\n<h4 id=\"ensino-de-matematica-popularizacao-da-ciencia-e-desenvolvimento-nacional\"><strong>Ensino de matem\u00e1tica, populariza\u00e7\u00e3o da ci\u00eancia e desenvolvimento nacional<\/strong><\/h4>\n<p>Educa\u00e7\u00e3o matem\u00e1tica de qualidade \u00e9 fundamental para o desenvolvimento do pa\u00eds<\/p>\n<p>&nbsp;<\/p>\n<p><iframe title=\"Spotify Embed: Ensino de matem\u00e1tica, populariza\u00e7\u00e3o da ci\u00eancia e desenvolvimento nacional\" style=\"border-radius: 12px\" width=\"100%\" height=\"152\" frameborder=\"0\" allowfullscreen allow=\"autoplay; clipboard-write; encrypted-media; fullscreen; picture-in-picture\" loading=\"lazy\" src=\"https:\/\/open.spotify.com\/embed\/episode\/3jIJ2iTic8heNIs6k6jTV3?utm_source=oembed\"><\/iframe><\/p>\n<p>&nbsp;<\/p>\n<h4 id=\"economia-verde-e-desenvolvimento-sustentavel\"><strong>Economia verde e desenvolvimento sustent\u00e1vel<\/strong><\/h4>\n<p>Transi\u00e7\u00e3o para uma economia verde \u00e9 fundamental para mitigar impacto das mudan\u00e7as clim\u00e1ticas e garantir sustentabilidade do planeta<\/p>\n<p>&nbsp;<\/p>\n<p><iframe title=\"Spotify Embed: Economia verde e desenvolvimento sustent\u00e1vel\" style=\"border-radius: 12px\" width=\"100%\" height=\"152\" frameborder=\"0\" allowfullscreen allow=\"autoplay; clipboard-write; encrypted-media; fullscreen; picture-in-picture\" loading=\"lazy\" src=\"https:\/\/open.spotify.com\/embed\/episode\/1YniiZBMrh13eV7rEf7kN7?utm_source=oembed\"><\/iframe><\/p>\n<p>&nbsp;<\/p>\n<h4 id=\"a-influencia-do-mundo-digital-sobre-a-divulgacao-cientifica-e-as-manifestacoes-culturais\"><strong>A influ\u00eancia do mundo digital sobre a divulga\u00e7\u00e3o cient\u00edfica e as manifesta\u00e7\u00f5es culturais<\/strong><\/h4>\n<p>Novas formas de comunicar e interagir trazem novos desafios para comunicar a ci\u00eancia e a cultura<\/p>\n<p>&nbsp;<\/p>\n<p><iframe title=\"Spotify Embed: A influ\u00eancia do mundo digital sobre a divulga\u00e7\u00e3o cient\u00edfica e as manifesta\u00e7\u00f5es culturais\" style=\"border-radius: 12px\" width=\"100%\" height=\"152\" frameborder=\"0\" allowfullscreen allow=\"autoplay; clipboard-write; encrypted-media; fullscreen; picture-in-picture\" loading=\"lazy\" src=\"https:\/\/open.spotify.com\/embed\/episode\/3R152RjHLtP2DG66sWgzoB?utm_source=oembed\"><\/iframe><\/p>\n<p>&nbsp;<\/p>\n<h4 id=\"aziz-absaber-e-o-planejamento-ambiental\"><strong>Aziz Ab\u2019S\u00e1ber e o planejamento ambiental<\/strong><\/h4>\n<p>Ge\u00f3grafo defendia que planejar era fundamental para a preserva\u00e7\u00e3o do meio ambiente e a sa\u00fade da sociedade<\/p>\n<p>&nbsp;<\/p>\n<p><iframe title=\"Spotify Embed: Aziz Ab\u2019S\u00e1ber e o planejamento ambiental\" style=\"border-radius: 12px\" width=\"100%\" height=\"152\" frameborder=\"0\" allowfullscreen allow=\"autoplay; clipboard-write; encrypted-media; fullscreen; picture-in-picture\" loading=\"lazy\" src=\"https:\/\/open.spotify.com\/embed\/episode\/3rdiwj20P9hWZmRmuSIGWk?utm_source=oembed\"><\/iframe><\/p>\n<p>&nbsp;<\/p>\n<h4 id=\"a-fisica-brasileira-apos-cesar-lattes\"><strong>A F\u00edsica brasileira ap\u00f3s Cesar Lattes<\/strong><\/h4>\n<p>Cientista contribuiu com avan\u00e7os not\u00e1veis para a ci\u00eancia no Brasil<\/p>\n<p>&nbsp;<\/p>\n<p><iframe title=\"Spotify Embed: A F\u00edsica brasileira ap\u00f3s Cesar Lattes\" style=\"border-radius: 12px\" width=\"100%\" height=\"152\" frameborder=\"0\" allowfullscreen allow=\"autoplay; clipboard-write; encrypted-media; fullscreen; picture-in-picture\" loading=\"lazy\" src=\"https:\/\/open.spotify.com\/embed\/episode\/3P1RR1YcEPkE9nw3ukCp3u?utm_source=oembed\"><\/iframe><\/p>\n<p>&nbsp;<\/p>\n<h4 id=\"cesar-lattes-e-os-institutos-de-ciencia\"><strong>Cesar Lattes e os institutos de ci\u00eancia<\/strong><\/h4>\n<p>Cientista contribuiu para a funda\u00e7\u00e3o do Centro Brasileiro de Pesquisas F\u00edsicas e do Conselho Nacional de Desenvolvimento Cient\u00edfico e Tecnol\u00f3gico<\/p>\n<p>&nbsp;<\/p>\n<p><iframe title=\"Spotify Embed: Cesar Lattes e os institutos de ci\u00eancia\" style=\"border-radius: 12px\" width=\"100%\" height=\"152\" frameborder=\"0\" allowfullscreen allow=\"autoplay; clipboard-write; encrypted-media; fullscreen; picture-in-picture\" loading=\"lazy\" src=\"https:\/\/open.spotify.com\/embed\/episode\/75OEozEMOVfN0lI83Z3JVS?utm_source=oembed\"><\/iframe><\/p>\n<p>&nbsp;<\/p>\n<h4 id=\"cooperacao-cientifica-na-america-latina\"><strong>Coopera\u00e7\u00e3o cient\u00edfica na Am\u00e9rica Latina<\/strong><\/h4>\n<p>Uni\u00e3o entre pa\u00edses latinos pode fortalecer a ci\u00eancia global<\/p>\n<p>&nbsp;<\/p>\n<p><iframe title=\"Spotify Embed: Coopera\u00e7\u00e3o cient\u00edfica na Am\u00e9rica Latina\" style=\"border-radius: 12px\" width=\"100%\" height=\"152\" frameborder=\"0\" allowfullscreen allow=\"autoplay; clipboard-write; encrypted-media; fullscreen; picture-in-picture\" loading=\"lazy\" src=\"https:\/\/open.spotify.com\/embed\/episode\/0GWHIcAoDrv5NhnIW7G5PO?utm_source=oembed\"><\/iframe><\/p>\n<p>&nbsp;<\/p>\n<h4 id=\"papel-global-da-america-latina\"><strong>Papel global da Am\u00e9rica Latina<\/strong><\/h4>\n<p>Regi\u00e3o tem papel fundamental em quest\u00f5es urgentes no cen\u00e1rio mundial<\/p>\n<p>&nbsp;<\/p>\n<p><iframe title=\"Spotify Embed: Papel global da Am\u00e9rica Latina\" style=\"border-radius: 12px\" width=\"100%\" height=\"152\" frameborder=\"0\" allowfullscreen allow=\"autoplay; clipboard-write; encrypted-media; fullscreen; picture-in-picture\" loading=\"lazy\" src=\"https:\/\/open.spotify.com\/embed\/episode\/4k18hw6iNE4NmNpzMaCMad?utm_source=oembed\"><\/iframe><\/p>\n<p>&nbsp;<\/p>\n<h4 id=\"consolidacao-democratica-na-america-latina\"><strong>Consolida\u00e7\u00e3o democr\u00e1tica na Am\u00e9rica Latina<\/strong><\/h4>\n<p>Epis\u00f3dios recentes demonstram a fragilidades dos regimes democr\u00e1ticos na regi\u00e3o<\/p>\n<p>&nbsp;<\/p>\n<p><iframe title=\"Spotify Embed: Consolida\u00e7\u00e3o democr\u00e1tica na Am\u00e9rica Latina\" style=\"border-radius: 12px\" width=\"100%\" height=\"152\" frameborder=\"0\" allowfullscreen allow=\"autoplay; clipboard-write; encrypted-media; fullscreen; picture-in-picture\" loading=\"lazy\" src=\"https:\/\/open.spotify.com\/embed\/episode\/6HrMBBdJTIHpm1u2EsEvLv?utm_source=oembed\"><\/iframe><\/p>\n<p>&nbsp;<\/p>\n<h4 id=\"contribuicoes-da-ciencia-basica-para-a-saude\"><strong>Contribui\u00e7\u00f5es da ci\u00eancia b\u00e1sica para a sa\u00fade<\/strong><\/h4>\n<p>Ci\u00eancia e tecnologia s\u00e3o fundamentais para a sa\u00fade e o bem-estar da popula\u00e7\u00e3o<\/p>\n<p>&nbsp;<\/p>\n<p><iframe title=\"Spotify Embed: Contribui\u00e7\u00f5es da ci\u00eancia b\u00e1sica para a sa\u00fade\" style=\"border-radius: 12px\" width=\"100%\" height=\"152\" frameborder=\"0\" allowfullscreen allow=\"autoplay; clipboard-write; encrypted-media; fullscreen; picture-in-picture\" loading=\"lazy\" src=\"https:\/\/open.spotify.com\/embed\/episode\/7BU9BVpSQPncDJdCUMwBft?utm_source=oembed\"><\/iframe><\/p>\n<p>&nbsp;<\/p>\n<h4 id=\"cidades-sustentaveis\"><strong>Cidades sustent\u00e1veis<\/strong><\/h4>\n<p>Mudar o modelo atual de urbaniza\u00e7\u00e3o \u00e9 fundamental para evitar o esgotamento dos recursos naturais e conter a crise clim\u00e1tica<\/p>\n<p>&nbsp;<\/p>\n<p><iframe title=\"Spotify Embed: Cidades sustent\u00e1veis\" style=\"border-radius: 12px\" width=\"100%\" height=\"152\" frameborder=\"0\" allowfullscreen allow=\"autoplay; clipboard-write; encrypted-media; fullscreen; picture-in-picture\" loading=\"lazy\" src=\"https:\/\/open.spotify.com\/embed\/episode\/4PzNJehdVQw1zfJjkRyxNz?utm_source=oembed\"><\/iframe><\/p>\n<p>&nbsp;<\/p>\n<h4 id=\"ciencia-e-seguranca-alimentar\"><strong>Ci\u00eancia e seguran\u00e7a alimentar<\/strong><\/h4>\n<p>Brasil sabe como debelar a fome \u2013 e ci\u00eancia \u00e9 fundamental para alcan\u00e7ar essa meta<\/p>\n<p>&nbsp;<\/p>\n<p><iframe title=\"Spotify Embed: Ci\u00eancia e seguran\u00e7a alimentar\" style=\"border-radius: 12px\" width=\"100%\" height=\"152\" frameborder=\"0\" allowfullscreen allow=\"autoplay; clipboard-write; encrypted-media; fullscreen; picture-in-picture\" loading=\"lazy\" src=\"https:\/\/open.spotify.com\/embed\/episode\/1ld6nfY7GGf349HL6IquX1?utm_source=oembed\"><\/iframe><\/p>\n<p>&nbsp;<\/p>\n<h4 id=\"saude-mental-na-era-digital\"><strong>Sa\u00fade mental na era digital<\/strong><\/h4>\n<p>Excesso de informa\u00e7\u00e3o e consumo ilimitado de m\u00eddias sociais pode afetar a sa\u00fade mental de crian\u00e7as e adultos<\/p>\n<p>&nbsp;<\/p>\n<p><iframe title=\"Spotify Embed: Sa\u00fade mental na era digital\" style=\"border-radius: 12px\" width=\"100%\" height=\"152\" frameborder=\"0\" allowfullscreen allow=\"autoplay; clipboard-write; encrypted-media; fullscreen; picture-in-picture\" loading=\"lazy\" src=\"https:\/\/open.spotify.com\/embed\/episode\/7ccXwlF1mS2Q14HG1rOQnp?utm_source=oembed\"><\/iframe><\/p>\n<p>&nbsp;<\/p>\n<h4 id=\"historia-das-universidades-brasileiras-na-pandemia-e-na-resistencia\"><strong>Hist\u00f3ria das universidades brasileiras na pandemia e na resist\u00eancia<\/strong><\/h4>\n<p>Universidades tiveram papel central no enfrentamento da pandemia da covid-19 e na defesa da ci\u00eancia e da democracia<\/p>\n<p>&nbsp;<\/p>\n<p><iframe title=\"Spotify Embed: Hist\u00f3ria das universidades brasileiras na pandemia e na resist\u00eancia\" style=\"border-radius: 12px\" width=\"100%\" height=\"152\" frameborder=\"0\" allowfullscreen allow=\"autoplay; clipboard-write; encrypted-media; fullscreen; picture-in-picture\" loading=\"lazy\" src=\"https:\/\/open.spotify.com\/embed\/episode\/0sLUjX3q3i1d5Peb8sZvKJ?utm_source=oembed\"><\/iframe><\/p>\n<p>&nbsp;<\/p>\n<h4 id=\"fuga-de-cerebros-como-o-brasil-pode-reter-seus-talentos\"><strong>Fuga de c\u00e9rebros: como o Brasil pode reter seus talentos?<\/strong><\/h4>\n<p>Evas\u00e3o de cientistas brasileiros se agravou nos \u00faltimos anos. Como reverter esse quadro?<\/p>\n<p>&nbsp;<\/p>\n<p><iframe title=\"Spotify Embed: Fuga de c\u00e9rebros: como o Brasil pode reter seus talentos?\" style=\"border-radius: 12px\" width=\"100%\" height=\"152\" frameborder=\"0\" allowfullscreen allow=\"autoplay; clipboard-write; encrypted-media; fullscreen; picture-in-picture\" loading=\"lazy\" src=\"https:\/\/open.spotify.com\/embed\/episode\/1zzw1bnz1fIBfgG9Hkj8Sn?utm_source=oembed\"><\/iframe><\/p>\n<p>&nbsp;<\/p>\n<h4 id=\"mobilidade-urbana-o-que-mudar\"><strong>Mobilidade urbana: o que mudar?<\/strong><\/h4>\n<p>As tecnologias favorecem a mobilidade urbana, por\u00e9m ainda h\u00e1 muito o que melhorar<\/p>\n<p>&nbsp;<\/p>\n<p><iframe title=\"Spotify Embed: Mobilidade urbana: o que mudar?\" style=\"border-radius: 12px\" width=\"100%\" height=\"152\" frameborder=\"0\" allowfullscreen allow=\"autoplay; clipboard-write; encrypted-media; fullscreen; picture-in-picture\" loading=\"lazy\" src=\"https:\/\/open.spotify.com\/embed\/episode\/6rOcIeZ04KIUnN54MU1oMY?utm_source=oembed\"><\/iframe><\/p>\n<p>&nbsp;<\/p>\n<h4 id=\"o-jovem-cientista-brasileiro\"><strong>O jovem cientista brasileiro<\/strong><\/h4>\n<p>A vida do jovem cientista no Brasil \u00e9 atraente?<\/p>\n<p>&nbsp;<\/p>\n<p><iframe title=\"Spotify Embed: O jovem cientista brasileiro\" style=\"border-radius: 12px\" width=\"100%\" height=\"152\" frameborder=\"0\" allowfullscreen allow=\"autoplay; clipboard-write; encrypted-media; fullscreen; picture-in-picture\" loading=\"lazy\" src=\"https:\/\/open.spotify.com\/embed\/episode\/4FOaoaz87oDqL1PDEsqam4?utm_source=oembed\"><\/iframe><\/p>\n<p>&nbsp;<\/p>\n<h4 id=\"tecnologias-e-trabalho-um-cenario-em-transformacao\"><strong>Tecnologias e trabalho: Um cen\u00e1rio em transforma\u00e7\u00e3o<\/strong><\/h4>\n<p>O que h\u00e1 de novo nas mudan\u00e7as que est\u00e3o acontecendo nas rela\u00e7\u00f5es de trabalho afetadas pelas novas tecnologias?<\/p>\n<p>&nbsp;<\/p>\n<p><iframe title=\"Spotify Embed: Tecnologias e trabalho: Um cen\u00e1rio em transforma\u00e7\u00e3o\" style=\"border-radius: 12px\" width=\"100%\" height=\"152\" frameborder=\"0\" allowfullscreen allow=\"autoplay; clipboard-write; encrypted-media; fullscreen; picture-in-picture\" loading=\"lazy\" src=\"https:\/\/open.spotify.com\/embed\/episode\/2XL9wiUxeEaQAENLCZ2YqX?utm_source=oembed\"><\/iframe><\/p>\n<p>&nbsp;<\/p>\n<h4 id=\"a-cartografia-social-como-passaporte-de-cidadania-e-nova-forma-de-producao-de-conhecimento\"><strong>A cartografia social como passaporte de cidadania e nova forma de produ\u00e7\u00e3o de conhecimento<\/strong><\/h4>\n<p>Antrop\u00f3logo social Alfredo Wagner Berno de Almeida discute como a ideia da nova cartografia nasce contra o monop\u00f3lio dos poderes<\/p>\n<p>&nbsp;<\/p>\n<p><iframe title=\"Spotify Embed: A cartografia social como passaporte de cidadania e nova forma de produ\u00e7\u00e3o de conhecimento\" style=\"border-radius: 12px\" width=\"100%\" height=\"152\" frameborder=\"0\" allowfullscreen allow=\"autoplay; clipboard-write; encrypted-media; fullscreen; picture-in-picture\" loading=\"lazy\" src=\"https:\/\/open.spotify.com\/embed\/episode\/5AXRrmRgxsdLN2bKXc4KIG?utm_source=oembed\"><\/iframe><\/p>\n<p>&nbsp;<\/p>\n<h4 id=\"independencia-democracia-e-o-futuro-que-queremos-para-o-pais\"><strong>Independ\u00eancia, democracia e o futuro que queremos para o pa\u00eds<\/strong><\/h4>\n<p>Jos\u00e9 Murilo de Carvalho fala do enigma brasileiro em seus 200 anos de independ\u00eancia<\/p>\n<p>&nbsp;<\/p>\n<p><iframe title=\"Spotify Embed: Independ\u00eancia, democracia e o futuro que queremos para o pa\u00eds\" style=\"border-radius: 12px\" width=\"100%\" height=\"152\" frameborder=\"0\" allowfullscreen allow=\"autoplay; clipboard-write; encrypted-media; fullscreen; picture-in-picture\" loading=\"lazy\" src=\"https:\/\/open.spotify.com\/embed\/episode\/2NVEMt9sBbOQ3l6BLabq9I?utm_source=oembed\"><\/iframe><\/p>\n<p>&nbsp;<\/p>\n<h4 id=\"a-formacao-da-comunidade-cientifica-brasileira\"><strong>A forma\u00e7\u00e3o da comunidade cient\u00edfica brasileira<\/strong><\/h4>\n<p>Cientista social Simon Schwartzman fala sobre a institucionaliza\u00e7\u00e3o da ci\u00eancia no Brasil em novo epis\u00f3dio do Ci\u00eancia &amp; Cultura Cast<\/p>\n<p>&nbsp;<\/p>\n<p><iframe title=\"Spotify Embed: A forma\u00e7\u00e3o da comunidade cient\u00edfica brasileira\" style=\"border-radius: 12px\" width=\"100%\" height=\"152\" frameborder=\"0\" allowfullscreen allow=\"autoplay; clipboard-write; encrypted-media; fullscreen; picture-in-picture\" loading=\"lazy\" src=\"https:\/\/open.spotify.com\/embed\/episode\/2vbJSLrVXMhPSuJECcZ2nD?utm_source=oembed\"><\/iframe><\/p>\n<p>&nbsp;<\/p>\n<h4 id=\"confira-depoimento-de-marilia-de-andrade-sobre-oswald-de-andrade\"><strong>Confira depoimento de Mar\u00edlia de Andrade sobre Oswald de Andrade<\/strong><\/h4>\n<p>Core\u00f3grafa e dan\u00e7arina revela hist\u00f3rias do pai escritor, um dos idealizadores da Semana de Arte Moderna<\/p>\n<p>&nbsp;<\/p>\n<p><iframe title=\"Spotify Embed: Confira depoimento de Mar\u00edlia de Andrade sobre Oswald de Andrade\" style=\"border-radius: 12px\" width=\"100%\" height=\"152\" frameborder=\"0\" allowfullscreen allow=\"autoplay; clipboard-write; encrypted-media; fullscreen; picture-in-picture\" loading=\"lazy\" src=\"https:\/\/open.spotify.com\/embed\/episode\/3agL3mNcs41kiIsa00nRC5?utm_source=oembed\"><\/iframe><\/p>\n<p>&nbsp;<\/p>\n<h4 id=\"memorias-afetivas-de-tarsilinha-do-amaral-e-joao-candido-portinari\"><strong>Mem\u00f3rias afetivas de Tarsilinha do Amaral e Jo\u00e3o C\u00e2ndido Portinari<\/strong><\/h4>\n<p>Sobrinha-neta de Tarsila do Amaral e filho de C\u00e2ndido Portinari contam um pouco da intimidade dos dois modernistas<\/p>\n<p>&nbsp;<\/p>\n<p><iframe title=\"Spotify Embed: Mem\u00f3rias afetivas de Tarsilinha do Amaral e Jo\u00e3o C\u00e2ndido Portinari\" style=\"border-radius: 12px\" width=\"100%\" height=\"152\" frameborder=\"0\" allowfullscreen allow=\"autoplay; clipboard-write; encrypted-media; fullscreen; picture-in-picture\" loading=\"lazy\" src=\"https:\/\/open.spotify.com\/embed\/episode\/6kJrZBpSLqkEPFOx9gAuck?utm_source=oembed\"><\/iframe><\/p>\n<p>&nbsp;<\/p>\n<h4 id=\"villa-lobos-para-alem-do-modernismo-e-das-fronteiras\"><strong>Villa-Lobos, para al\u00e9m do Modernismo e das fronteiras<\/strong><\/h4>\n<p>Heitor Villa-Lobos foi um m\u00fasico modernista?<\/p>\n<p>&nbsp;<\/p>\n<p><iframe title=\"Spotify Embed: Villa-Lobos, para al\u00e9m do Modernismo e das fronteiras\" style=\"border-radius: 12px\" width=\"100%\" height=\"152\" frameborder=\"0\" allowfullscreen allow=\"autoplay; clipboard-write; encrypted-media; fullscreen; picture-in-picture\" loading=\"lazy\" src=\"https:\/\/open.spotify.com\/embed\/episode\/6XYeBepY68UzDdi0fZeGOX?utm_source=oembed\"><\/iframe><\/p>\n<p>&nbsp;<\/p>\n<h4 id=\"e-se-o-brasil-nao-tivesse-ficado-independente\"><strong>E se o Brasil n\u00e3o tivesse ficado independente?<\/strong><\/h4>\n<p>Em seu novo livro, Renato Janine Ribeiro imagina como seria o pa\u00eds se a fam\u00edlia real portuguesa nunca tivesse aportado aqui<\/p>\n<p>&nbsp;<\/p>\n<p><iframe title=\"Spotify Embed: E se o Brasil n\u00e3o tivesse ficado independente?\" style=\"border-radius: 12px\" width=\"100%\" height=\"152\" frameborder=\"0\" allowfullscreen allow=\"autoplay; clipboard-write; encrypted-media; fullscreen; picture-in-picture\" loading=\"lazy\" src=\"https:\/\/open.spotify.com\/embed\/episode\/6Z07djykLe1vJabZZ2eIQI?utm_source=oembed\"><\/iframe><\/p>\n<p>&nbsp;<\/p>\n<h4 id=\"laurentino-gomes-e-jurandir-malerba-o-brasil-de-1822-tinha-como-dar-certo-em-2022\"><strong>Laurentino Gomes e Jurandir Malerba: O Brasil de 1822 tinha como dar certo em 2022?<\/strong><\/h4>\n<p>De um lado, Laurentino Gomes. O jornalista \u00e9 autor de best-sellers como 1808 e 1822. De outro, Jurandir Malerba. O historiador \u00e9 atualmente professor na Universidade Federal do Rio Grande do Sul. Ambos pensam, pesquisam, escrevem e divulgam de uma forma leve \u2013 mas ao mesmo tempo rigorosa \u2013 a hist\u00f3ria.<\/p>\n<p><iframe title=\"Spotify Embed: Laurentino Gomes e Jurandir Malerba: O Brasil de 1822 tinha como dar certo em 2022?\u00a0\" style=\"border-radius: 12px\" width=\"100%\" height=\"152\" frameborder=\"0\" allowfullscreen allow=\"autoplay; clipboard-write; encrypted-media; fullscreen; picture-in-picture\" loading=\"lazy\" src=\"https:\/\/open.spotify.com\/embed\/episode\/2AkI0K3e4Iq2K3iitMjMwK?si=DixpVmzuQZqvf0nT08ic5A&#038;utm_source=oembed\"><\/iframe><\/p>\n<p>&nbsp;<\/p>\n<h4 id=\"sotaques-da-liberdade\"><strong>Sotaques da liberdade<\/strong><\/h4>\n<p>Os especialistas F\u00e1bio K\u00fchn, da Universidade Federal do Rio Grande do Sul (UFRGS), Martha Victor Vieira, da Universidade Federal de Tocantins (UFT) e Reginaldo de Ara\u00fajo, do Grupo de pesquisa Sociedade e Cultura no Brasil Oitocentista (SEBO) vinculado \u00e0 Universidade Federal do Cear\u00e1, batem um papo sobre como a independ\u00eancia do Brasil ocorre de modo diverso nas mais diferentes regi\u00f5es do pa\u00eds.<\/p>\n<p><iframe title=\"Spotify Embed: Sotaques da Liberdade\" style=\"border-radius: 12px\" width=\"100%\" height=\"152\" frameborder=\"0\" allowfullscreen allow=\"autoplay; clipboard-write; encrypted-media; fullscreen; picture-in-picture\" loading=\"lazy\" src=\"https:\/\/open.spotify.com\/embed\/episode\/7Hf6SEnDW7dJtzvasMazbn?si=SQAHN_19TEOYL38W51AKuA&#038;utm_source=oembed\"><\/iframe><\/p>\n<p>&nbsp;<\/p>\n<h6 id=\"capa-freepik-com-reproducao\">Capa. Freepik.com. Reprodu\u00e7\u00e3o<\/h6>\n","protected":false},"excerpt":{"rendered":"Ci\u00eancia &amp; Cultura Cast une cultura, tecnologia, inova\u00e7\u00e3o, arte e filosofia &nbsp;&hellip;\n","protected":false},"author":19,"featured_media":6845,"comment_status":"open","ping_status":"open","sticky":false,"template":"","format":"standard","meta":[],"categories":[1,2],"tags":[],"acf":[],"_links":{"self":[{"href":"https:\/\/revistacienciaecultura.org.br\/index.php?rest_route=\/wp\/v2\/posts\/6844"}],"collection":[{"href":"https:\/\/revistacienciaecultura.org.br\/index.php?rest_route=\/wp\/v2\/posts"}],"about":[{"href":"https:\/\/revistacienciaecultura.org.br\/index.php?rest_route=\/wp\/v2\/types\/post"}],"author":[{"embeddable":true,"href":"https:\/\/revistacienciaecultura.org.br\/index.php?rest_route=\/wp\/v2\/users\/19"}],"replies":[{"embeddable":true,"href":"https:\/\/revistacienciaecultura.org.br\/index.php?rest_route=%2Fwp%2Fv2%2Fcomments&post=6844"}],"version-history":[{"count":1,"href":"https:\/\/revistacienciaecultura.org.br\/index.php?rest_route=\/wp\/v2\/posts\/6844\/revisions"}],"predecessor-version":[{"id":6846,"href":"https:\/\/revistacienciaecultura.org.br\/index.php?rest_route=\/wp\/v2\/posts\/6844\/revisions\/6846"}],"wp:featuredmedia":[{"embeddable":true,"href":"https:\/\/revistacienciaecultura.org.br\/index.php?rest_route=\/wp\/v2\/media\/6845"}],"wp:attachment":[{"href":"https:\/\/revistacienciaecultura.org.br\/index.php?rest_route=%2Fwp%2Fv2%2Fmedia&parent=6844"}],"wp:term":[{"taxonomy":"category","embeddable":true,"href":"https:\/\/revistacienciaecultura.org.br\/index.php?rest_route=%2Fwp%2Fv2%2Fcategories&post=6844"},{"taxonomy":"post_tag","embeddable":true,"href":"https:\/\/revistacienciaecultura.org.br\/index.php?rest_route=%2Fwp%2Fv2%2Ftags&post=6844"}],"curies":[{"name":"wp","href":"https:\/\/api.w.org\/{rel}","templated":true}]}}