{"id":6847,"date":"2024-08-13T07:30:29","date_gmt":"2024-08-13T07:30:29","guid":{"rendered":"https:\/\/revistacienciaecultura.org.br\/?p=6847"},"modified":"2024-08-12T20:05:45","modified_gmt":"2024-08-12T20:05:45","slug":"resistencia-e-conhecimento-dos-povos-indigenas-no-combate-as-mudancas-climaticas","status":"publish","type":"post","link":"https:\/\/revistacienciaecultura.org.br\/?p=6847","title":{"rendered":"Resist\u00eancia e conhecimento dos povos ind\u00edgenas no combate \u00e0s mudan\u00e7as clim\u00e1ticas"},"content":{"rendered":"<h4 id=\"em-meio-a-ameacas-crescentes-e-a-perda-de-terras-os-povos-indigenas-sao-protagonistas-na-luta-contra-o-desmatamento-e-a-crise-climatica\"><span style=\"color: #808080;\">Em meio a amea\u00e7as crescentes e a perda de terras, os povos ind\u00edgenas s\u00e3o protagonistas na luta contra o desmatamento e a crise clim\u00e1tica<\/span><\/h4>\n<p>&nbsp;<\/p>\n<p>Os povos ind\u00edgenas, que representam cerca de 6% da popula\u00e7\u00e3o mundial, s\u00e3o reconhecidos pelo secret\u00e1rio-geral da ONU como &#8220;guardas do conhecimento e das tradi\u00e7\u00f5es&#8221; essenciais para a prote\u00e7\u00e3o de algumas das \u00e1reas mais biodiversas do planeta. No entanto, essa popula\u00e7\u00e3o enfrenta amea\u00e7as e viol\u00eancia constantes, especialmente em regi\u00f5es onde atividades como minera\u00e7\u00e3o, agricultura e transporte intensificam o desmatamento e a degrada\u00e7\u00e3o dos solos.<\/p>\n<p>De acordo com o secret\u00e1rio-geral da ONU, Ant\u00f3nio Guterres, as terras ancestrais e os recursos naturais dos quais os povos ind\u00edgenas dependem est\u00e3o &#8220;sob cerco&#8221;. Ele ressaltou que o direito \u00e0 autodetermina\u00e7\u00e3o, conforme estipulado na Declara\u00e7\u00e3o das Na\u00e7\u00f5es Unidas sobre os Direitos dos Povos Ind\u00edgenas, ainda n\u00e3o foi plenamente respeitado, destacando a necessidade urgente de apoiar esses povos na constru\u00e7\u00e3o de seu pr\u00f3prio futuro.<\/p>\n<p>Um exemplo positivo citado pela ONU vem do Brasil, onde a etnia Puyanawa, uma das 15 que habitam o estado do Acre, tem se destacado pela preserva\u00e7\u00e3o de seu territ\u00f3rio, 93% coberto por florestas. Sob a lideran\u00e7a de Joel Puyanawa, a tribo adotou pr\u00e1ticas agr\u00edcolas tradicionais, como o plantio de \u00e1rvores de madeira dura nos campos, para minimizar o impacto na terra. Joel Puyanawa enfatiza que, apesar do trabalho extra envolvido, a preserva\u00e7\u00e3o do que \u00e9 mais sagrado \u00e9 essencial, alertando que uma floresta destru\u00edda &#8220;nunca se recuperar\u00e1&#8221;.<\/p>\n<p>Essa abordagem dos Puyanawa \u00e9 vista pelo Programa das Na\u00e7\u00f5es Unidas para o Meio Ambiente (PNUMA) como uma prova de que sustentabilidade e crescimento econ\u00f4mico podem coexistir. No entanto, o caminho para essa conscientiza\u00e7\u00e3o n\u00e3o foi f\u00e1cil. No in\u00edcio do s\u00e9culo 20, a tribo sofreu ataques de colonos interessados na extra\u00e7\u00e3o de borracha, resultando na morte de muitos Puyanawa e na explora\u00e7\u00e3o dos sobreviventes em suas pr\u00f3prias terras.<\/p>\n<p>Somente em 2001, com o fortalecimento dos direitos territoriais ind\u00edgenas pelo governo brasileiro, os Puyanawa come\u00e7aram a recuperar suas tradi\u00e7\u00f5es, incluindo a l\u00edngua, pr\u00e1ticas espirituais e t\u00e9cnicas de manejo florestal. Essa reconquista \u00e9 crucial em um contexto onde o mundo perde, anualmente, uma \u00e1rea de cobertura florestal equivalente ao tamanho de Portugal, com grande parte desse desmatamento ocorrendo em 20 pa\u00edses tropicais, incluindo o Brasil.<\/p>\n<p>No Dia Internacional dos Povos Ind\u00edgenas, o Programa das Na\u00e7\u00f5es Unidas para o Desenvolvimento (PNUD) destaca a import\u00e2ncia do conhecimento ind\u00edgena na luta contra as mudan\u00e7as clim\u00e1ticas. Segundo a ag\u00eancia, os povos ind\u00edgenas possuem sistemas de conhecimento, inova\u00e7\u00f5es e pr\u00e1ticas \u00fanicas, transmitidos de gera\u00e7\u00e3o em gera\u00e7\u00e3o, que permitiram a essas comunidades viverem de forma sustent\u00e1vel em diversas partes do mundo.<\/p>\n<p>Diante da intensifica\u00e7\u00e3o da crise clim\u00e1tica, os conhecimentos e pr\u00e1ticas ind\u00edgenas emergem como solu\u00e7\u00f5es valiosas para a mitiga\u00e7\u00e3o dos efeitos das mudan\u00e7as clim\u00e1ticas, al\u00e9m de estrat\u00e9gias de adapta\u00e7\u00e3o e resili\u00eancia necess\u00e1rias para enfrentar esse desafio global.<\/p>\n<p><span style=\"color: #808080;\"><em>Com informa\u00e7\u00f5es de ONU News<\/em><\/span><\/p>\n","protected":false},"excerpt":{"rendered":"Em meio a amea\u00e7as crescentes e a perda de terras, os povos&hellip;\n","protected":false},"author":19,"featured_media":4020,"comment_status":"open","ping_status":"open","sticky":false,"template":"","format":"standard","meta":[],"categories":[1,2],"tags":[],"acf":[],"_links":{"self":[{"href":"https:\/\/revistacienciaecultura.org.br\/index.php?rest_route=\/wp\/v2\/posts\/6847"}],"collection":[{"href":"https:\/\/revistacienciaecultura.org.br\/index.php?rest_route=\/wp\/v2\/posts"}],"about":[{"href":"https:\/\/revistacienciaecultura.org.br\/index.php?rest_route=\/wp\/v2\/types\/post"}],"author":[{"embeddable":true,"href":"https:\/\/revistacienciaecultura.org.br\/index.php?rest_route=\/wp\/v2\/users\/19"}],"replies":[{"embeddable":true,"href":"https:\/\/revistacienciaecultura.org.br\/index.php?rest_route=%2Fwp%2Fv2%2Fcomments&post=6847"}],"version-history":[{"count":2,"href":"https:\/\/revistacienciaecultura.org.br\/index.php?rest_route=\/wp\/v2\/posts\/6847\/revisions"}],"predecessor-version":[{"id":6849,"href":"https:\/\/revistacienciaecultura.org.br\/index.php?rest_route=\/wp\/v2\/posts\/6847\/revisions\/6849"}],"wp:featuredmedia":[{"embeddable":true,"href":"https:\/\/revistacienciaecultura.org.br\/index.php?rest_route=\/wp\/v2\/media\/4020"}],"wp:attachment":[{"href":"https:\/\/revistacienciaecultura.org.br\/index.php?rest_route=%2Fwp%2Fv2%2Fmedia&parent=6847"}],"wp:term":[{"taxonomy":"category","embeddable":true,"href":"https:\/\/revistacienciaecultura.org.br\/index.php?rest_route=%2Fwp%2Fv2%2Fcategories&post=6847"},{"taxonomy":"post_tag","embeddable":true,"href":"https:\/\/revistacienciaecultura.org.br\/index.php?rest_route=%2Fwp%2Fv2%2Ftags&post=6847"}],"curies":[{"name":"wp","href":"https:\/\/api.w.org\/{rel}","templated":true}]}}