{"id":6850,"date":"2024-08-14T07:30:01","date_gmt":"2024-08-14T07:30:01","guid":{"rendered":"https:\/\/revistacienciaecultura.org.br\/?p=6850"},"modified":"2024-08-13T19:27:46","modified_gmt":"2024-08-13T19:27:46","slug":"expansao-nacional-do-scielo","status":"publish","type":"post","link":"https:\/\/revistacienciaecultura.org.br\/?p=6850","title":{"rendered":"Expans\u00e3o nacional do SciELO"},"content":{"rendered":"<h4 id=\"fapesp-capes-e-cnpq-assinam-protocolo-para-expandir-e-reestruturar-a-governanca-da-maior-rede-de-periodicos-cientificos-de-acesso-aberto-do-brasil\"><span style=\"color: #808080;\">Fapesp, Capes e CNPq assinam protocolo para expandir e reestruturar a governan\u00e7a da maior rede de peri\u00f3dicos cient\u00edficos de acesso aberto do Brasil<\/span><\/h4>\n<p>&nbsp;<\/p>\n<p>A <span style=\"color: #800000;\"><strong><a style=\"color: #800000;\" href=\"https:\/\/fapesp.br\/\" target=\"_blank\" rel=\"noopener\">Funda\u00e7\u00e3o de Amparo \u00e0 Pesquisa do Estado de S\u00e3o Paulo (Fapesp)<\/a><\/strong><\/span>, a <span style=\"color: #800000;\"><strong><a style=\"color: #800000;\" href=\"https:\/\/www.gov.br\/capes\/pt-br\" target=\"_blank\" rel=\"noopener\">Coordena\u00e7\u00e3o de Aperfei\u00e7oamento de Pessoal de N\u00edvel Superior (Capes)<\/a><\/strong><\/span> e o <span style=\"color: #800000;\"><strong><a style=\"color: #800000;\" href=\"https:\/\/www.gov.br\/cnpq\/pt-br\" target=\"_blank\" rel=\"noopener\">Conselho Nacional de Desenvolvimento Cient\u00edfico e Tecnol\u00f3gico (CNPq)<\/a><\/strong><\/span> deram um importante passo rumo \u00e0 nacionaliza\u00e7\u00e3o da plataforma <span style=\"color: #800000;\"><strong><a style=\"color: #800000;\" href=\"https:\/\/www.scielo.org\/\" target=\"_blank\" rel=\"noopener\">Scientific Electronic Library Online (SciELO)<\/a><\/strong><\/span>. Na \u00faltima sexta-feira (2), as institui\u00e7\u00f5es assinaram, em Bras\u00edlia, um protocolo de inten\u00e7\u00f5es que visa promover a cria\u00e7\u00e3o de um cons\u00f3rcio nacional para expandir, reestruturar a governan\u00e7a e garantir a manuten\u00e7\u00e3o do SciELO, assegurando a autonomia e a participa\u00e7\u00e3o ativa de seus integrantes.<\/p>\n<p>O presidente da Fapesp, Marco Antonio Zago, destacou a import\u00e2ncia do acordo para a livre circula\u00e7\u00e3o da ci\u00eancia. &#8220;Essa iniciativa representa um grande passo no sentido de favorecer a livre circula\u00e7\u00e3o da ci\u00eancia. Ap\u00f3s mais de quatro d\u00e9cadas de funcionamento com vincula\u00e7\u00e3o predominante \u00e0 Fapesp, a entrada das duas ag\u00eancias federais d\u00e1 mais legitimidade e melhor governan\u00e7a \u00e0 plataforma SciELO&#8221;, afirmou.<\/p>\n<p>Lan\u00e7ado em 1997 com o objetivo de apoiar a infraestrutura de comunica\u00e7\u00e3o cient\u00edfica, o SciELO come\u00e7ou suas opera\u00e7\u00f5es p\u00fablicas em 1998 e, desde ent\u00e3o, tornou-se uma rede de cole\u00e7\u00f5es de peri\u00f3dicos de acesso aberto. Atualmente, a plataforma \u00e9 utilizada em 16 pa\u00edses, que fazem parte da Rede SciELO de cole\u00e7\u00f5es nacionais de peri\u00f3dicos.<\/p>\n<p>Denise Pires de Carvalho, presidente da Capes, ressaltou a relev\u00e2ncia da nacionaliza\u00e7\u00e3o do SciELO do ponto de vista jur\u00eddico, visando fortalecer as institui\u00e7\u00f5es e evitar fragilidades no programa. Ela celebrou a constru\u00e7\u00e3o nacional do programa, destacando a necessidade de uma evolu\u00e7\u00e3o que depende do que o pr\u00f3prio Brasil decidir\u00e1. Carvalho tamb\u00e9m enfatizou que o pa\u00eds \u00e9 um grande mercado consumidor de ci\u00eancia, com uma comunidade cient\u00edfica entre as 15 maiores produtoras de conhecimento no mundo.<\/p>\n<p>Ricardo Galv\u00e3o, presidente do CNPq, relembrou os desafios da cria\u00e7\u00e3o do SciELO e destacou a valoriza\u00e7\u00e3o dos pesquisadores brasileiros com a assinatura do protocolo. Galv\u00e3o frisou que a parceria tamb\u00e9m deve focar na qualifica\u00e7\u00e3o das revistas cient\u00edficas.<\/p>\n<p>A assinatura do protocolo tamb\u00e9m foi seguida por uma apresenta\u00e7\u00e3o de Abel Packer, diretor do SciELO, que apresentou dados sobre as publica\u00e7\u00f5es na plataforma e detalhes sobre a estrutura de governan\u00e7a. Ele destacou as oportunidades futuras, como a utiliza\u00e7\u00e3o da intelig\u00eancia artificial como um instrumento ub\u00edquo, lembrando que a plataforma recebe um milh\u00e3o de acessos por dia. Um dos grandes desafios, segundo Packer, \u00e9 manter a estrutura e a seguran\u00e7a da plataforma.<\/p>\n<p>Com o novo cons\u00f3rcio, o SciELO passar\u00e1 a ser gerido de forma colaborativa e sustent\u00e1vel pelas tr\u00eas ag\u00eancias, fortalecendo ainda mais o papel do Brasil na produ\u00e7\u00e3o e dissemina\u00e7\u00e3o do conhecimento cient\u00edfico em n\u00edvel global.<\/p>\n<p><span style=\"color: #808080;\"><em>Com informa\u00e7\u00f5es de Fapesp e CNPq<\/em><\/span><\/p>\n<p>&nbsp;<\/p>\n<h6 id=\"capa-freepik-com-reproducao\">Capa. Freepik.com. Reprodu\u00e7\u00e3o<\/h6>\n","protected":false},"excerpt":{"rendered":"Fapesp, Capes e CNPq assinam protocolo para expandir e reestruturar a governan\u00e7a&hellip;\n","protected":false},"author":19,"featured_media":6851,"comment_status":"open","ping_status":"open","sticky":false,"template":"","format":"standard","meta":[],"categories":[1,2],"tags":[],"acf":[],"_links":{"self":[{"href":"https:\/\/revistacienciaecultura.org.br\/index.php?rest_route=\/wp\/v2\/posts\/6850"}],"collection":[{"href":"https:\/\/revistacienciaecultura.org.br\/index.php?rest_route=\/wp\/v2\/posts"}],"about":[{"href":"https:\/\/revistacienciaecultura.org.br\/index.php?rest_route=\/wp\/v2\/types\/post"}],"author":[{"embeddable":true,"href":"https:\/\/revistacienciaecultura.org.br\/index.php?rest_route=\/wp\/v2\/users\/19"}],"replies":[{"embeddable":true,"href":"https:\/\/revistacienciaecultura.org.br\/index.php?rest_route=%2Fwp%2Fv2%2Fcomments&post=6850"}],"version-history":[{"count":2,"href":"https:\/\/revistacienciaecultura.org.br\/index.php?rest_route=\/wp\/v2\/posts\/6850\/revisions"}],"predecessor-version":[{"id":6853,"href":"https:\/\/revistacienciaecultura.org.br\/index.php?rest_route=\/wp\/v2\/posts\/6850\/revisions\/6853"}],"wp:featuredmedia":[{"embeddable":true,"href":"https:\/\/revistacienciaecultura.org.br\/index.php?rest_route=\/wp\/v2\/media\/6851"}],"wp:attachment":[{"href":"https:\/\/revistacienciaecultura.org.br\/index.php?rest_route=%2Fwp%2Fv2%2Fmedia&parent=6850"}],"wp:term":[{"taxonomy":"category","embeddable":true,"href":"https:\/\/revistacienciaecultura.org.br\/index.php?rest_route=%2Fwp%2Fv2%2Fcategories&post=6850"},{"taxonomy":"post_tag","embeddable":true,"href":"https:\/\/revistacienciaecultura.org.br\/index.php?rest_route=%2Fwp%2Fv2%2Ftags&post=6850"}],"curies":[{"name":"wp","href":"https:\/\/api.w.org\/{rel}","templated":true}]}}