{"id":6854,"date":"2024-08-15T07:30:01","date_gmt":"2024-08-15T07:30:01","guid":{"rendered":"https:\/\/revistacienciaecultura.org.br\/?p=6854"},"modified":"2024-08-14T19:20:34","modified_gmt":"2024-08-14T19:20:34","slug":"descubra-um-mundo-de-conhecimento-ufrj-reune-2-650-e-books","status":"publish","type":"post","link":"https:\/\/revistacienciaecultura.org.br\/?p=6854","title":{"rendered":"Descubra um mundo de conhecimento: UFRJ re\u00fane 2.650 e-books"},"content":{"rendered":"<h4 id=\"titulos-sao-de-nove-areas-do-conhecimento-e-downloads-sao-gratuitos\"><span style=\"color: #808080;\">T\u00edtulos s\u00e3o de nove \u00e1reas do conhecimento e downloads s\u00e3o gratuitos<\/span><\/h4>\n<p>&nbsp;<\/p>\n<p><em>O Sistema de Bibliotecas e Informa\u00e7\u00e3o (Sibi) da UFRJ realizou um levantamento minucioso das editoras acad\u00eamicas das principais universidades do Brasil e reuniu uma incr\u00edvel cole\u00e7\u00e3o de 2.650 t\u00edtulos dispon\u00edveis para download gratuito. Sinta o cheirinho de livro novo da\u00ed e explore esse vasto acervo de e-books que abrangem diversas \u00e1reas do conhecimento. S\u00e3o 89 livros de Ci\u00eancias Agr\u00e1rias, 43 de Ci\u00eancias Ambientais, 73 de Ci\u00eancias Biol\u00f3gicas, 215 de Ci\u00eancias da Sa\u00fade, 57 de Ci\u00eancias Exatas e da Terra, 1.154 de Ci\u00eancias Humanas, 581 de Ci\u00eancias Sociais Aplicadas, 40 de Engenharias e 398 de Lingu\u00edstica, Letras e Artes. Essa iniciativa n\u00e3o apenas facilita o acesso ao conhecimento, mas tamb\u00e9m destaca a import\u00e2ncia da divulga\u00e7\u00e3o e do registro de livros cient\u00edficos. Aproveite essa oportunidade para enriquecer seu aprendizado e contribuir para a dissemina\u00e7\u00e3o do saber!<\/em><\/p>\n<p><em>Confira alguns t\u00edtulos:<\/em><\/p>\n<p>&nbsp;<\/p>\n<h4 id=\"canis-lupus-familiaris-uma-abordagem-evolutiva-e-veterinaria\"><a href=\"https:\/\/www.livrosabertos.abcd.usp.br\/portaldelivrosUSP\/catalog\/view\/326\/287\/1212-1\" target=\"_blank\" rel=\"noopener\"><span style=\"color: #800000;\"><strong>Canis lupus familiaris: uma abordagem evolutiva e veterin\u00e1ria <\/strong><\/span><\/a><\/h4>\n<p>A fam\u00edlia Can\u00eddea \u00e9 a mais antiga entre os carn\u00edvoros, com o g\u00eanero Canis (lobos e c\u00e3es) destacando-se pela sua diversidade e distribui\u00e7\u00e3o global. Os c\u00e3es dom\u00e9sticos e lobos compartilham um ancestral comum, possivelmente uma esp\u00e9cie de lobo extinta h\u00e1 36 mil anos na \u00c1sia Oriental. A domestica\u00e7\u00e3o foi n\u00e3o intencional e influenciada pela sele\u00e7\u00e3o humana. Recentemente, a cria\u00e7\u00e3o de ra\u00e7as levou a problemas gen\u00e9ticos nos c\u00e3es. A proximidade com humanos tamb\u00e9m facilitou a transmiss\u00e3o de doen\u00e7as zoon\u00f3ticas.<\/p>\n<p><a href=\"https:\/\/www.livrosabertos.abcd.usp.br\/portaldelivrosUSP\/catalog\/view\/326\/287\/1212-1\" target=\"_blank\" rel=\"noopener\"><img loading=\"lazy\" class=\"size-medium wp-image-6855 aligncenter\" src=\"https:\/\/revistacienciaecultura.org.br\/wp-content\/uploads\/2024\/08\/canis-lupus-239x300.jpg\" alt=\"\" width=\"239\" height=\"300\" srcset=\"https:\/\/revistacienciaecultura.org.br\/wp-content\/uploads\/2024\/08\/canis-lupus-239x300.jpg 239w, https:\/\/revistacienciaecultura.org.br\/wp-content\/uploads\/2024\/08\/canis-lupus-10x12.jpg 10w, https:\/\/revistacienciaecultura.org.br\/wp-content\/uploads\/2024\/08\/canis-lupus.jpg 550w\" sizes=\"(max-width: 239px) 100vw, 239px\" \/><\/a><\/p>\n<p>&nbsp;<\/p>\n<h4 id=\"memoria-culinaria-de-ouro-preto\"><span style=\"color: #800000;\"><a style=\"color: #800000;\" href=\"https:\/\/www.editora.ufop.br\/index.php\/editora\/catalog\/view\/107\/83\/270-1\" target=\"_blank\" rel=\"noopener\"><strong>Mem\u00f3ria Culin\u00e1ria de Ouro Preto<\/strong><\/a><\/span><\/h4>\n<p>Lembrar \u00e9 refazer o passado com as ideias de hoje. A mem\u00f3ria \u00e9 um trabalho que resgata eventos e hist\u00f3rias significativas, criando um di\u00e1logo entre o passado e o presente. Este projeto traz a mem\u00f3ria culin\u00e1ria de Ouro Preto, envolvendo alunos e professores, promovendo seguran\u00e7a alimentar e socializando conhecimento cient\u00edfico. A obra mostra como resgatar a mem\u00f3ria culin\u00e1ria, integrando universidade e sociedade.<\/p>\n<p><a href=\"https:\/\/www.editora.ufop.br\/index.php\/editora\/catalog\/view\/107\/83\/270-1\" target=\"_blank\" rel=\"noopener\"><img loading=\"lazy\" class=\"size-medium wp-image-6856 aligncenter\" src=\"https:\/\/revistacienciaecultura.org.br\/wp-content\/uploads\/2024\/08\/memo\u0301ria-culina\u0301ria-226x300.jpg\" alt=\"\" width=\"226\" height=\"300\" srcset=\"https:\/\/revistacienciaecultura.org.br\/wp-content\/uploads\/2024\/08\/memo\u0301ria-culina\u0301ria-226x300.jpg 226w, https:\/\/revistacienciaecultura.org.br\/wp-content\/uploads\/2024\/08\/memo\u0301ria-culina\u0301ria-9x12.jpg 9w, https:\/\/revistacienciaecultura.org.br\/wp-content\/uploads\/2024\/08\/memo\u0301ria-culina\u0301ria.jpg 518w\" sizes=\"(max-width: 226px) 100vw, 226px\" \/><\/a><\/p>\n<p>&nbsp;<\/p>\n<h4 id=\"os-donos-do-pedaco-caracterizacao-das-populacoes-de-caes-e-gatos-domiciliados-do-municipio-de-sao-paulo\"><a href=\"https:\/\/www.livrosabertos.abcd.usp.br\/portaldelivrosUSP\/catalog\/view\/322\/283\/1200-1\" target=\"_blank\" rel=\"noopener\"><span style=\"color: #800000;\"><strong>Os donos do peda\u00e7o: caracteriza\u00e7\u00e3o das popula\u00e7\u00f5es de c\u00e3es e gatos domiciliados do munic\u00edpio de S\u00e3o Paulo\u00a0<\/strong><\/span><\/a><\/h4>\n<p>Este livro surge da colabora\u00e7\u00e3o entre o Laborat\u00f3rio de Epidemiologia e Bioestat\u00edstica da USP e o Centro de Controle de Zoonoses de S\u00e3o Paulo. Foi criado um novo indicador para estimar as popula\u00e7\u00f5es de animais na cidade, melhorando o planejamento das a\u00e7\u00f5es de sa\u00fade animal descentralizadas desde 2002. O estudo quebrou paradigmas ao envolver as Supervis\u00f5es de Vigil\u00e2ncia em Sa\u00fade no levantamento de dados, incluindo domic\u00edlios e estabelecimentos comerciais.<\/p>\n<p><a href=\"https:\/\/www.livrosabertos.abcd.usp.br\/portaldelivrosUSP\/catalog\/view\/322\/283\/1200-1\" target=\"_blank\" rel=\"noopener\"><img loading=\"lazy\" class=\"size-medium wp-image-6857 aligncenter\" src=\"https:\/\/revistacienciaecultura.org.br\/wp-content\/uploads\/2024\/08\/donos-pedac\u0327o-212x300.jpg\" alt=\"\" width=\"212\" height=\"300\" srcset=\"https:\/\/revistacienciaecultura.org.br\/wp-content\/uploads\/2024\/08\/donos-pedac\u0327o-212x300.jpg 212w, https:\/\/revistacienciaecultura.org.br\/wp-content\/uploads\/2024\/08\/donos-pedac\u0327o-8x12.jpg 8w, https:\/\/revistacienciaecultura.org.br\/wp-content\/uploads\/2024\/08\/donos-pedac\u0327o.jpg 487w\" sizes=\"(max-width: 212px) 100vw, 212px\" \/><\/a><\/p>\n<p>&nbsp;<\/p>\n<h4 id=\"a-importancia-dos-espacos-livres-publicos-em-estrategias-de-adaptacao-de-areas-urbanas-costeiras-sujeitas-a-inundacao-no-contexto-das-mudancas-climaticas\"><span style=\"color: #800000;\"><a style=\"color: #800000;\" href=\"http:\/\/www.editora.puc-rio.br\/media\/import%C3%A2ncia%20dos%20espa%C3%A7os%20livres%20p%C3%BAblicos%20em%20estrat%C3%A9gias%20de%20adapta%C3%A7%C3%A3o.pdf\" target=\"_blank\" rel=\"noopener\"><strong>A import\u00e2ncia dos espa\u00e7os livres p\u00fablicos em estrat\u00e9gias de adapta\u00e7\u00e3o de \u00e1reas urbanas costeiras sujeitas \u00e0 inunda\u00e7\u00e3o no contexto das mudan\u00e7as clim\u00e1ticas<\/strong><\/a><\/span><\/h4>\n<p>A adapta\u00e7\u00e3o \u00e0 mudan\u00e7a clim\u00e1tica envolve respostas aos impactos atuais e futuros, buscando minimizar danos e transformar desafios em oportunidades para cidades resilientes. Pode ser arquitet\u00f4nica, de engenharia ou baseada em ecossistemas naturais. A capacidade de adapta\u00e7\u00e3o depende de vulnerabilidade e resili\u00eancia: sistemas menos vulner\u00e1veis e mais resilientes adaptam-se melhor. Estrat\u00e9gias como espa\u00e7os livres p\u00fablicos n\u00e3o s\u00f3 adaptam-se, mas melhoram a qualidade de vida urbana, oferecendo lazer, conv\u00edvio social e atividades econ\u00f4micas.<\/p>\n<p><a href=\"http:\/\/www.editora.puc-rio.br\/media\/import%C3%A2ncia%20dos%20espa%C3%A7os%20livres%20p%C3%BAblicos%20em%20estrat%C3%A9gias%20de%20adapta%C3%A7%C3%A3o.pdf\" target=\"_blank\" rel=\"noopener\"><img loading=\"lazy\" class=\"size-medium wp-image-6858 aligncenter\" src=\"https:\/\/revistacienciaecultura.org.br\/wp-content\/uploads\/2024\/08\/espac\u0327os-livres-221x300.jpg\" alt=\"\" width=\"221\" height=\"300\" srcset=\"https:\/\/revistacienciaecultura.org.br\/wp-content\/uploads\/2024\/08\/espac\u0327os-livres-221x300.jpg 221w, https:\/\/revistacienciaecultura.org.br\/wp-content\/uploads\/2024\/08\/espac\u0327os-livres-9x12.jpg 9w, https:\/\/revistacienciaecultura.org.br\/wp-content\/uploads\/2024\/08\/espac\u0327os-livres.jpg 508w\" sizes=\"(max-width: 221px) 100vw, 221px\" \/><\/a><\/p>\n<p><strong>\u00a0<\/strong><\/p>\n<h4 id=\"saude-e-povos-indigenas\"><span style=\"color: #800000;\"><a style=\"color: #800000;\" href=\"https:\/\/static.scielo.org\/scielobooks\/wqffx\/pdf\/santos-9788575412770.pdf\" target=\"_blank\" rel=\"noopener\"><strong>Sa\u00fade e povos ind\u00edgenas<\/strong><\/a><\/span><\/h4>\n<p>Este livro explora a interse\u00e7\u00e3o entre sa\u00fade, doen\u00e7a e culturas nas sociedades ind\u00edgenas brasileiras, abordando aspectos biol\u00f3gicos, culturais e sociais. Com enfoque antropol\u00f3gico, a colet\u00e2nea reflete a diversidade de estudos sobre epidemiologia e aspectos culturais. Destaca-se a import\u00e2ncia de considerar tanto a din\u00e2mica parasita-hospedeiro quanto os itiner\u00e1rios terap\u00eauticos culturais. O objetivo \u00e9 registrar essa heterogeneidade para um entendimento mais completo e interdisciplinar do processo sa\u00fade\/doen\u00e7a nessas sociedades.<\/p>\n<p><a href=\"https:\/\/static.scielo.org\/scielobooks\/wqffx\/pdf\/santos-9788575412770.pdf\" target=\"_blank\" rel=\"noopener\"><img loading=\"lazy\" class=\"size-medium wp-image-6859 aligncenter\" src=\"https:\/\/revistacienciaecultura.org.br\/wp-content\/uploads\/2024\/08\/sau\u0301de-povos-indi\u0301genas-209x300.jpg\" alt=\"\" width=\"209\" height=\"300\" srcset=\"https:\/\/revistacienciaecultura.org.br\/wp-content\/uploads\/2024\/08\/sau\u0301de-povos-indi\u0301genas-209x300.jpg 209w, https:\/\/revistacienciaecultura.org.br\/wp-content\/uploads\/2024\/08\/sau\u0301de-povos-indi\u0301genas-8x12.jpg 8w, https:\/\/revistacienciaecultura.org.br\/wp-content\/uploads\/2024\/08\/sau\u0301de-povos-indi\u0301genas.jpg 481w\" sizes=\"(max-width: 209px) 100vw, 209px\" \/><\/a><\/p>\n<p><strong>\u00a0<\/strong><\/p>\n<h4 id=\"a-psicologia-na-politica-para-as-mulheres-em-situacao-de-violencia-avancos-e-desafios\"><span style=\"color: #800000;\"><a style=\"color: #800000;\" href=\"http:\/\/www2.ufac.br\/editora\/livros\/a-psicologia-na-politica-para-as-mulheres-em-situacao-de-violencia.pdf\" target=\"_blank\" rel=\"noopener\"><strong>A psicologia na pol\u00edtica para as mulheres em situa\u00e7\u00e3o de viol\u00eancia: avan\u00e7os e desafios<\/strong><\/a><\/span><\/h4>\n<p>O livro &#8220;A psicologia na pol\u00edtica para as mulheres em situa\u00e7\u00e3o de viol\u00eancia: avan\u00e7os e desafios&#8221;, baseado na tese de doutorado de Madge Porto, aborda lacunas na pesquisa sobre como a viol\u00eancia contra mulheres \u00e9 tratada hoje. Discute avan\u00e7os e retrocessos na assist\u00eancia profissional, destacando o sofrimento psicol\u00f3gico das v\u00edtimas. Estruturado em quatro cap\u00edtulos, inclui estudos sobre g\u00eanero, psicologia e pol\u00edticas p\u00fablicas, e examina a forma\u00e7\u00e3o profissional e o apoio \u00e0s v\u00edtimas de viol\u00eancia.<\/p>\n<p><a href=\"http:\/\/www2.ufac.br\/editora\/livros\/a-psicologia-na-politica-para-as-mulheres-em-situacao-de-violencia.pdf\" target=\"_blank\" rel=\"noopener\"><img loading=\"lazy\" class=\"size-medium wp-image-6860 aligncenter\" src=\"https:\/\/revistacienciaecultura.org.br\/wp-content\/uploads\/2024\/08\/psicologia-poli\u0301tica-209x300.jpg\" alt=\"\" width=\"209\" height=\"300\" srcset=\"https:\/\/revistacienciaecultura.org.br\/wp-content\/uploads\/2024\/08\/psicologia-poli\u0301tica-209x300.jpg 209w, https:\/\/revistacienciaecultura.org.br\/wp-content\/uploads\/2024\/08\/psicologia-poli\u0301tica-8x12.jpg 8w, https:\/\/revistacienciaecultura.org.br\/wp-content\/uploads\/2024\/08\/psicologia-poli\u0301tica.jpg 479w\" sizes=\"(max-width: 209px) 100vw, 209px\" \/><\/a><\/p>\n<p>&nbsp;<\/p>\n<p><span style=\"color: #800000;\"><a style=\"color: #800000;\" href=\"https:\/\/drive.google.com\/file\/d\/1nAsRqf-SOWFzWU_mrL--yxgFD5fv3Sg1\/view\" target=\"_blank\" rel=\"noopener\"><strong><em>Confira todos os e-books<\/em><\/strong><\/a><\/span><\/p>\n<p>&nbsp;<\/p>\n<h6 id=\"capa-freepik-com-reproducao\">Capa. Freepik.com. Reprodu\u00e7\u00e3o<\/h6>\n","protected":false},"excerpt":{"rendered":"T\u00edtulos s\u00e3o de nove \u00e1reas do conhecimento e downloads s\u00e3o gratuitos &nbsp;&hellip;\n","protected":false},"author":19,"featured_media":6861,"comment_status":"open","ping_status":"open","sticky":false,"template":"","format":"standard","meta":[],"categories":[1,2],"tags":[],"acf":[],"_links":{"self":[{"href":"https:\/\/revistacienciaecultura.org.br\/index.php?rest_route=\/wp\/v2\/posts\/6854"}],"collection":[{"href":"https:\/\/revistacienciaecultura.org.br\/index.php?rest_route=\/wp\/v2\/posts"}],"about":[{"href":"https:\/\/revistacienciaecultura.org.br\/index.php?rest_route=\/wp\/v2\/types\/post"}],"author":[{"embeddable":true,"href":"https:\/\/revistacienciaecultura.org.br\/index.php?rest_route=\/wp\/v2\/users\/19"}],"replies":[{"embeddable":true,"href":"https:\/\/revistacienciaecultura.org.br\/index.php?rest_route=%2Fwp%2Fv2%2Fcomments&post=6854"}],"version-history":[{"count":4,"href":"https:\/\/revistacienciaecultura.org.br\/index.php?rest_route=\/wp\/v2\/posts\/6854\/revisions"}],"predecessor-version":[{"id":6865,"href":"https:\/\/revistacienciaecultura.org.br\/index.php?rest_route=\/wp\/v2\/posts\/6854\/revisions\/6865"}],"wp:featuredmedia":[{"embeddable":true,"href":"https:\/\/revistacienciaecultura.org.br\/index.php?rest_route=\/wp\/v2\/media\/6861"}],"wp:attachment":[{"href":"https:\/\/revistacienciaecultura.org.br\/index.php?rest_route=%2Fwp%2Fv2%2Fmedia&parent=6854"}],"wp:term":[{"taxonomy":"category","embeddable":true,"href":"https:\/\/revistacienciaecultura.org.br\/index.php?rest_route=%2Fwp%2Fv2%2Fcategories&post=6854"},{"taxonomy":"post_tag","embeddable":true,"href":"https:\/\/revistacienciaecultura.org.br\/index.php?rest_route=%2Fwp%2Fv2%2Ftags&post=6854"}],"curies":[{"name":"wp","href":"https:\/\/api.w.org\/{rel}","templated":true}]}}