{"id":6925,"date":"2024-08-19T08:00:22","date_gmt":"2024-08-19T08:00:22","guid":{"rendered":"https:\/\/revistacienciaecultura.org.br\/?p=6925"},"modified":"2024-08-15T14:34:42","modified_gmt":"2024-08-15T14:34:42","slug":"deslocados-ambientais-no-brasil","status":"publish","type":"post","link":"https:\/\/revistacienciaecultura.org.br\/?p=6925","title":{"rendered":"Deslocados ambientais no Brasil"},"content":{"rendered":"<h4 id=\"aquecimento-global-esta-forcando-comunidades-a-abandonarem-suas-terras-e-exacerbando-crises-sociais-e-economicas\"><span style=\"color: #808080;\">Aquecimento global est\u00e1 for\u00e7ando comunidades a abandonarem suas terras e exacerbando crises sociais e econ\u00f4micas <\/span><\/h4>\n<p><em>\u00a0<\/em><\/p>\n<p>As mudan\u00e7as clim\u00e1ticas no Brasil est\u00e3o exacerbando uma s\u00e9rie de crises interligadas, amea\u00e7ando os direitos humanos e intensificando a pobreza e a perda de meios de subsist\u00eancia. \u00c0 medida que eventos clim\u00e1ticos extremos se tornam mais frequentes e severos, as condi\u00e7\u00f5es de vida das comunidades mais vulner\u00e1veis pioram, levando a um aumento significativo de deslocamentos for\u00e7ados.<\/p>\n<p>Estes \u201cdeslocados ambientais\u201d, termo que descreve aqueles que s\u00e3o obrigados a deixar suas casas devido a eventos relacionados ao clima, n\u00e3o s\u00e3o reconhecidos oficialmente pelo direito internacional, complicando a prote\u00e7\u00e3o e assist\u00eancia a essas popula\u00e7\u00f5es. Isso \u00e9 ainda mais complexo quando o deslocamento ocorre dentro do pr\u00f3prio pa\u00eds. \u201cOs nossos deslocados ambientais internos s\u00e3o invis\u00edveis e n\u00e3o recebem prote\u00e7\u00e3o nenhuma. N\u00e3o h\u00e1 nem lei, nem pol\u00edtica p\u00fablica para proteg\u00ea-los\u201d, alerta Andrea Pacheco Pac\u00edfico, professora do Programa de P\u00f3s-Gradua\u00e7\u00e3o em Rela\u00e7\u00f5es Internacionais da Universidade Estadual da Para\u00edba e coordenadora do N\u00facleo de Estudo e Pesquisa sobre Deslocados Ambientais (Nepda).<\/p>\n<p>Al\u00e9m dos deslocamentos diretamente causados por eventos extremos, as mudan\u00e7as clim\u00e1ticas atuam como um \u201cmultiplicador de amea\u00e7as\u201d, intensificando outros fatores de risco, como a pobreza, a perda de recursos e as tens\u00f5es sociais. Isso cria um ambiente prop\u00edcio para conflitos e viol\u00eancia, que, por sua vez, podem gerar novos deslocamentos. \u201cN\u00e3o adianta s\u00f3 voc\u00ea tirar as pessoas e colocar em outro local se voc\u00ea n\u00e3o d\u00e1 condi\u00e7\u00f5es para a sobreviv\u00eancia\u201d, explica Andrea Pac\u00edfico. \u201c\u00c9 preciso dar visibilidade aos deslocados internos por quest\u00f5es ambientais, mesmo que sejam imigrantes ambientais, imigrantes clim\u00e1ticos, n\u00e3o importa a terminologia. O que importa \u00e9 que eles precisam ser protegidos e ser reconhecidos como uma parte vulner\u00e1vel da negocia\u00e7\u00e3o. E tem que advogar para trazer os pr\u00f3prios deslocados para a mesa de negocia\u00e7\u00e3o, para que eles sejam ouvidos\u201d, finaliza.<\/p>\n<p><strong>Ou\u00e7a ao epis\u00f3dio completo:<\/strong><\/p>\n<p><iframe title=\"Spotify Embed: Deslocados ambientais no Brasil\" style=\"border-radius: 12px\" width=\"100%\" height=\"152\" frameborder=\"0\" allowfullscreen allow=\"autoplay; clipboard-write; encrypted-media; fullscreen; picture-in-picture\" loading=\"lazy\" src=\"https:\/\/open.spotify.com\/embed\/episode\/7vHX8D4QKc1K0fPrOWuEQp?si=bc2ed83ef57a47ed&#038;utm_source=oembed\"><\/iframe><\/p>\n","protected":false},"excerpt":{"rendered":"Aquecimento global est\u00e1 for\u00e7ando comunidades a abandonarem suas terras e exacerbando crises&hellip;\n","protected":false},"author":19,"featured_media":6926,"comment_status":"open","ping_status":"open","sticky":false,"template":"","format":"standard","meta":[],"categories":[4],"tags":[],"acf":[],"_links":{"self":[{"href":"https:\/\/revistacienciaecultura.org.br\/index.php?rest_route=\/wp\/v2\/posts\/6925"}],"collection":[{"href":"https:\/\/revistacienciaecultura.org.br\/index.php?rest_route=\/wp\/v2\/posts"}],"about":[{"href":"https:\/\/revistacienciaecultura.org.br\/index.php?rest_route=\/wp\/v2\/types\/post"}],"author":[{"embeddable":true,"href":"https:\/\/revistacienciaecultura.org.br\/index.php?rest_route=\/wp\/v2\/users\/19"}],"replies":[{"embeddable":true,"href":"https:\/\/revistacienciaecultura.org.br\/index.php?rest_route=%2Fwp%2Fv2%2Fcomments&post=6925"}],"version-history":[{"count":2,"href":"https:\/\/revistacienciaecultura.org.br\/index.php?rest_route=\/wp\/v2\/posts\/6925\/revisions"}],"predecessor-version":[{"id":6928,"href":"https:\/\/revistacienciaecultura.org.br\/index.php?rest_route=\/wp\/v2\/posts\/6925\/revisions\/6928"}],"wp:featuredmedia":[{"embeddable":true,"href":"https:\/\/revistacienciaecultura.org.br\/index.php?rest_route=\/wp\/v2\/media\/6926"}],"wp:attachment":[{"href":"https:\/\/revistacienciaecultura.org.br\/index.php?rest_route=%2Fwp%2Fv2%2Fmedia&parent=6925"}],"wp:term":[{"taxonomy":"category","embeddable":true,"href":"https:\/\/revistacienciaecultura.org.br\/index.php?rest_route=%2Fwp%2Fv2%2Fcategories&post=6925"},{"taxonomy":"post_tag","embeddable":true,"href":"https:\/\/revistacienciaecultura.org.br\/index.php?rest_route=%2Fwp%2Fv2%2Ftags&post=6925"}],"curies":[{"name":"wp","href":"https:\/\/api.w.org\/{rel}","templated":true}]}}