{"id":6947,"date":"2024-08-20T07:30:13","date_gmt":"2024-08-20T07:30:13","guid":{"rendered":"https:\/\/revistacienciaecultura.org.br\/?p=6947"},"modified":"2024-08-19T20:18:32","modified_gmt":"2024-08-19T20:18:32","slug":"luta-pela-moratoria-na-mineracao-em-aguas-profundas-ganha-forca","status":"publish","type":"post","link":"https:\/\/revistacienciaecultura.org.br\/?p=6947","title":{"rendered":"Luta pela morat\u00f3ria na minera\u00e7\u00e3o em \u00e1guas profundas ganha for\u00e7a"},"content":{"rendered":"<h4 id=\"mais-paises-se-juntam-ao-apelo-por-uma-moratoria-cautelar-para-proteger-os-oceanos\"><span style=\"color: #808080;\">Mais pa\u00edses se juntam ao apelo por uma morat\u00f3ria cautelar para proteger os oceanos<\/span><\/h4>\n<p>&nbsp;<\/p>\n<p>A 29\u00aa sess\u00e3o da <span style=\"color: #800000;\"><strong><a style=\"color: #800000;\" href=\"https:\/\/www.sgb.gov.br\/international-seabed-authority-isa\">Autoridade Internacional dos Fundos Marinhos<\/a><\/strong><\/span> (ISA, na sigla em ingl\u00eas) encerrou com o apoio de mais cinco pa\u00edses, incluindo dois da Am\u00e9rica Latina, \u00e0 proposta de uma pausa cautelar no in\u00edcio da minera\u00e7\u00e3o em \u00e1guas profundas. Entre os novos apoiadores est\u00e3o \u00c1ustria, Guatemala, Honduras, Malta e Tuvalu, que se juntaram ao grupo de 32 na\u00e7\u00f5es que defendem uma interrup\u00e7\u00e3o preventiva, morat\u00f3ria ou at\u00e9 mesmo a proibi\u00e7\u00e3o da atividade mineradora nos oceanos.<\/p>\n<p>A ISA, uma organiza\u00e7\u00e3o intergovernamental aut\u00f4noma criada pela <span style=\"color: #800000;\"><strong><a style=\"color: #800000;\" href=\"https:\/\/www.un.org\/depts\/los\/convention_agreements\/texts\/unclos\/unclos_e.pdf\">Conven\u00e7\u00e3o das Na\u00e7\u00f5es Unidas sobre o Direito do Mar (CNUDM)<\/a><\/strong><\/span>, tem a responsabilidade de gerir os recursos dos fundos marinhos al\u00e9m das jurisdi\u00e7\u00f5es nacionais. Com 168 estados membros, a entidade se reuniu em Kingston, Jamaica, entre 29 de julho e 2 de agosto de 2024, para discutir, entre outros temas, a proposta de incluir na agenda uma pol\u00edtica geral de prote\u00e7\u00e3o e preserva\u00e7\u00e3o do meio marinho.<\/p>\n<p>Na proposta, Brasil, Chile, Costa Rica, Fran\u00e7a, Alemanha, Irlanda, Palau, Su\u00ed\u00e7a e Vanuatu sublinharam a responsabilidade da ISA em garantir que as atividades nos fundos marinhos sejam conduzidas de acordo com princ\u00edpios s\u00f3lidos de conserva\u00e7\u00e3o, adotando o princ\u00edpio da precau\u00e7\u00e3o e considerando o fundo marinho como patrim\u00f4nio comum da humanidade.<\/p>\n<p>No entanto, devido \u00e0 falta de consenso, v\u00e1rias delega\u00e7\u00f5es expressaram preocupa\u00e7\u00f5es sobre o cronograma, os procedimentos e as implica\u00e7\u00f5es or\u00e7ament\u00e1rias, al\u00e9m da sobreposi\u00e7\u00e3o com outras a\u00e7\u00f5es priorit\u00e1rias, como a elabora\u00e7\u00e3o do regulamento de explora\u00e7\u00e3o miner\u00e1ria. Em fun\u00e7\u00e3o dessas diverg\u00eancias, a quest\u00e3o n\u00e3o foi inclu\u00edda na pauta da pr\u00f3xima reuni\u00e3o da ISA, prevista para julho de 2025.<\/p>\n<p>&nbsp;<\/p>\n<h4 id=\"lideranca\"><strong>Lideran\u00e7a <\/strong><\/h4>\n<p>Um dos destaques da \u00faltima reuni\u00e3o foi a elei\u00e7\u00e3o de Leticia Carvalho para o cargo de secret\u00e1ria-geral da ISA no per\u00edodo de 2025 a 2028. Carvalho, que atualmente ocupa o cargo de coordenadora principal de Assuntos Marinhos e de \u00c1gua Doce do Programa das Na\u00e7\u00f5es Unidas para o Meio Ambiente (PNUMA) em Nair\u00f3bi, Qu\u00eania, venceu com 79 votos de um total de 113, superando o atual secret\u00e1rio-geral, o brit\u00e2nico Michael Lodge, que ocupou o posto por oito anos.<\/p>\n<p>Com um discurso conciliador, Carvalho assumir\u00e1 a dire\u00e7\u00e3o da ISA em 1\u00ba de janeiro de 2025, comprometendo-se a reconstruir a confian\u00e7a na entidade e a promover o di\u00e1logo. Al\u00e9m disso, ela desempenhar\u00e1 um papel ativo na busca por consenso na formula\u00e7\u00e3o de regulamentos para a minera\u00e7\u00e3o em \u00e1guas profundas.<\/p>\n<p>A elei\u00e7\u00e3o de Carvalho \u00e9 hist\u00f3rica, marcando a primeira vez que a ISA ser\u00e1 liderada por uma mulher, cientista e latino-americana, com vasta experi\u00eancia em pol\u00edticas ambientais e desenvolvimento sustent\u00e1vel. A escolha gerou expectativas positivas devido \u00e0 sua representatividade e trajet\u00f3ria.<\/p>\n<p>&nbsp;<\/p>\n<h4 id=\"informacao\"><strong>Informa\u00e7\u00e3o<\/strong><\/h4>\n<p>A falta de informa\u00e7\u00f5es e evid\u00eancias cient\u00edficas sobre os potenciais impactos da minera\u00e7\u00e3o em \u00e1guas profundas, tanto para o funcionamento do oceano quanto para a fauna e os processos naturais, refor\u00e7a a necessidade de cautela. <span style=\"color: #800000;\"><strong><a style=\"color: #800000;\" href=\"https:\/\/www.nature.com\/articles\/s41561-024-01480-8\">Estudos recente<\/a>s<\/strong><\/span>, como um publicado na revista <span style=\"color: #800000;\"><strong><em><a style=\"color: #800000;\" href=\"https:\/\/www.nature.com\/ngeo\/\">Nature Geoscience<\/a><\/em><\/strong><\/span>, apontam para a produ\u00e7\u00e3o de oxig\u00eanio escuro no fundo marinho abissal, coberto por n\u00f3dulos polimet\u00e1licos no Oceano Pac\u00edfico.<\/p>\n<p>Esses n\u00f3dulos, que cont\u00eam cobalto e n\u00edquel, s\u00e3o alvos da ind\u00fastria mineradora para a produ\u00e7\u00e3o de baterias e pain\u00e9is solares, elementos cruciais para a transi\u00e7\u00e3o energ\u00e9tica. \u00c0 medida que o debate sobre a minera\u00e7\u00e3o em \u00e1guas profundas avan\u00e7a, a necessidade de uma abordagem fundamentada em ci\u00eancia e precau\u00e7\u00e3o se torna cada vez mais evidente, com a prote\u00e7\u00e3o dos oceanos e do futuro do planeta em jogo.<\/p>\n<p><span style=\"color: #808080;\"><em>Com informa\u00e7\u00f5es de SciDev.Net<\/em><\/span><\/p>\n<p>&nbsp;<\/p>\n<h6 id=\"capa-freepik-com\">Capa. Freepik.com<\/h6>\n","protected":false},"excerpt":{"rendered":"Mais pa\u00edses se juntam ao apelo por uma morat\u00f3ria cautelar para proteger&hellip;\n","protected":false},"author":19,"featured_media":6948,"comment_status":"open","ping_status":"open","sticky":false,"template":"","format":"standard","meta":[],"categories":[1,2],"tags":[],"acf":[],"_links":{"self":[{"href":"https:\/\/revistacienciaecultura.org.br\/index.php?rest_route=\/wp\/v2\/posts\/6947"}],"collection":[{"href":"https:\/\/revistacienciaecultura.org.br\/index.php?rest_route=\/wp\/v2\/posts"}],"about":[{"href":"https:\/\/revistacienciaecultura.org.br\/index.php?rest_route=\/wp\/v2\/types\/post"}],"author":[{"embeddable":true,"href":"https:\/\/revistacienciaecultura.org.br\/index.php?rest_route=\/wp\/v2\/users\/19"}],"replies":[{"embeddable":true,"href":"https:\/\/revistacienciaecultura.org.br\/index.php?rest_route=%2Fwp%2Fv2%2Fcomments&post=6947"}],"version-history":[{"count":1,"href":"https:\/\/revistacienciaecultura.org.br\/index.php?rest_route=\/wp\/v2\/posts\/6947\/revisions"}],"predecessor-version":[{"id":6949,"href":"https:\/\/revistacienciaecultura.org.br\/index.php?rest_route=\/wp\/v2\/posts\/6947\/revisions\/6949"}],"wp:featuredmedia":[{"embeddable":true,"href":"https:\/\/revistacienciaecultura.org.br\/index.php?rest_route=\/wp\/v2\/media\/6948"}],"wp:attachment":[{"href":"https:\/\/revistacienciaecultura.org.br\/index.php?rest_route=%2Fwp%2Fv2%2Fmedia&parent=6947"}],"wp:term":[{"taxonomy":"category","embeddable":true,"href":"https:\/\/revistacienciaecultura.org.br\/index.php?rest_route=%2Fwp%2Fv2%2Fcategories&post=6947"},{"taxonomy":"post_tag","embeddable":true,"href":"https:\/\/revistacienciaecultura.org.br\/index.php?rest_route=%2Fwp%2Fv2%2Ftags&post=6947"}],"curies":[{"name":"wp","href":"https:\/\/api.w.org\/{rel}","templated":true}]}}