{"id":6966,"date":"2024-08-27T07:30:45","date_gmt":"2024-08-27T07:30:45","guid":{"rendered":"https:\/\/revistacienciaecultura.org.br\/?p=6966"},"modified":"2024-08-26T19:35:46","modified_gmt":"2024-08-26T19:35:46","slug":"sbpc-promove-debates-independencia-inconclusa-em-6-de-setembr","status":"publish","type":"post","link":"https:\/\/revistacienciaecultura.org.br\/?p=6966","title":{"rendered":"SBPC promove debates \u201cIndepend\u00eancia Inconclusa\u201d em 6 de setembro"},"content":{"rendered":"<h4 id=\"em-duas-sessoes-especialistas-e-liderancas-renomadas-do-pais-discutirao-os-genocidios-dos-povos-indigenas-e-da-populacao-negra-no-brasil\" class=\"western\"><span style=\"color: #808080;\">Em duas sess\u00f5es, especialistas e lideran\u00e7as renomadas do Pa\u00eds discutir\u00e3o os genoc\u00eddios dos povos ind\u00edgenas e da popula\u00e7\u00e3o negra no Brasil<\/span><\/h4>\n<p>&nbsp;<\/p>\n<p class=\"western\">Passados dois s\u00e9culos, \u00e9 cada vez mais pertinente nos questionarmos sobre os rumos da t\u00e3o enaltecida independ\u00eancia do Brasil, celebrada oficialmente no dia 7 de setembro. As batalhas travadas por todo o Pa\u00eds para que o Brasil deixasse de ser uma col\u00f4nia portuguesa seguem nas lutas di\u00e1rias das popula\u00e7\u00f5es ind\u00edgenas e negras pela sua perman\u00eancia, pelo seu direito de existir, de prosperar em suas terras, pelo seu direito \u00e0 cidadania e \u00e0 liberdade. Pensando nessas quest\u00f5es, a Sociedade Brasileira para o Progresso da Ci\u00eancia (SBPC) discutir\u00e1 a hist\u00f3ria nacional nunca resolvida no evento \u201cIndepend\u00eancia Inconclusa\u201d, com dois debates a serem realizados no dia 6 de setembro.<\/p>\n<p class=\"western\">\u00c0s 10h, ser\u00e1 discutido o\u00a0<b>\u201cGenoc\u00eddio dos povos ind\u00edgenas\u201d,\u00a0<\/b>com a participa\u00e7\u00e3o de Conrado Hubner, jurista e professor da Universidade de S\u00e3o Paulo (USP); Gersen Baniwa, antrop\u00f3logo e professor da Universidade de Bras\u00edlia (UnB); Valdelice Veron, l\u00edder ind\u00edgena; e Thais Santi, procuradora da Rep\u00fablica. A mesa ser\u00e1 coordenada pelo presidente da SBPC e professor titular da USP, Renato Janine Ribeiro, e pela diretora da entidade e professora-titular da Universidade Federal do Amazonas (UFAM), Marilene Corr\u00eaa.<\/p>\n<p class=\"western\">\u00c0s 16h, o tema\u00a0<b>\u201cO genoc\u00eddio da popula\u00e7\u00e3o negra no Brasil\u201d<\/b>\u00a0ser\u00e1 abordado com a presen\u00e7a de Anielle Franco, ministra da Igualdade Racial (*a confirmar); Fausto Salvadori, diretor de reda\u00e7\u00e3o do Jornal Ponte; Gilvania Maria da Silva, co-fundadora da Coordena\u00e7\u00e3o Nacional de Articula\u00e7\u00e3o das Comunidades Negras Rurais Quilombolas (CONAQ) e lideran\u00e7a quilombola; Luis Eduardo Soares, antrop\u00f3logo e ex-secret\u00e1rio de seguran\u00e7a p\u00fablica; e Preto Zez\u00e9, presidente global da Central \u00danica das Favelas (CUFA). Esta mesa ser\u00e1 coordenada por Renato Janine Ribeiro e pela tamb\u00e9m diretora da entidade e professora em\u00e9rita da UnB, Fernanda Sobral.<\/p>\n<p class=\"western\">Ambos os debates ser\u00e3o transmitidos ao vivo pelo canal da SBPC no YouTube (www.youtube.com\/canalsbpc), e o p\u00fablico poder\u00e1 participar enviando perguntas pelo chat durante as transmiss\u00f5es.<\/p>\n<p class=\"western\"><b>Servi\u00e7o:<\/b><\/p>\n<p class=\"western\">\u201c<b>INDEPEND\u00caNCIA INCONCLUSA\u201d<\/b><\/p>\n<p class=\"western\"><b>10h \u2013 O Genoc\u00eddio dos Povos Ind\u00edgenas<\/b><\/p>\n<p class=\"western\"><b>Participa\u00e7\u00e3o:<\/b>\u00a0Conrado Hubner (Jurista, professor da USP-SP); Gersen Baniwa (Antrop\u00f3logo, professor da UnB); Valdelice Veron (L\u00edder ind\u00edgena) ;e Thais Santi (Procuradora da Rep\u00fablica).<\/p>\n<p class=\"western\"><b>Coordena\u00e7\u00e3o:<\/b>\u00a0Renato Janine Ribeiro (USP\/SBPC); e Marilene Corr\u00eaa (UFAM\/SBPC).<\/p>\n<p class=\"western\"><b>16h \u2013 O Genoc\u00eddio da Popula\u00e7\u00e3o Negra no Brasil<\/b><\/p>\n<p class=\"western\"><b>Participa\u00e7\u00e3o:\u00a0<\/b>Anielle Franco (ministra da Igualdade Racial \u2013\u00a0<i>a confirmar<\/i>*); Fausto Salvadori (Jornal Ponte); Gilvania Maria da Silva (CONAQ, lideran\u00e7a quilombola); Luis Eduardo Soares (antrop\u00f3logo, ex-secret\u00e1rio de seguran\u00e7a p\u00fablica;) e Preto Zez\u00e9 (CUFA).<\/p>\n<p class=\"western\"><b>Coordena\u00e7\u00e3o:<\/b>\u00a0Renato Janine Ribeiro (USP\/SBPC); e Fernanda Sobral (UnB\/SBPC).<\/p>\n<p class=\"western\"><b>Transmiss\u00e3o:\u00a0<\/b><span style=\"color: #800000;\"><strong><a style=\"color: #800000;\" href=\"http:\/\/www.youtube.com\/canalsbpc\" target=\"_blank\" rel=\"noopener\">www.youtube.com\/canalsbpc<\/a><\/strong><\/span>. Perguntas poder\u00e3o ser enviadas pelo chat.<\/p>\n<p class=\"western\"><b>Mais informa\u00e7\u00f5es:<\/b><\/p>\n<p class=\"western\">Para informa\u00e7\u00f5es adicionais sobre os debates \u201cIndepend\u00eancia Inconclusa\u201d e outras atividades da SBPC, acesse www.sbpcnet.org.br; siga a entidade nas redes sociais (@sbpcnet), ou entre em contato pelo e-mail\u00a0<a href=\"mailto:comunicacao@sbpcnet.org.br\" target=\"_blank\" rel=\"noopener\"><span style=\"color: #800000;\"><strong>comunicacao@sbpcnet.org.br<\/strong><\/span><\/a>.<\/p>\n<p class=\"western\"><span style=\"color: #808080;\"><i>Jornal da Ci\u00eancia<\/i><\/span><\/p>\n","protected":false},"excerpt":{"rendered":"Em duas sess\u00f5es, especialistas e lideran\u00e7as renomadas do Pa\u00eds discutir\u00e3o os genoc\u00eddios&hellip;\n","protected":false},"author":19,"featured_media":6967,"comment_status":"open","ping_status":"open","sticky":false,"template":"","format":"standard","meta":[],"categories":[1,2],"tags":[],"acf":[],"_links":{"self":[{"href":"https:\/\/revistacienciaecultura.org.br\/index.php?rest_route=\/wp\/v2\/posts\/6966"}],"collection":[{"href":"https:\/\/revistacienciaecultura.org.br\/index.php?rest_route=\/wp\/v2\/posts"}],"about":[{"href":"https:\/\/revistacienciaecultura.org.br\/index.php?rest_route=\/wp\/v2\/types\/post"}],"author":[{"embeddable":true,"href":"https:\/\/revistacienciaecultura.org.br\/index.php?rest_route=\/wp\/v2\/users\/19"}],"replies":[{"embeddable":true,"href":"https:\/\/revistacienciaecultura.org.br\/index.php?rest_route=%2Fwp%2Fv2%2Fcomments&post=6966"}],"version-history":[{"count":3,"href":"https:\/\/revistacienciaecultura.org.br\/index.php?rest_route=\/wp\/v2\/posts\/6966\/revisions"}],"predecessor-version":[{"id":6970,"href":"https:\/\/revistacienciaecultura.org.br\/index.php?rest_route=\/wp\/v2\/posts\/6966\/revisions\/6970"}],"wp:featuredmedia":[{"embeddable":true,"href":"https:\/\/revistacienciaecultura.org.br\/index.php?rest_route=\/wp\/v2\/media\/6967"}],"wp:attachment":[{"href":"https:\/\/revistacienciaecultura.org.br\/index.php?rest_route=%2Fwp%2Fv2%2Fmedia&parent=6966"}],"wp:term":[{"taxonomy":"category","embeddable":true,"href":"https:\/\/revistacienciaecultura.org.br\/index.php?rest_route=%2Fwp%2Fv2%2Fcategories&post=6966"},{"taxonomy":"post_tag","embeddable":true,"href":"https:\/\/revistacienciaecultura.org.br\/index.php?rest_route=%2Fwp%2Fv2%2Ftags&post=6966"}],"curies":[{"name":"wp","href":"https:\/\/api.w.org\/{rel}","templated":true}]}}