{"id":7036,"date":"2024-09-04T08:00:09","date_gmt":"2024-09-04T08:00:09","guid":{"rendered":"https:\/\/revistacienciaecultura.org.br\/?p=7036"},"modified":"2024-09-17T11:20:11","modified_gmt":"2024-09-17T11:20:11","slug":"a-ciencia-no-combate-as-mudancas-climaticas","status":"publish","type":"post","link":"https:\/\/revistacienciaecultura.org.br\/?p=7036","title":{"rendered":"A ci\u00eancia no combate \u00e0s mudan\u00e7as clim\u00e1ticas"},"content":{"rendered":"<h4 id=\"a-pesquisa-brasileira-na-linha-de-frente-contra-as-mudancas-climaticas\"><span style=\"color: #808080;\">A pesquisa brasileira na linha de frente contra as mudan\u00e7as clim\u00e1ticas<\/span><\/h4>\n<p><em>\u00a0<\/em><\/p>\n<p>As mudan\u00e7as clim\u00e1ticas est\u00e3o intensificando desastres naturais, amea\u00e7ando ecossistemas e colocando em risco comunidades inteiras no Brasil. Eventos como enchentes, secas severas e a degrada\u00e7\u00e3o da Amaz\u00f4nia s\u00e3o sinais alarmantes da urg\u00eancia de a\u00e7\u00e3o. Nesse contexto, a ci\u00eancia brasileira desempenha um papel fundamental na busca por solu\u00e7\u00f5es que mitiguem os impactos dessas transforma\u00e7\u00f5es ambientais.<\/p>\n<p>Pesquisadores brasileiros est\u00e3o na vanguarda da cria\u00e7\u00e3o de tecnologias e estrat\u00e9gias para a adapta\u00e7\u00e3o e mitiga\u00e7\u00e3o dos efeitos clim\u00e1ticos. Desde o desenvolvimento de pr\u00e1ticas agr\u00edcolas sustent\u00e1veis que reduzem emiss\u00f5es de gases de efeito estufa, at\u00e9 a restaura\u00e7\u00e3o de florestas e a conserva\u00e7\u00e3o da biodiversidade, a ci\u00eancia oferece caminhos concretos para a prote\u00e7\u00e3o dos recursos naturais e das popula\u00e7\u00f5es vulner\u00e1veis. Al\u00e9m disso, a ci\u00eancia \u00e9 crucial para a formula\u00e7\u00e3o e implementa\u00e7\u00e3o de pol\u00edticas p\u00fablicas que visem a um futuro sustent\u00e1vel. \u201cA ci\u00eancia \u00e9 chave para encontrar os melhores caminhos desta adapta\u00e7\u00e3o e os melhores caminhos para minimizar os danos socioecon\u00f4micos que as mudan\u00e7as clim\u00e1ticas est\u00e3o fazendo e v\u00e3o fazer ainda mais na nossa sociedade\u201d, afirma Paulo Artaxo, professor do Departamento de F\u00edsica Aplicada do Instituto de F\u00edsica da Universidade de S\u00e3o Paulo (USP), membro titular do Painel Intergovernamental de Mudan\u00e7as Clim\u00e1ticas (IPCC) e vice-presidente da Sociedade Brasileira para o Progresso da Ci\u00eancia (SBPC).<\/p>\n<p>A educa\u00e7\u00e3o e o engajamento da popula\u00e7\u00e3o s\u00e3o essenciais para combater as mudan\u00e7as clim\u00e1ticas. \u201cA educa\u00e7\u00e3o, ci\u00eancia e tecnologia devem ter uma bandeira \u00fanica para conseguirmos avan\u00e7ar nas coisas desse pa\u00eds, sen\u00e3o acabamos sendo um pa\u00eds de fragmentos\u201d, defende Aline Meiguins, professora do Instituto de Geoci\u00eancia da Universidade Federal do Par\u00e1 (UFPA). Ao informar e envolver a sociedade, a ci\u00eancia contribui para mobilizar a\u00e7\u00f5es coletivas e promover mudan\u00e7as de comportamento que, somadas, podem ter um impacto significativo.<\/p>\n<p>O compromisso do Brasil com o Acordo de Paris e outras iniciativas internacionais refletem a import\u00e2ncia de integrar o conhecimento cient\u00edfico nas decis\u00f5es pol\u00edticas e no cotidiano das pessoas. Somente com o apoio cont\u00ednuo \u00e0 pesquisa e a valoriza\u00e7\u00e3o da ci\u00eancia ser\u00e1 poss\u00edvel enfrentar os desafios impostos pelas mudan\u00e7as clim\u00e1ticas e garantir um futuro mais seguro e sustent\u00e1vel para todos. \u201cPorque \u00e9 a ci\u00eancia que fornece informa\u00e7\u00f5es precisas, baseadas em evid\u00eancias, sobre os impactos das mudan\u00e7as clim\u00e1ticas e as solu\u00e7\u00f5es poss\u00edveis para isso\u201d, pontua Alice Marle Grim, professora do Departamento de F\u00edsica da Universidade Federal do Paran\u00e1 (UFPR), onde lidera o Grupo de Meteorologia.<\/p>\n<p>&nbsp;<\/p>\n<p><strong>Assista ao v\u00eddeo:<\/strong><\/p>\n<p><iframe loading=\"lazy\" title=\"A ci\u00eancia no combate \u00e0s mudan\u00e7as clim\u00e1ticas\" width=\"1200\" height=\"900\" src=\"https:\/\/www.youtube.com\/embed\/XWU9hIb6kX8?feature=oembed\" frameborder=\"0\" allow=\"accelerometer; autoplay; clipboard-write; encrypted-media; gyroscope; picture-in-picture; web-share\" referrerpolicy=\"strict-origin-when-cross-origin\" allowfullscreen><\/iframe><\/p>\n","protected":false},"excerpt":{"rendered":"A pesquisa brasileira na linha de frente contra as mudan\u00e7as clim\u00e1ticas \u00a0&hellip;\n","protected":false},"author":19,"featured_media":7037,"comment_status":"open","ping_status":"open","sticky":false,"template":"","format":"standard","meta":[],"categories":[5],"tags":[],"acf":[],"_links":{"self":[{"href":"https:\/\/revistacienciaecultura.org.br\/index.php?rest_route=\/wp\/v2\/posts\/7036"}],"collection":[{"href":"https:\/\/revistacienciaecultura.org.br\/index.php?rest_route=\/wp\/v2\/posts"}],"about":[{"href":"https:\/\/revistacienciaecultura.org.br\/index.php?rest_route=\/wp\/v2\/types\/post"}],"author":[{"embeddable":true,"href":"https:\/\/revistacienciaecultura.org.br\/index.php?rest_route=\/wp\/v2\/users\/19"}],"replies":[{"embeddable":true,"href":"https:\/\/revistacienciaecultura.org.br\/index.php?rest_route=%2Fwp%2Fv2%2Fcomments&post=7036"}],"version-history":[{"count":2,"href":"https:\/\/revistacienciaecultura.org.br\/index.php?rest_route=\/wp\/v2\/posts\/7036\/revisions"}],"predecessor-version":[{"id":7085,"href":"https:\/\/revistacienciaecultura.org.br\/index.php?rest_route=\/wp\/v2\/posts\/7036\/revisions\/7085"}],"wp:featuredmedia":[{"embeddable":true,"href":"https:\/\/revistacienciaecultura.org.br\/index.php?rest_route=\/wp\/v2\/media\/7037"}],"wp:attachment":[{"href":"https:\/\/revistacienciaecultura.org.br\/index.php?rest_route=%2Fwp%2Fv2%2Fmedia&parent=7036"}],"wp:term":[{"taxonomy":"category","embeddable":true,"href":"https:\/\/revistacienciaecultura.org.br\/index.php?rest_route=%2Fwp%2Fv2%2Fcategories&post=7036"},{"taxonomy":"post_tag","embeddable":true,"href":"https:\/\/revistacienciaecultura.org.br\/index.php?rest_route=%2Fwp%2Fv2%2Ftags&post=7036"}],"curies":[{"name":"wp","href":"https:\/\/api.w.org\/{rel}","templated":true}]}}