{"id":7040,"date":"2024-09-03T07:30:40","date_gmt":"2024-09-03T07:30:40","guid":{"rendered":"https:\/\/revistacienciaecultura.org.br\/?p=7040"},"modified":"2024-09-02T19:24:51","modified_gmt":"2024-09-02T19:24:51","slug":"sbpc-promove-debates-independencia-inconclusa-nesta-sexta-feira","status":"publish","type":"post","link":"https:\/\/revistacienciaecultura.org.br\/?p=7040","title":{"rendered":"SBPC promove debates \u201cIndepend\u00eancia Inconclusa\u201d nesta sexta-feira"},"content":{"rendered":"<h4 id=\"em-duas-sessoes-especialistas-e-liderancas-renomadas-do-pais-discutirao-os-genocidios-dos-povos-indigenas-e-da-populacao-negra-no-brasil-as-atividades-serao-no-dia-6-de-setembro-as-10h-e-16h-com-t\"><span style=\"color: #808080;\">Em duas sess\u00f5es, especialistas e lideran\u00e7as renomadas do Pa\u00eds discutir\u00e3o os genoc\u00eddios dos povos ind\u00edgenas e da popula\u00e7\u00e3o negra no Brasil. As atividades ser\u00e3o no dia 6 de setembro, \u00e0s 10h e 16h, com transmiss\u00e3o ao vivo pelo canal da SBPC no YouTube.<\/span><\/h4>\n<p>&nbsp;<\/p>\n<p>Passados dois s\u00e9culos, \u00e9 cada vez mais pertinente nos questionarmos sobre os rumos da t\u00e3o enaltecida independ\u00eancia do Brasil, celebrada oficialmente no dia 7 de setembro. As batalhas travadas por todo o Pa\u00eds para que o Brasil deixasse de ser uma col\u00f4nia portuguesa seguem nas lutas di\u00e1rias das popula\u00e7\u00f5es ind\u00edgenas e negras pela sua perman\u00eancia, pelo seu direito de existir, de prosperar em suas terras, pelo seu direito \u00e0 cidadania e \u00e0 liberdade. Pensando nessas quest\u00f5es, a Sociedade Brasileira para o Progresso da Ci\u00eancia (SBPC) discutir\u00e1 a hist\u00f3ria nacional nunca resolvida no evento \u201cIndepend\u00eancia Inconclusa\u201d, com dois debates a serem realizados nesta sexta-feira, dia 6 de setembro.<\/p>\n<p>\u00c0s 10h, ser\u00e1 discutido o\u00a0<strong>\u201cGenoc\u00eddio dos povos ind\u00edgenas\u201d,\u00a0<\/strong>com a participa\u00e7\u00e3o de Conrado Hubner, jurista e professor da Universidade de S\u00e3o Paulo (USP); Gersen Baniwa, antrop\u00f3logo e professor da Universidade de Bras\u00edlia (UnB); Valdelice Veron, l\u00edder ind\u00edgena; e Thais Santi, procuradora da Rep\u00fablica. A mesa ser\u00e1 coordenada pelo presidente da SBPC e professor titular da USP, Renato Janine Ribeiro, e pela diretora da entidade e professora-titular da Universidade Federal do Amazonas (UFAM), Marilene Corr\u00eaa.<\/p>\n<p>\u00c0s 16h, o tema\u00a0<strong>\u201cO genoc\u00eddio da popula\u00e7\u00e3o negra no Brasil\u201d<\/strong>\u00a0ser\u00e1 abordado com a presen\u00e7a de Anielle Franco, ministra da Igualdade Racial (*a confirmar); Fausto Salvadori, diretor de reda\u00e7\u00e3o do Jornal Ponte; Gilvania Maria da Silva, co-fundadora da Coordena\u00e7\u00e3o Nacional de Articula\u00e7\u00e3o das Comunidades Negras Rurais Quilombolas (CONAQ) e lideran\u00e7a quilombola; Luis Eduardo Soares, antrop\u00f3logo e ex-secret\u00e1rio de seguran\u00e7a p\u00fablica; e Preto Zez\u00e9, presidente global da Central \u00danica das Favelas (CUFA). Esta mesa ser\u00e1 coordenada por Renato Janine Ribeiro e pela tamb\u00e9m diretora da entidade e professora em\u00e9rita da UnB, Fernanda Sobral.<\/p>\n<p>Ambos os debates ser\u00e3o transmitidos ao vivo pelo canal da SBPC no YouTube (www.youtube.com\/canalsbpc), e o p\u00fablico poder\u00e1 participar enviando perguntas pelo chat durante as transmiss\u00f5es.<\/p>\n<h4 id=\"\"><\/h4>\n<h4 id=\"servico\"><strong>Servi\u00e7o:<\/strong><\/h4>\n<p>\u201c<strong>INDEPEND\u00caNCIA INCONCLUSA\u201d<\/strong><\/p>\n<p><strong>10h \u2013 O Genoc\u00eddio dos Povos Ind\u00edgenas<\/strong><\/p>\n<p><strong>Participa\u00e7\u00e3o:<\/strong>\u00a0Conrado Hubner (Jurista, professor da USP-SP); Gersen Baniwa (Antrop\u00f3logo, professor da UnB); Valdelice Veron (L\u00edder ind\u00edgena); e Thais Santi (Procuradora da Rep\u00fablica).<\/p>\n<p><strong>Coordena\u00e7\u00e3o:<\/strong>\u00a0Renato Janine Ribeiro (USP\/SBPC); e Marilene Corr\u00eaa (UFAM\/SBPC).<\/p>\n<p><strong>16h \u2013 O Genoc\u00eddio da Popula\u00e7\u00e3o Negra no Brasil<\/strong><\/p>\n<p><strong>Participa\u00e7\u00e3o:\u00a0<\/strong>Anielle Franco (ministra da Igualdade Racial \u2013\u00a0<em>a confirmar<\/em>*); Fausto Salvadori (Jornal Ponte); Gilvania Maria da Silva (CONAQ, lideran\u00e7a quilombola); Luis Eduardo Soares (antrop\u00f3logo, ex-secret\u00e1rio de seguran\u00e7a p\u00fablica;) e Preto Zez\u00e9 (CUFA).<\/p>\n<p><strong>Coordena\u00e7\u00e3o:<\/strong>\u00a0Renato Janine Ribeiro (USP\/SBPC); e Fernanda Sobral (UnB\/SBPC).<\/p>\n<p><strong>Transmiss\u00e3o:<span style=\"color: #800000;\">\u00a0<\/span><\/strong><a href=\"http:\/\/www.youtube.com\/canalsbpc\"><span style=\"color: #800000;\"><strong>www.youtube.com\/canalsbpc<\/strong><\/span><\/a>. Perguntas poder\u00e3o ser enviadas pelo chat.<\/p>\n<p><strong>Mais informa\u00e7\u00f5es:<\/strong><\/p>\n<p>Para informa\u00e7\u00f5es adicionais sobre os debates \u201cIndepend\u00eancia Inconclusa\u201d e outras atividades da SBPC, acesse www.sbpcnet.org.br; siga a entidade nas redes sociais (@sbpcnet), ou entre em contato pelo e-mail\u00a0<a href=\"mailto:comunicacao@sbpcnet.org.br\"><span style=\"color: #800000;\"><strong>comunicacao@sbpcnet.org.br<\/strong><\/span><\/a>.<\/p>\n<p><span style=\"color: #808080;\"><em>Jornal da Ci\u00eancia<\/em><\/span><\/p>\n","protected":false},"excerpt":{"rendered":"Em duas sess\u00f5es, especialistas e lideran\u00e7as renomadas do Pa\u00eds discutir\u00e3o os genoc\u00eddios&hellip;\n","protected":false},"author":19,"featured_media":7042,"comment_status":"open","ping_status":"open","sticky":false,"template":"","format":"standard","meta":[],"categories":[1,2],"tags":[],"acf":[],"_links":{"self":[{"href":"https:\/\/revistacienciaecultura.org.br\/index.php?rest_route=\/wp\/v2\/posts\/7040"}],"collection":[{"href":"https:\/\/revistacienciaecultura.org.br\/index.php?rest_route=\/wp\/v2\/posts"}],"about":[{"href":"https:\/\/revistacienciaecultura.org.br\/index.php?rest_route=\/wp\/v2\/types\/post"}],"author":[{"embeddable":true,"href":"https:\/\/revistacienciaecultura.org.br\/index.php?rest_route=\/wp\/v2\/users\/19"}],"replies":[{"embeddable":true,"href":"https:\/\/revistacienciaecultura.org.br\/index.php?rest_route=%2Fwp%2Fv2%2Fcomments&post=7040"}],"version-history":[{"count":2,"href":"https:\/\/revistacienciaecultura.org.br\/index.php?rest_route=\/wp\/v2\/posts\/7040\/revisions"}],"predecessor-version":[{"id":7043,"href":"https:\/\/revistacienciaecultura.org.br\/index.php?rest_route=\/wp\/v2\/posts\/7040\/revisions\/7043"}],"wp:featuredmedia":[{"embeddable":true,"href":"https:\/\/revistacienciaecultura.org.br\/index.php?rest_route=\/wp\/v2\/media\/7042"}],"wp:attachment":[{"href":"https:\/\/revistacienciaecultura.org.br\/index.php?rest_route=%2Fwp%2Fv2%2Fmedia&parent=7040"}],"wp:term":[{"taxonomy":"category","embeddable":true,"href":"https:\/\/revistacienciaecultura.org.br\/index.php?rest_route=%2Fwp%2Fv2%2Fcategories&post=7040"},{"taxonomy":"post_tag","embeddable":true,"href":"https:\/\/revistacienciaecultura.org.br\/index.php?rest_route=%2Fwp%2Fv2%2Ftags&post=7040"}],"curies":[{"name":"wp","href":"https:\/\/api.w.org\/{rel}","templated":true}]}}