{"id":7081,"date":"2024-09-17T07:30:39","date_gmt":"2024-09-17T07:30:39","guid":{"rendered":"https:\/\/revistacienciaecultura.org.br\/?p=7081"},"modified":"2024-09-16T19:40:49","modified_gmt":"2024-09-16T19:40:49","slug":"terra-caminha-para-recuperacao-da-camada-de-ozonio","status":"publish","type":"post","link":"https:\/\/revistacienciaecultura.org.br\/?p=7081","title":{"rendered":"Terra caminha para recupera\u00e7\u00e3o da camada de oz\u00f4nio"},"content":{"rendered":"<div class=\"flex max-w-full flex-col flex-grow\">\n<div class=\"min-h-[20px] text-message flex w-full flex-col items-end gap-2 whitespace-normal break-words [.text-message+&amp;]:mt-5\" dir=\"auto\" data-message-author-role=\"assistant\" data-message-id=\"01259bf6-4cae-4362-9303-a6ca71168bb9\">\n<div class=\"flex w-full flex-col gap-1 empty:hidden first:pt-[3px]\">\n<div class=\"markdown prose w-full break-words dark:prose-invert light\">\n<h4 id=\"onu-destaca-os-avancos-do-protocolo-de-montreal-que-ja-reduziu-substancias-nocivas-a-camada-de-ozonio-e-reforca-a-importancia-da-cooperacao-internacional-na-preservacao-ambiental-e-combate-as-mudanca\"><span style=\"color: #808080;\">ONU destaca os avan\u00e7os do Protocolo de Montreal, que j\u00e1 reduziu subst\u00e2ncias nocivas \u00e0 camada de oz\u00f4nio e refor\u00e7a a import\u00e2ncia da coopera\u00e7\u00e3o internacional na preserva\u00e7\u00e3o ambiental e combate \u00e0s mudan\u00e7as clim\u00e1ticas.<\/span><\/h4>\n<\/div>\n<\/div>\n<\/div>\n<\/div>\n<div class=\"mt-1 flex gap-3 empty:hidden -ml-2\">\n<div class=\"items-center justify-start rounded-xl p-1 flex\">\n<div class=\"flex items-center\">\n<p>&nbsp;<\/p>\n<p>Neste 16 de setembro, o Dia Mundial do Oz\u00f4nio, o secret\u00e1rio-geral das Na\u00e7\u00f5es Unidas, Ant\u00f3nio Guterres, fez um apelo global para que a humanidade &#8220;fa\u00e7a as pazes&#8221; com o planeta. Guterres destacou o sucesso do Protocolo de Montreal como exemplo do que a coopera\u00e7\u00e3o internacional pode alcan\u00e7ar e convocou o mundo a continuar se engajando em prol do meio ambiente.<\/p>\n<p>A data tamb\u00e9m trouxe a publica\u00e7\u00e3o do boletim anual da Organiza\u00e7\u00e3o Meteorol\u00f3gica Mundial (OMM), que apresenta o estado atual da camada de oz\u00f4nio e as medidas necess\u00e1rias para proteger a sa\u00fade humana e o meio ambiente da radia\u00e7\u00e3o ultravioleta. O relat\u00f3rio de 2023 analisa o impacto das condi\u00e7\u00f5es meteorol\u00f3gicas e de uma grande erup\u00e7\u00e3o vulc\u00e2nica no buraco de oz\u00f4nio da Ant\u00e1rtida, ressaltando um &#8220;caminho de recupera\u00e7\u00e3o em longo prazo.&#8221;<\/p>\n<p>O estudo mostra que as quantidades de cloro e bromo, subst\u00e2ncias que destroem a camada de oz\u00f4nio, continuam a diminuir na atmosfera. Al\u00e9m de prejudicarem o escudo protetor da Terra, esses gases tamb\u00e9m contribuem para o efeito estufa, e sua elimina\u00e7\u00e3o gradual tem sido ben\u00e9fica para o clima global.<\/p>\n<p>Apesar dos avan\u00e7os, o estudo enfatiza a necessidade de monitoramento constante e alerta contra a complac\u00eancia. Mantendo-se as pol\u00edticas atuais, a expectativa \u00e9 de que a camada de oz\u00f4nio sobre a Ant\u00e1rtida retorne aos n\u00edveis de 1980 at\u00e9 2066. No \u00c1rtico, isso deve ocorrer at\u00e9 2045, enquanto o restante do mundo poder\u00e1 ver a recupera\u00e7\u00e3o completa at\u00e9 2040.<\/p>\n<p>Desde 2000, o buraco de oz\u00f4nio da Ant\u00e1rtida tem mostrado uma lenta, por\u00e9m constante, melhora em \u00e1rea e profundidade, de acordo com uma avalia\u00e7\u00e3o cient\u00edfica apoiada pelo Programa das Na\u00e7\u00f5es Unidas para o Meio Ambiente (Pnuma) e pela OMM.<\/p>\n<p>O Protocolo de Montreal, celebrado no Dia Mundial do Oz\u00f4nio, \u00e9 considerado o tratado ambiental de maior sucesso na hist\u00f3ria, tendo promovido a elimina\u00e7\u00e3o de subst\u00e2ncias nocivas \u00e0 camada de oz\u00f4nio. O tema deste ano, &#8220;Protocolo de Montreal: Promovendo a A\u00e7\u00e3o Clim\u00e1tica&#8221;, refor\u00e7a a liga\u00e7\u00e3o entre a preserva\u00e7\u00e3o do oz\u00f4nio e o combate \u00e0s mudan\u00e7as clim\u00e1ticas.<\/p>\n<p>Inger Andersen, diretora executiva do Pnuma, destacou o impacto positivo do tratado, enquanto Matt Tully, presidente do Grupo Consultivo Cient\u00edfico da OMM sobre Oz\u00f4nio e Radia\u00e7\u00e3o Solar UV, refor\u00e7ou que a ci\u00eancia de alta qualidade sempre foi um dos pilares do Protocolo de Montreal.<\/p>\n<p><span style=\"color: #808080;\"><em>Com informa\u00e7\u00f5es de <a style=\"color: #808080;\" href=\"https:\/\/news.un.org\/\" target=\"_blank\" rel=\"noopener\">ONU News<\/a><\/em><\/span><\/p>\n<\/div>\n<p>&nbsp;<\/p>\n<h6 id=\"capa-nasa-reproducao\">Capa. Nasa. Reprodu\u00e7\u00e3o<\/h6>\n<\/div>\n<\/div>\n","protected":false},"excerpt":{"rendered":"ONU destaca os avan\u00e7os do Protocolo de Montreal, que j\u00e1 reduziu subst\u00e2ncias&hellip;\n","protected":false},"author":19,"featured_media":7082,"comment_status":"open","ping_status":"open","sticky":false,"template":"","format":"standard","meta":[],"categories":[1,2],"tags":[],"acf":[],"_links":{"self":[{"href":"https:\/\/revistacienciaecultura.org.br\/index.php?rest_route=\/wp\/v2\/posts\/7081"}],"collection":[{"href":"https:\/\/revistacienciaecultura.org.br\/index.php?rest_route=\/wp\/v2\/posts"}],"about":[{"href":"https:\/\/revistacienciaecultura.org.br\/index.php?rest_route=\/wp\/v2\/types\/post"}],"author":[{"embeddable":true,"href":"https:\/\/revistacienciaecultura.org.br\/index.php?rest_route=\/wp\/v2\/users\/19"}],"replies":[{"embeddable":true,"href":"https:\/\/revistacienciaecultura.org.br\/index.php?rest_route=%2Fwp%2Fv2%2Fcomments&post=7081"}],"version-history":[{"count":2,"href":"https:\/\/revistacienciaecultura.org.br\/index.php?rest_route=\/wp\/v2\/posts\/7081\/revisions"}],"predecessor-version":[{"id":7084,"href":"https:\/\/revistacienciaecultura.org.br\/index.php?rest_route=\/wp\/v2\/posts\/7081\/revisions\/7084"}],"wp:featuredmedia":[{"embeddable":true,"href":"https:\/\/revistacienciaecultura.org.br\/index.php?rest_route=\/wp\/v2\/media\/7082"}],"wp:attachment":[{"href":"https:\/\/revistacienciaecultura.org.br\/index.php?rest_route=%2Fwp%2Fv2%2Fmedia&parent=7081"}],"wp:term":[{"taxonomy":"category","embeddable":true,"href":"https:\/\/revistacienciaecultura.org.br\/index.php?rest_route=%2Fwp%2Fv2%2Fcategories&post=7081"},{"taxonomy":"post_tag","embeddable":true,"href":"https:\/\/revistacienciaecultura.org.br\/index.php?rest_route=%2Fwp%2Fv2%2Ftags&post=7081"}],"curies":[{"name":"wp","href":"https:\/\/api.w.org\/{rel}","templated":true}]}}