{"id":7098,"date":"2024-09-23T08:00:37","date_gmt":"2024-09-23T08:00:37","guid":{"rendered":"https:\/\/revistacienciaecultura.org.br\/?p=7098"},"modified":"2024-09-20T13:22:32","modified_gmt":"2024-09-20T13:22:32","slug":"mudancas-climaticas-o-futuro-do-brasil","status":"publish","type":"post","link":"https:\/\/revistacienciaecultura.org.br\/?p=7098","title":{"rendered":"Mudan\u00e7as clim\u00e1ticas: o futuro do Brasil"},"content":{"rendered":"<h4 id=\"pais-enfrenta-a-necessidade-de-adotar-medidas-imediatas-e-exemplares-para-mitigar-os-danos-proteger-seus-ecossistemas-e-liderar-a-luta-global-contra-as-mudancas-climaticas\"><span style=\"color: #808080;\">Pa\u00eds enfrenta a necessidade de adotar medidas imediatas e exemplares para mitigar os danos, proteger seus ecossistemas e liderar a luta global contra as mudan\u00e7as clim\u00e1ticas<\/span><\/h4>\n<p>&nbsp;<\/p>\n<p>O Brasil j\u00e1 sente os efeitos das mudan\u00e7as clim\u00e1ticas por meio de eventos extremos, como secas prolongadas, enchentes devastadoras e a intensifica\u00e7\u00e3o de desastres naturais. Esses fen\u00f4menos n\u00e3o apenas amea\u00e7am ecossistemas cruciais, como a Amaz\u00f4nia e o Pantanal, mas tamb\u00e9m colocam em risco comunidades inteiras, a seguran\u00e7a alimentar e a economia do pa\u00eds. Ignorar a urg\u00eancia dessas quest\u00f5es trar\u00e1 graves consequ\u00eancias ambientais e socioecon\u00f4micas.<\/p>\n<p>Agir agora \u00e9 essencial para mitigar os danos e garantir um futuro sustent\u00e1vel. O Brasil, por possuir uma das maiores biodiversidades do mundo e vastos recursos naturais, tem um papel crucial no combate \u00e0s mudan\u00e7as clim\u00e1ticas. \u201cO Brasil \u00e9 um pa\u00eds central na quest\u00e3o das mudan\u00e7as clim\u00e1ticas globais\u201d, afirma Paulo Artaxo, professor do Departamento de F\u00edsica Aplicada do Instituto de F\u00edsica da Universidade de S\u00e3o Paulo (USP), membro titular do Painel Intergovernamental de Mudan\u00e7as Clim\u00e1ticas (IPCC) e vice-presidente da Sociedade Brasileira para o Progresso da Ci\u00eancia (SBPC). A lideran\u00e7a do pa\u00eds, ao adotar e implementar a\u00e7\u00f5es exemplares, pode servir de inspira\u00e7\u00e3o para que outras na\u00e7\u00f5es se comprometam com esfor\u00e7os globais mais ambiciosos.<\/p>\n<p>No entanto, o Brasil continua distante de alcan\u00e7ar metas clim\u00e1ticas eficazes. \u201cTemos solu\u00e7\u00f5es para os problemas. A quest\u00e3o \u00e9 se essas solu\u00e7\u00f5es chegar\u00e3o onde devem chegar e a quem devem chegar de fato\u201d, pontua Marcos Castro, professor do Departamento de Geografia e do Programa de P\u00f3s-gradua\u00e7\u00e3o em Geografia da Universidade Federal do Amazonas (Ufam). A ado\u00e7\u00e3o de pol\u00edticas p\u00fablicas que promovam energias renov\u00e1veis, preserva\u00e7\u00e3o ambiental e pr\u00e1ticas agr\u00edcolas sustent\u00e1veis \u00e9 urgente. Al\u00e9m disso, \u00e9 vital que a popula\u00e7\u00e3o seja informada e engajada nessa luta, pois a mobiliza\u00e7\u00e3o coletiva \u00e9 um dos pilares para a transforma\u00e7\u00e3o necess\u00e1ria.<\/p>\n<p>O Brasil precisa adotar medidas eficazes para combater as mudan\u00e7as clim\u00e1ticas, tanto em \u00e2mbito nacional quanto internacional. Somente atrav\u00e9s de a\u00e7\u00f5es concretas e uma postura de lideran\u00e7a global ser\u00e1 poss\u00edvel assegurar um futuro sustent\u00e1vel para as pr\u00f3ximas gera\u00e7\u00f5es. \u201cAs mudan\u00e7as clim\u00e1ticas s\u00e3o o maior desafio que a humanidade tem hoje pela frente\u201d, aponta Rafael Amaral Shayani, professor do Departamento de Engenharia El\u00e9trica da Universidade de Bras\u00edlia (UnB). \u201cO Brasil e v\u00e1rios pa\u00edses do mundo precisam fazer uma mudan\u00e7a de forma urgente\u201d, conclui.<\/p>\n<p><strong>Assista ao v\u00eddeo:<\/strong><\/p>\n<p><iframe loading=\"lazy\" title=\"Mudan\u00e7as clim\u00e1ticas: o futuro do Brasil\" width=\"1200\" height=\"675\" src=\"https:\/\/www.youtube.com\/embed\/8CSRoxEU1e0?feature=oembed\" frameborder=\"0\" allow=\"accelerometer; autoplay; clipboard-write; encrypted-media; gyroscope; picture-in-picture; web-share\" referrerpolicy=\"strict-origin-when-cross-origin\" allowfullscreen><\/iframe><\/p>\n","protected":false},"excerpt":{"rendered":"Pa\u00eds enfrenta a necessidade de adotar medidas imediatas e exemplares para mitigar&hellip;\n","protected":false},"author":19,"featured_media":7099,"comment_status":"open","ping_status":"open","sticky":false,"template":"","format":"standard","meta":[],"categories":[5],"tags":[],"acf":[],"_links":{"self":[{"href":"https:\/\/revistacienciaecultura.org.br\/index.php?rest_route=\/wp\/v2\/posts\/7098"}],"collection":[{"href":"https:\/\/revistacienciaecultura.org.br\/index.php?rest_route=\/wp\/v2\/posts"}],"about":[{"href":"https:\/\/revistacienciaecultura.org.br\/index.php?rest_route=\/wp\/v2\/types\/post"}],"author":[{"embeddable":true,"href":"https:\/\/revistacienciaecultura.org.br\/index.php?rest_route=\/wp\/v2\/users\/19"}],"replies":[{"embeddable":true,"href":"https:\/\/revistacienciaecultura.org.br\/index.php?rest_route=%2Fwp%2Fv2%2Fcomments&post=7098"}],"version-history":[{"count":3,"href":"https:\/\/revistacienciaecultura.org.br\/index.php?rest_route=\/wp\/v2\/posts\/7098\/revisions"}],"predecessor-version":[{"id":7133,"href":"https:\/\/revistacienciaecultura.org.br\/index.php?rest_route=\/wp\/v2\/posts\/7098\/revisions\/7133"}],"wp:featuredmedia":[{"embeddable":true,"href":"https:\/\/revistacienciaecultura.org.br\/index.php?rest_route=\/wp\/v2\/media\/7099"}],"wp:attachment":[{"href":"https:\/\/revistacienciaecultura.org.br\/index.php?rest_route=%2Fwp%2Fv2%2Fmedia&parent=7098"}],"wp:term":[{"taxonomy":"category","embeddable":true,"href":"https:\/\/revistacienciaecultura.org.br\/index.php?rest_route=%2Fwp%2Fv2%2Fcategories&post=7098"},{"taxonomy":"post_tag","embeddable":true,"href":"https:\/\/revistacienciaecultura.org.br\/index.php?rest_route=%2Fwp%2Fv2%2Ftags&post=7098"}],"curies":[{"name":"wp","href":"https:\/\/api.w.org\/{rel}","templated":true}]}}