{"id":7152,"date":"2024-09-24T07:30:47","date_gmt":"2024-09-24T07:30:47","guid":{"rendered":"https:\/\/revistacienciaecultura.org.br\/?p=7152"},"modified":"2024-09-23T19:10:30","modified_gmt":"2024-09-23T19:10:30","slug":"sbpc-e-abc-realizam-sessao-do-forum-da-educacao-superior","status":"publish","type":"post","link":"https:\/\/revistacienciaecultura.org.br\/?p=7152","title":{"rendered":"SBPC e ABC realizam sess\u00e3o do F\u00f3rum da Educa\u00e7\u00e3o Superior"},"content":{"rendered":"<h4 id=\"com-o-tema-a-relevancia-global-da-universidade-extensao-universitaria-e-inovacao-e-possivel-acompanhar-a-transmissao-pelo-canal-da-abc-no-youtube-nesta-terca-feira-24-de-setembro\"><span style=\"color: #808080;\">Com o tema \u201cA relev\u00e2ncia global da universidade, extens\u00e3o universit\u00e1ria e inova\u00e7\u00e3o\u201d, \u00e9 poss\u00edvel acompanhar a transmiss\u00e3o pelo canal da ABC no YouTube nesta ter\u00e7a-feira, 24 de setembro, a partir das 16h<\/span><\/h4>\n<p>&nbsp;<\/p>\n<p>A Academia Brasileira de Ci\u00eancias (ABC) e a Sociedade Brasileira para o Progresso da Ci\u00eancia (SBPC) apresentar\u00e3o no dia 24 de setembro mais uma sess\u00e3o do F\u00f3rum da Educa\u00e7\u00e3o Superior.\u00a0 Com o tema \u201cA relev\u00e2ncia global da universidade, extens\u00e3o universit\u00e1ria e inova\u00e7\u00e3o\u201d, o evento contar\u00e1 com a participa\u00e7\u00e3o de Ado J\u00f3rio de Vasconcelos, professor titular no Departamento de F\u00edsica da Universidade Federal de Minas Gerais (UFMG), e Alvaro Toubes Prata, diretor-presidente da Empresa Brasileira de Pesquisa e Inova\u00e7\u00e3o Industrial (Embrapii).<\/p>\n<h4 id=\"confira-os-palestrantes\"><strong>Confira os palestrantes:<\/strong><\/h4>\n<p><strong>Ado J\u00f3rio Vasconcelos (UFMG)<\/strong><\/p>\n<p>Professor Titular no Departamento de F\u00edsica da Universidade Federal de Minas Gerais, trabalha com pesquisa e desenvolvimento de instrumenta\u00e7\u00e3o cient\u00edfica em \u00f3ptica para o estudo de nanoestruturas com aplica\u00e7\u00f5es em novos materiais e biomedicina. \u00c9 membro da Academia Brasileira de Ci\u00eancias, da The World Academy of Sciences e Comendador da Ordem Nacional do M\u00e9rito Cient\u00edfico . Ocupou as posi\u00e7\u00f5es de Coordenador de Estudos Estrat\u00e9gicos e Informa\u00e7\u00e3o no Inmetro (2008-2009), de vice-Presidente da Sociedade Brasileira de F\u00edsica (2023-2024), e, na UFMG, de Diretor da Coordenadoria de Transfer\u00eancia e Inova\u00e7\u00e3o Tecnol\u00f3gica (2010-2012), chefe do Departamento de F\u00edsica (2015-2016), Pr\u00f3-Reitor de Pesquisa (2016-2018) e Coordenador do Programa de P\u00f3s-Gradua\u00e7\u00e3o em F\u00edsica (2020-2022) e do Programa de P\u00f3s-Gradua\u00e7\u00e3o em Inova\u00e7\u00e3o Tecnol\u00f3gica (2021-2023).<\/p>\n<p><strong><a href=\"https:\/\/www.abc.org.br\/link\/alvaro-toubes-prata\/\" target=\"_blank\" rel=\"noopener\">Alvaro Toubes Prata<\/a>\u00a0(Embrapii)<\/strong><\/p>\n<p>Possui gradua\u00e7\u00e3o em Engenharia Mec\u00e2nica e em Engenharia El\u00e9trica pela Universidade de Bras\u00edlia (1977), mestrado em Engenharia Mec\u00e2nica pela Universidade Federal de Santa Catarina (1980), e doutorado em Engenharia Mec\u00e2nica pela Universidade de Minnesota, EUA (1985). Na UFSC foi professor da Engenharia Mec\u00e2nica por 44 anos, pro\u0301-reitor de pesquisa e po\u0301s-graduac\u0327a\u0303o (2000 a 2004) e reitor (2008 a 2012). Foi pesquisador n\u00edvel 1A no CNPq de 1992 a 2022, recebeu a Comenda da Ordem Nacional do M\u00e9rito Cient\u00edfico \u2013 Classe Gr\u00e3 Cruz, e o Pr\u00eamio An\u00edsio Teixeira em reconhecimento \u00e0 sua contribui\u00e7\u00e3o ao desenvolvimento das institui\u00e7\u00f5es educacionais, cient\u00edficas e tecnol\u00f3gicas no Brasil. De 2012 a 2018 integrou o Minist\u00e9rio de Ci\u00eancia, Tecnologia e Inova\u00e7\u00e3o onde ocupou os cargos de Secret\u00e1rio Nacional de Desenvolvimento Tecnol\u00f3gico e Inova\u00e7\u00e3o, Secret\u00e1rio de Politicas e Programas de Pesquisa e Desenvolvimento, e Secret\u00e1rio Executivo. \u00c9 membro titular da Academia Brasileira de Ci\u00eancias e da Academia Nacional de Engenharia. Em 2024 foi escolhido diretor-presidente da Empresa Brasileira de Pesquisa e Inova\u00e7\u00e3o Industrial (Embrapii).<\/p>\n<p><span style=\"color: #808080;\"><em>Jornal da Ci\u00eancia, com informa\u00e7\u00f5es da\u00a0<a style=\"color: #808080;\" href=\"https:\/\/www.abc.org.br\/2024\/09\/18\/a-relevancia-global-da-universidade-extensao-universitaria-e-inovacao\/\" target=\"_blank\" rel=\"noopener\">ABC<\/a><\/em><\/span><\/p>\n","protected":false},"excerpt":{"rendered":"Com o tema \u201cA relev\u00e2ncia global da universidade, extens\u00e3o universit\u00e1ria e inova\u00e7\u00e3o\u201d,&hellip;\n","protected":false},"author":19,"featured_media":6016,"comment_status":"open","ping_status":"open","sticky":false,"template":"","format":"standard","meta":[],"categories":[1,2],"tags":[],"acf":[],"_links":{"self":[{"href":"https:\/\/revistacienciaecultura.org.br\/index.php?rest_route=\/wp\/v2\/posts\/7152"}],"collection":[{"href":"https:\/\/revistacienciaecultura.org.br\/index.php?rest_route=\/wp\/v2\/posts"}],"about":[{"href":"https:\/\/revistacienciaecultura.org.br\/index.php?rest_route=\/wp\/v2\/types\/post"}],"author":[{"embeddable":true,"href":"https:\/\/revistacienciaecultura.org.br\/index.php?rest_route=\/wp\/v2\/users\/19"}],"replies":[{"embeddable":true,"href":"https:\/\/revistacienciaecultura.org.br\/index.php?rest_route=%2Fwp%2Fv2%2Fcomments&post=7152"}],"version-history":[{"count":2,"href":"https:\/\/revistacienciaecultura.org.br\/index.php?rest_route=\/wp\/v2\/posts\/7152\/revisions"}],"predecessor-version":[{"id":7154,"href":"https:\/\/revistacienciaecultura.org.br\/index.php?rest_route=\/wp\/v2\/posts\/7152\/revisions\/7154"}],"wp:featuredmedia":[{"embeddable":true,"href":"https:\/\/revistacienciaecultura.org.br\/index.php?rest_route=\/wp\/v2\/media\/6016"}],"wp:attachment":[{"href":"https:\/\/revistacienciaecultura.org.br\/index.php?rest_route=%2Fwp%2Fv2%2Fmedia&parent=7152"}],"wp:term":[{"taxonomy":"category","embeddable":true,"href":"https:\/\/revistacienciaecultura.org.br\/index.php?rest_route=%2Fwp%2Fv2%2Fcategories&post=7152"},{"taxonomy":"post_tag","embeddable":true,"href":"https:\/\/revistacienciaecultura.org.br\/index.php?rest_route=%2Fwp%2Fv2%2Ftags&post=7152"}],"curies":[{"name":"wp","href":"https:\/\/api.w.org\/{rel}","templated":true}]}}