{"id":7160,"date":"2024-09-26T07:30:03","date_gmt":"2024-09-26T07:30:03","guid":{"rendered":"https:\/\/revistacienciaecultura.org.br\/?p=7160"},"modified":"2024-09-25T11:04:31","modified_gmt":"2024-09-25T11:04:31","slug":"ciencia-cultura-75-anos-de-pioneirismo-na-divulgacao-cientifica-no-brasil","status":"publish","type":"post","link":"https:\/\/revistacienciaecultura.org.br\/?p=7160","title":{"rendered":"Ci\u00eancia &#038; Cultura: 75 anos de pioneirismo na divulga\u00e7\u00e3o cient\u00edfica no Brasil"},"content":{"rendered":"<h4 id=\"criada-com-o-objetivo-de-aproximar-pesquisadores-e-sociedade-revista-contribui-para-a-institucionalizacao-da-comunicacao-cientifica-no-pais\"><span style=\"color: #808080;\">Criada com o objetivo de aproximar pesquisadores e sociedade, revista contribui para a institucionaliza\u00e7\u00e3o da comunica\u00e7\u00e3o cient\u00edfica no pa\u00eds<\/span><\/h4>\n<p>&nbsp;<\/p>\n<p>\u201cEspera ainda a revista, como \u00f3rg\u00e3o que \u00e9 da SBPC, servir de aproxima\u00e7\u00e3o dos cientistas entre si, e destes com o p\u00fablico, entre todos desenvolvendo forte e indispens\u00e1vel sentimento de solidariedade e compreens\u00e3o.\u201d Essas foram as palavras do editorial da primeira edi\u00e7\u00e3o da revista <span style=\"color: #800000;\"><a style=\"color: #800000;\" href=\"https:\/\/revistacienciaecultura.org.br\/\"><strong>Ci\u00eancia &amp; Cultura<\/strong><\/a><\/span>, lan\u00e7ada em janeiro de 1949, no ano seguinte \u00e0 funda\u00e7\u00e3o da <span style=\"color: #800000;\"><a style=\"color: #800000;\" href=\"http:\/\/portal.sbpcnet.org.br\/\"><strong>Sociedade Brasileira para o Progresso da Ci\u00eancia (SBPC)<\/strong><\/a><\/span>.<\/p>\n<p>Idealizada por Jos\u00e9 Reis (1907-2002), que a dirigiu de 1949 a 1954 e de 1972 a 1985, a <span style=\"color: #800000;\"><a style=\"color: #800000;\" href=\"https:\/\/revistacienciaecultura.org.br\/\"><strong>Ci\u00eancia &amp; Cultura<\/strong><\/a><\/span> n\u00e3o \u00e9 apenas uma revista, mas um verdadeiro \u00f3rg\u00e3o da SBPC. Desde o in\u00edcio, a publica\u00e7\u00e3o se estabeleceu como um espa\u00e7o aberto n\u00e3o apenas a cientistas, mas a todos os interessados pela ci\u00eancia, suas aplica\u00e7\u00f5es e suas consequ\u00eancias, conforme destacado na contracapa da primeira edi\u00e7\u00e3o. A publica\u00e7\u00e3o \u00e9 um marco na divulga\u00e7\u00e3o cient\u00edfica nacional. N\u00e3o apenas por ser a revista cient\u00edfica mais antiga em circula\u00e7\u00e3o no pa\u00eds, mas tamb\u00e9m por ter sido idealizada por Jos\u00e9 Reis, um dos nomes mais conhecidos da divulga\u00e7\u00e3o cient\u00edfica brasileira. Sua contribui\u00e7\u00e3o foi significativa para a constru\u00e7\u00e3o da ci\u00eancia no Brasil, estabelecendo um legado que perdura at\u00e9 hoje. A trajet\u00f3ria de <span style=\"color: #800000;\"><a style=\"color: #800000;\" href=\"https:\/\/revistacienciaecultura.org.br\/\"><strong>Ci\u00eancia &amp; Cultura<\/strong><\/a><\/span> reflete o compromisso cont\u00ednuo com a dissemina\u00e7\u00e3o do conhecimento cient\u00edfico, aproximando cientistas e o p\u00fablico, e fomentando um sentimento de solidariedade e compreens\u00e3o indispens\u00e1vel para o progresso da ci\u00eancia e da sociedade.<\/p>\n<p>&nbsp;<\/p>\n<h4 id=\"jose-reis-e-a-divulgacao-cientifica\"><strong>Jos\u00e9 Reis e a divulga\u00e7\u00e3o cient\u00edfica<\/strong><\/h4>\n<p>A trajet\u00f3ria de Jos\u00e9 Reis \u00e9 marcada por uma intensa dedica\u00e7\u00e3o tanto \u00e0 pesquisa cient\u00edfica quanto \u00e0 divulga\u00e7\u00e3o do conhecimento, conferindo-lhe uma bagagem \u00fanica para falar sobre a interse\u00e7\u00e3o entre ci\u00eancia e sociedade. Em 1947, uma d\u00e9cada antes de se aposentar pelo Instituto Biol\u00f3gico em S\u00e3o Paulo, onde atuava como pesquisador, Jos\u00e9 Reis come\u00e7ou a escrever textos de divulga\u00e7\u00e3o cient\u00edfica para o Grupo Folha \u2014 que englobava os jornais Folha da Manh\u00e3, Folha da Tarde e Folha da Noite, posteriormente unificados na Folha de S.Paulo em janeiro de 1960. Ele manteve essa colabora\u00e7\u00e3o at\u00e9 sua morte, em 2002, totalizando quase seis d\u00e9cadas de contribui\u00e7\u00f5es cont\u00ednuas. (Figura 1)<\/p>\n<h6 id=\"figura-1-jose-reis-a-direita-contribuiu-significativamente-para-a-consolidacao-da-ciencia-e-da-divulgacao-cientifica-brasileirasfoto-acervo-coc\" style=\"text-align: center;\"><img loading=\"lazy\" class=\"aligncenter wp-image-7162\" src=\"https:\/\/revistacienciaecultura.org.br\/wp-content\/uploads\/2024\/09\/divulgacao-figura1-300x200.jpg\" alt=\"\" width=\"500\" height=\"333\" srcset=\"https:\/\/revistacienciaecultura.org.br\/wp-content\/uploads\/2024\/09\/divulgacao-figura1-300x200.jpg 300w, https:\/\/revistacienciaecultura.org.br\/wp-content\/uploads\/2024\/09\/divulgacao-figura1-1024x681.jpg 1024w, https:\/\/revistacienciaecultura.org.br\/wp-content\/uploads\/2024\/09\/divulgacao-figura1-768x511.jpg 768w, https:\/\/revistacienciaecultura.org.br\/wp-content\/uploads\/2024\/09\/divulgacao-figura1-1536x1022.jpg 1536w, https:\/\/revistacienciaecultura.org.br\/wp-content\/uploads\/2024\/09\/divulgacao-figura1-18x12.jpg 18w, https:\/\/revistacienciaecultura.org.br\/wp-content\/uploads\/2024\/09\/divulgacao-figura1-800x532.jpg 800w, https:\/\/revistacienciaecultura.org.br\/wp-content\/uploads\/2024\/09\/divulgacao-figura1-1160x772.jpg 1160w, https:\/\/revistacienciaecultura.org.br\/wp-content\/uploads\/2024\/09\/divulgacao-figura1.jpg 1691w\" sizes=\"(max-width: 500px) 100vw, 500px\" \/><br \/>\n<strong>Figura 1. Jos\u00e9 Reis (\u00e0 direita) contribuiu significativamente para a consolida\u00e7\u00e3o da ci\u00eancia e da divulga\u00e7\u00e3o cient\u00edfica brasileiras<br \/>\n<\/strong>(Foto: Acervo COC)<\/h6>\n<p>&nbsp;<\/p>\n<p>Reis foi um dos fundadores da SBPC em 1948, tornando-se seu primeiro secret\u00e1rio-geral. Em 1949, ele ajudou a criar a revista <a href=\"https:\/\/revistacienciaecultura.org.br\/\"><strong><span style=\"color: #800000;\">Ci\u00eancia &amp; Cultura<\/span><\/strong><\/a>, da qual foi editor, transformando-a em um ve\u00edculo essencial para a divulga\u00e7\u00e3o cient\u00edfica no Brasil. Al\u00e9m disso, colaborou com a revista Anhembi, que circulou entre 1950 e 1962, escrevendo principalmente sobre pol\u00edtica cient\u00edfica. Seu destacado trabalho na \u00e1rea de comunica\u00e7\u00e3o da ci\u00eancia foi reconhecido internacionalmente em 1975, quando recebeu o Pr\u00eamio Kalinga da UNESCO, considerado o mais importante pr\u00eamio em divulga\u00e7\u00e3o cient\u00edfica.<\/p>\n<p>Em reconhecimento \u00e0 sua contribui\u00e7\u00e3o, o <a href=\"https:\/\/www.gov.br\/cnpq\/pt-br\"><strong><span style=\"color: #800000;\">Conselho Nacional de Desenvolvimento Cient\u00edfico e Tecnol\u00f3gico (CNPq)<\/span><\/strong><\/a> criou em 1978 o <span style=\"color: #800000;\"><a style=\"color: #800000;\" href=\"https:\/\/www.gov.br\/cnpq\/pt-br\/assuntos\/noticias\/premios\/premio-jose-reis-de-divulgacao-cientifica-e-tecnologica-abre-inscricoes\"><strong>Pr\u00eamio Jos\u00e9 Reis de Divulga\u00e7\u00e3o Cient\u00edfica<\/strong><\/a><\/span>, destinado a pessoas e institui\u00e7\u00f5es que se destacam na promo\u00e7\u00e3o da ci\u00eancia no Brasil. Al\u00e9m de seu papel na SBPC e na revista <span style=\"color: #800000;\"><a style=\"color: #800000;\" href=\"https:\/\/revistacienciaecultura.org.br\/\"><strong>Ci\u00eancia &amp; Cultura<\/strong><\/a><\/span>, Reis teve uma participa\u00e7\u00e3o fundamental na cria\u00e7\u00e3o do CNPq em 1951 e da <span style=\"color: #800000;\"><a style=\"color: #800000;\" href=\"Funda%25C3%25A7%25C3%25A3o%2520de%2520Amparo%2520%25C3%25A0%2520Pesquisa%2520do%2520Estado%2520de%2520S%25C3%25A3o%2520Paulo%2520(Fapesp)\"><strong>Funda\u00e7\u00e3o de Amparo \u00e0 Pesquisa do Estado de S\u00e3o Paulo (Fapesp)<\/strong><\/a><\/span> em 1960.<\/p>\n<p>Desde sua funda\u00e7\u00e3o, a SBPC visou difundir a ci\u00eancia e conscientizar os cientistas sobre seu papel social. Nas palavras de Jos\u00e9 Reis, \u201cdecidimos incluir entre as fun\u00e7\u00f5es da SBPC a necessidade de se criar ou difundir tal consci\u00eancia social entre os cientistas brasileiros. O que n\u00e3o entendo \u00e9 um cientista desvinculado da sociedade e da pol\u00edtica.\u201d Em suas reuni\u00f5es anuais, Jos\u00e9 Reis prop\u00f4s o concurso Cientistas de Amanh\u00e3, incentivando jovens estudantes a se interessarem pela ci\u00eancia.<\/p>\n<p>Jos\u00e9 Reis foi tamb\u00e9m um dos articuladores da cria\u00e7\u00e3o da <span style=\"color: #800000;\"><a style=\"color: #800000;\" href=\"https:\/\/jornalismocientifico.com.br\/jornalismocientifico\/fontes\/associacoesdejc.php\"><strong>Associa\u00e7\u00e3o Brasileira de Jornalismo Cient\u00edfico<\/strong><\/a><\/span> em 1977, que teve um papel crucial no reconhecimento e na profissionaliza\u00e7\u00e3o do of\u00edcio no pa\u00eds. Ele defendia que a ci\u00eancia deveria ser compreendida e valorizada pela sociedade, promovendo uma pol\u00edtica nacional de ci\u00eancia e tecnologia que respeitasse e apoiasse a pesquisa cient\u00edfica desde o ensino b\u00e1sico at\u00e9 as institui\u00e7\u00f5es cient\u00edficas.\u00a0Para Jos\u00e9 Reis, a divulga\u00e7\u00e3o cient\u00edfica era um dever e um desejo de transmitir, de forma simples e objetiva, os princ\u00edpios e metodologias da ci\u00eancia, criando uma cultura cient\u00edfica que envolvesse e interessasse o grande p\u00fablico. Ele acreditava que \u201co cidad\u00e3o precisaria entender para poder julgar, para poder apoiar sinceramente a pr\u00f3pria ci\u00eancia e o seu desenvolvimento, para poder distinguir entre a verdadeira ci\u00eancia e a falsa ci\u00eancia ou as mistifica\u00e7\u00f5es da ci\u00eancia.\u201d<\/p>\n<p>Em um depoimento escrito para a revista <span style=\"color: #800000;\"><a style=\"color: #800000;\" href=\"https:\/\/revistacienciaecultura.org.br\/\"><strong>Ci\u00eancia &amp; Cultura<\/strong><\/a><\/span> em 1982, Reis afirmou: \u201cAlguns se contentam em divulgar sua pr\u00f3pria especialidade, ou ci\u00eancias muito afins. Talvez pelas circunst\u00e2ncias da \u00e9poca em que comecei, quando era quase nula a divulga\u00e7\u00e3o sistem\u00e1tica em quase todos os terrenos, ou quem sabe pela curiosidade que sempre senti por muitos assuntos, preferi aventurar-me \u00e0 divulga\u00e7\u00e3o de muitos temas, desde a biologia at\u00e9 astronomia e as ci\u00eancias sociais.\u201d Ele acrescentou: \u201cSuponho at\u00e9 que a alegria do divulgador \u00e9 maior que a do mestre, que ensina em classes formais. O divulgador exerce um magist\u00e9rio sem classes.\u201d<\/p>\n<p>&nbsp;<\/p>\n<h4 id=\"ciencia-cultura\"><strong>Ci\u00eancia &amp; Cultura<\/strong><\/h4>\n<p>Desde sua primeira edi\u00e7\u00e3o, a revista se prop\u00f4s a ser \u201caberta n\u00e3o apenas a cientistas, mas a todos os que se interessem pela ci\u00eancia, por suas aplica\u00e7\u00f5es e pelas consequ\u00eancias destas\u201d. Mais do que uma simples publica\u00e7\u00e3o, <span style=\"color: #800000;\"><a style=\"color: #800000;\" href=\"https:\/\/revistacienciaecultura.org.br\/\"><strong>Ci\u00eancia &amp; Cultura<\/strong><\/a><\/span> tornou-se um marco na institucionaliza\u00e7\u00e3o da ci\u00eancia no pa\u00eds, funcionando como um \u00f3rg\u00e3o da SBPC. Com edi\u00e7\u00f5es tem\u00e1ticas, a revista combina textos cient\u00edficos, artigos de opini\u00e3o e material de divulga\u00e7\u00e3o, atendendo tanto ao p\u00fablico especializado quanto ao p\u00fablico geral, e oferecendo m\u00faltiplas perspectivas sobre uma variedade de assuntos. (Figura 2)<\/p>\n<h6 id=\"figura-2-capa-da-primeira-edicao-da-revista-de-1949reproducao\" style=\"text-align: center;\"><img loading=\"lazy\" class=\"aligncenter wp-image-7164\" src=\"https:\/\/revistacienciaecultura.org.br\/wp-content\/uploads\/2024\/09\/divulgacao-figura2-1-217x300.jpg\" alt=\"\" width=\"361\" height=\"500\" srcset=\"https:\/\/revistacienciaecultura.org.br\/wp-content\/uploads\/2024\/09\/divulgacao-figura2-1-217x300.jpg 217w, https:\/\/revistacienciaecultura.org.br\/wp-content\/uploads\/2024\/09\/divulgacao-figura2-1-739x1024.jpg 739w, https:\/\/revistacienciaecultura.org.br\/wp-content\/uploads\/2024\/09\/divulgacao-figura2-1-768x1064.jpg 768w, https:\/\/revistacienciaecultura.org.br\/wp-content\/uploads\/2024\/09\/divulgacao-figura2-1-1109x1536.jpg 1109w, https:\/\/revistacienciaecultura.org.br\/wp-content\/uploads\/2024\/09\/divulgacao-figura2-1-1478x2048.jpg 1478w, https:\/\/revistacienciaecultura.org.br\/wp-content\/uploads\/2024\/09\/divulgacao-figura2-1-9x12.jpg 9w, https:\/\/revistacienciaecultura.org.br\/wp-content\/uploads\/2024\/09\/divulgacao-figura2-1-800x1108.jpg 800w, https:\/\/revistacienciaecultura.org.br\/wp-content\/uploads\/2024\/09\/divulgacao-figura2-1-1160x1607.jpg 1160w, https:\/\/revistacienciaecultura.org.br\/wp-content\/uploads\/2024\/09\/divulgacao-figura2-1.jpg 1691w\" sizes=\"(max-width: 361px) 100vw, 361px\" \/><br \/>\n<strong>Figura 2. Capa da primeira edi\u00e7\u00e3o da revista, de 1949<br \/>\n<\/strong>(Reprodu\u00e7\u00e3o)<\/h6>\n<p>&nbsp;<\/p>\n<p>Publicada trimestralmente, cada edi\u00e7\u00e3o da revista aborda um tema espec\u00edfico sob os prismas da ci\u00eancia, cultura, arte e filosofia. Mensalmente, novos cap\u00edtulos s\u00e3o lan\u00e7ados, trazendo artigos, ensaios, reportagens jornal\u00edsticas, textos de opini\u00e3o, v\u00eddeos, podcasts e mais. Ao longo dos anos, a revista passou por v\u00e1rias reformula\u00e7\u00f5es \u2014 mas continua a ser uma refer\u00eancia na divulga\u00e7\u00e3o cient\u00edfica, evoluindo com as tecnologias e permanecendo fiel \u00e0 sua miss\u00e3o de conectar a ci\u00eancia com a sociedade.<\/p>\n<p>Ao longo de seus 75 anos e 464 edi\u00e7\u00f5es, a revista mant\u00e9m viva sua mem\u00f3ria atrav\u00e9s de v\u00e1rios projetos. Uma parceria entre a SBPC e a Hemeroteca Digital Brasileira, da Biblioteca Nacional (BN), possibilitou a digitaliza\u00e7\u00e3o de toda a cole\u00e7\u00e3o at\u00e9 2017. Todos os n\u00fameros podem ser consultados no site da\u00a0<span style=\"color: #800000;\"><a style=\"color: #800000;\" href=\"http:\/\/bndigital.bn.gov.br\/hemeroteca-digital\/\"><strong>Hemeroteca Digital Brasileira<\/strong><\/a><\/span>. As edi\u00e7\u00f5es tamb\u00e9m est\u00e3o dispon\u00edveis no\u00a0<span style=\"color: #800000;\"><a style=\"color: #800000;\" href=\"http:\/\/cienciaecultura.bvs.br\/scielo.php?script=sci_issues&amp;pid=0009-6725&amp;lng=pt&amp;nrm=iso\"><strong>Scielo<\/strong><\/a><\/span>\u00a0(a partir de 2002) e no\u00a0<a href=\"http:\/\/sbpcacervodigital.org.br\/handle\/20.500.11832\/2534\"><strong><span style=\"color: #800000;\">Acervo<\/span> <span style=\"color: #800000;\">Digital da SBPC<\/span>\u00a0<\/strong><\/a>(a partir de 2007). Al\u00e9m de poder ler todas as edi\u00e7\u00f5es da revista online, tamb\u00e9m \u00e9 poss\u00edvel ouvir e assistir seus conte\u00fados atrav\u00e9s dos canais no\u00a0<span style=\"color: #800000;\"><a style=\"color: #800000;\" href=\"https:\/\/www.youtube.com\/channel\/UCSBnKTwTjmbTy8wEUQq6zyA\/videos\"><strong>YouTube<\/strong><\/a><\/span>\u00a0e no\u00a0<span style=\"color: #800000;\"><a style=\"color: #800000;\" href=\"https:\/\/open.spotify.com\/show\/2N5V5GN0zo7zct8Fh34Si5?si=2eab635b9d9842ec\"><strong>Spotify<\/strong><\/a>\u00a0<\/span>(e em diversos outros tocadores).<\/p>\n","protected":false},"excerpt":{"rendered":"Criada com o objetivo de aproximar pesquisadores e sociedade, revista contribui para&hellip;\n","protected":false},"author":19,"featured_media":7161,"comment_status":"open","ping_status":"open","sticky":false,"template":"","format":"standard","meta":[],"categories":[1,2],"tags":[],"acf":[],"_links":{"self":[{"href":"https:\/\/revistacienciaecultura.org.br\/index.php?rest_route=\/wp\/v2\/posts\/7160"}],"collection":[{"href":"https:\/\/revistacienciaecultura.org.br\/index.php?rest_route=\/wp\/v2\/posts"}],"about":[{"href":"https:\/\/revistacienciaecultura.org.br\/index.php?rest_route=\/wp\/v2\/types\/post"}],"author":[{"embeddable":true,"href":"https:\/\/revistacienciaecultura.org.br\/index.php?rest_route=\/wp\/v2\/users\/19"}],"replies":[{"embeddable":true,"href":"https:\/\/revistacienciaecultura.org.br\/index.php?rest_route=%2Fwp%2Fv2%2Fcomments&post=7160"}],"version-history":[{"count":2,"href":"https:\/\/revistacienciaecultura.org.br\/index.php?rest_route=\/wp\/v2\/posts\/7160\/revisions"}],"predecessor-version":[{"id":7166,"href":"https:\/\/revistacienciaecultura.org.br\/index.php?rest_route=\/wp\/v2\/posts\/7160\/revisions\/7166"}],"wp:featuredmedia":[{"embeddable":true,"href":"https:\/\/revistacienciaecultura.org.br\/index.php?rest_route=\/wp\/v2\/media\/7161"}],"wp:attachment":[{"href":"https:\/\/revistacienciaecultura.org.br\/index.php?rest_route=%2Fwp%2Fv2%2Fmedia&parent=7160"}],"wp:term":[{"taxonomy":"category","embeddable":true,"href":"https:\/\/revistacienciaecultura.org.br\/index.php?rest_route=%2Fwp%2Fv2%2Fcategories&post=7160"},{"taxonomy":"post_tag","embeddable":true,"href":"https:\/\/revistacienciaecultura.org.br\/index.php?rest_route=%2Fwp%2Fv2%2Ftags&post=7160"}],"curies":[{"name":"wp","href":"https:\/\/api.w.org\/{rel}","templated":true}]}}