{"id":7177,"date":"2024-10-01T07:30:57","date_gmt":"2024-10-01T07:30:57","guid":{"rendered":"https:\/\/revistacienciaecultura.org.br\/?p=7177"},"modified":"2024-09-30T19:25:49","modified_gmt":"2024-09-30T19:25:49","slug":"sbpc-realiza-no-dia-7-de-outubro-eventos-em-homenagem-ao-dia-de-luta-pela-democracia-brasileira","status":"publish","type":"post","link":"https:\/\/revistacienciaecultura.org.br\/?p=7177","title":{"rendered":"SBPC realiza no dia 7 de outubro eventos em homenagem ao \u201cDia de Luta pela Democracia Brasileira\u201d"},"content":{"rendered":"<h4 id=\"dois-debates-online-serao-realizados-na-proxima-segunda-feira-as-10h-e-as-14h-com-transmissao-pelo-canal-da-entidade-no-youtube\"><span style=\"color: #808080;\">Dois debates online ser\u00e3o realizados na pr\u00f3xima segunda-feira: \u00e0s 10h e \u00e0s 14h, com transmiss\u00e3o pelo canal da entidade no YouTube<\/span><\/h4>\n<p>&nbsp;<\/p>\n<p>No pr\u00f3ximo dia 7 de outubro, a Sociedade Brasileira para o Progresso da Ci\u00eancia (SBPC) realiza dois debates por ocasi\u00e3o do\u00a0<strong>\u201cDia de Luta pela Democracia Brasileira\u201d<\/strong>, com transmiss\u00e3o ao vivo pelo canal da entidade no YouTube, \u00e0s 10h e \u00e0s 14h. A data, celebrada em 5 de outubro \u2013 dia em que foi promulgada a Constitui\u00e7\u00e3o de 1988 \u2013, \u00e9 uma oportunidade de reflex\u00e3o sobre o per\u00edodo da ditadura militar e a import\u00e2ncia da liberdade em contraste com o autoritarismo.<\/p>\n<p>A primeira mesa,\u00a0<strong>\u201cDemocracia, Ci\u00eancia e Desinforma\u00e7\u00e3o\u201d<\/strong>, \u00e0s 10h, abordar\u00e1 o papel crucial da ci\u00eancia no combate \u00e0 desinforma\u00e7\u00e3o, uma das maiores amea\u00e7as \u00e0 democracia contempor\u00e2nea, segundo o F\u00f3rum Econ\u00f4mico Mundial. A abertura ser\u00e1 realizada por Renato Janine Ribeiro, presidente da SBPC, com a coordena\u00e7\u00e3o de Claudia Linhares Sales, secret\u00e1ria-geral da SBPC. Participam como palestrantes Ana Regina Barros R\u00eago Leal (UFPI), Thaiane Moreira de Oliveira (UFF) e Wilson Gomes (UFBA), que discutir\u00e3o como a desinforma\u00e7\u00e3o afeta as institui\u00e7\u00f5es democr\u00e1ticas.<\/p>\n<p>A segunda mesa, \u00e0s 14h, ser\u00e1 tamb\u00e9m coordenada por Janine Ribeiro e trar\u00e1 a quest\u00e3o\u00a0<strong>\u201cA servid\u00e3o volunt\u00e1ria de volta: por que tantos votam naqueles que v\u00e3o lhes fazer mal?\u201d<\/strong>. Os palestrantes Christian Dunker (USP) e Michel Gherman (UFRJ) ir\u00e3o explorar, \u00e0 luz da filosofia e da psican\u00e1lise, o fen\u00f4meno da servid\u00e3o volunt\u00e1ria e o impacto da extrema direita, tanto no Brasil quanto no cen\u00e1rio global, sobre eleitores que votam justamente em quem atua contra os interesses deles mesmos.<\/p>\n<p>Em 2023, a SBPC, com o apoio de cerca de 100 entidades cient\u00edficas e associa\u00e7\u00f5es da sociedade civil, prop\u00f4s a cria\u00e7\u00e3o de uma data dedicada \u00e0 luta pela democracia brasileira, para refletir sobre sua import\u00e2ncia e seu papel na constru\u00e7\u00e3o de um pa\u00eds livre, soberano e desenvolvido. A proposi\u00e7\u00e3o dessa data foi inspirada no \u201cD\u00eda Nacional de la Memoria por la Verdad y la Justicia\u201d da Argentina. \u201cA ideia surgiu depois dos graves golpes contra as institui\u00e7\u00f5es democr\u00e1ticas sofridos nos \u00faltimos anos, que mostraram o qu\u00e3o fr\u00e1gil esse regime ainda \u00e9 no Pa\u00eds. Precisamos deixar claro a todos os brasileiros, principalmente aos jovens, que os crimes praticados pelo Estado, em especial pelos que se apoderam dele para seus fins escusos, s\u00e3o inaceit\u00e1veis\u201d, comenta o presidente da SBPC, Renato Janine Ribeiro.<\/p>\n<p>Na Argentina, desde o fim da ditadura militar a pr\u00f3pria sociedade inverteu o sentido do dia do golpe, que se deu em 24 de mar\u00e7o de 1976, e prop\u00f4s a comemora\u00e7\u00e3o de um dia nacional pela verdade e justi\u00e7a. Em 1988, a data foi fixada por lei pelo presidente Carlos Menem e, em 2006, o presidente N\u00e9stor Kirschner a transformou em feriado.<\/p>\n<p>\u201cA SBPC e as demais sociedades que colaboraram na ideia pretendem, com essa data, deixar clara para as pessoas a import\u00e2ncia da democracia, no que ela consiste, al\u00e9m de mostrar que este \u00e9 o regime mais \u00e9tico que existe, pelo menos em nosso tempo.\u00a0N\u00e3o existe \u00e9tica em qualquer regime que seja desrespeitoso com a vontade da maioria e com a igualdade de todos. Por isso, pretendemos mostrar em que consiste a democracia, al\u00e9m de contestar todos os elementos autorit\u00e1rios que ainda vigem a nossa sociedade\u201d, argumenta Janine Ribeiro.<\/p>\n<p>Para Claudia Linhares Sales, secret\u00e1ria-geral da SBPC, estabelecer um dia de luta pela democracia brasileira \u00e9 chamar aten\u00e7\u00e3o para o fato de que cabe \u00e0 sociedade civil, lutar e defender cotidianamente seu fortalecimento e o fortalecimento das institui\u00e7\u00f5es civis guardi\u00e3s desse regime. \u201cPor isso, essa data deve ser um dia de debates, de educa\u00e7\u00e3o, de reflex\u00e3o. \u00c9 um dia para lembrarmos que sem democracia n\u00e3o h\u00e1 dignidade, n\u00e3o h\u00e1 cidadania, n\u00e3o h\u00e1 direitos. E que os maiores problemas atuais do Brasil se aprofundaram, ou se consolidaram, durante os 21 anos da \u00faltima ditadura militar no pa\u00eds. Vimos no dia 8 de janeiro de 2023 que as amea\u00e7as \u00e0 nossa democracia s\u00e3o concretas. Espero que esse dia se consolide para que n\u00e3o vejamos mais dias como aquele.\u201d<\/p>\n<p>Fernanda Sobral, diretora da SBPC e professora em\u00e9rita da Universidade de Bras\u00edlia (UnB), comenta que o evento, al\u00e9m de ser uma oportunidade de discutir as v\u00e1rias dimens\u00f5es da democracia, ir\u00e1 debater como a desinforma\u00e7\u00e3o leva a popula\u00e7\u00e3o a submeter-se \u00e0 perda de liberdade e cultuar o opressor. \u201cO tema da primeira mesa-redonda, mostra que quanto mais os cidad\u00e3os s\u00e3o bem-informados, mais eles t\u00eam condi\u00e7\u00f5es de participar da sociedade mais amplamente. \u00c9 o princ\u00edpio da pr\u00f3pria cidadania. Enquanto a segunda mesa vai tratar da servid\u00e3o volunt\u00e1ria em uma dimens\u00e3o psicanal\u00edtica. No final, veremos que tanto a desinforma\u00e7\u00e3o como a servid\u00e3o volunt\u00e1ria dificultam uma participa\u00e7\u00e3o cidad\u00e3 na sociedade\u201d, conclui Sobral.<\/p>\n<p>&nbsp;<\/p>\n<h4 id=\"convite-a-participacao\"><strong>Convite \u00e0 participa\u00e7\u00e3o<\/strong><\/h4>\n<p>A SBPC convida institui\u00e7\u00f5es, organiza\u00e7\u00f5es e a comunidade acad\u00eamica de todo o Brasil a se engajarem nas comemora\u00e7\u00f5es do Dia de Luta pela Democracia, promovendo, no dia 7 de outubro, atividades que estimulem a reflex\u00e3o sobre os horrores dos regimes ditatoriais \u2013 como repress\u00e3o, censura, tortura, fome e mis\u00e9ria \u2013 e enalte\u00e7am os valores fundamentais da democracia, como liberdade, igualdade e participa\u00e7\u00e3o cidad\u00e3.<\/p>\n<p>Uma circular foi enviada \u00e0s 157 sociedades cient\u00edficas afiliadas e \u00e0s 69 universidades federais, al\u00e9m de outras entidades, convidando-as a organizar eventos na mesma data sobre o tema. Tais eventos ser\u00e3o amplamente divulgados nas redes sociais e demais ve\u00edculos da SBPC.<\/p>\n<p>&nbsp;<\/p>\n<p><strong>SERVI\u00c7O<\/strong><\/p>\n<p><strong>Dia:<\/strong>\u00a007 de outubro<\/p>\n<p>&nbsp;<\/p>\n<p><strong>MESA 1: \u201cDemocracia, Ci\u00eancia e Desinforma\u00e7\u00e3o\u201d<\/strong><\/p>\n<p><strong>Hora: 10h<\/strong><\/p>\n<p><strong>Abertura:<\/strong>\u00a0Renato Janine Ribeiro (presidente da SBPC)<\/p>\n<p><strong>Coordena\u00e7\u00e3o:<\/strong>\u00a0Claudia Linhares Sales (secret\u00e1ria-geral da SBPC)<\/p>\n<p><strong>Palestrantes:<\/strong>\u00a0Ana Regina Barros R\u00eago Leal (Universidade Federal do Piau\u00ed), Thaiane Moreira de Oliveira (Universidade Federal Fluminense), e Wilson Gomes (Universidade Federal da Bahia).<\/p>\n<p>&nbsp;<\/p>\n<p><strong>MESA 2: \u201cA servid\u00e3o volunt\u00e1ria de volta: por que tantos votam naqueles que v\u00e3o lhes fazer mal?\u201d<\/strong><\/p>\n<p><strong>Hora: 14h<\/strong><\/p>\n<p><strong>Coordena\u00e7\u00e3o:<\/strong>\u00a0Renato Janine Ribeiro (presidente da SBPC)<\/p>\n<p><strong>Palestrantes:<\/strong>\u00a0Christian Dunker (Universidade de S\u00e3o Paulo) e Michel Gherman (Universidade Federal do Rio de Janeiro)<\/p>\n<p>&nbsp;<\/p>\n<p>Transmiss\u00e3o pelo canal da\u00a0<a href=\"http:\/\/www.youtube.com\/canalsbpc\" target=\"_blank\" rel=\"noopener\"><strong><span style=\"color: #800000;\">SBPC no YouTube<\/span><\/strong><\/a>.<\/p>\n<p>&nbsp;<\/p>\n<p><em>Jornal da Ci\u00eancia<\/em><\/p>\n","protected":false},"excerpt":{"rendered":"Dois debates online ser\u00e3o realizados na pr\u00f3xima segunda-feira: \u00e0s 10h e \u00e0s&hellip;\n","protected":false},"author":19,"featured_media":7178,"comment_status":"open","ping_status":"open","sticky":false,"template":"","format":"standard","meta":[],"categories":[1,2],"tags":[],"acf":[],"_links":{"self":[{"href":"https:\/\/revistacienciaecultura.org.br\/index.php?rest_route=\/wp\/v2\/posts\/7177"}],"collection":[{"href":"https:\/\/revistacienciaecultura.org.br\/index.php?rest_route=\/wp\/v2\/posts"}],"about":[{"href":"https:\/\/revistacienciaecultura.org.br\/index.php?rest_route=\/wp\/v2\/types\/post"}],"author":[{"embeddable":true,"href":"https:\/\/revistacienciaecultura.org.br\/index.php?rest_route=\/wp\/v2\/users\/19"}],"replies":[{"embeddable":true,"href":"https:\/\/revistacienciaecultura.org.br\/index.php?rest_route=%2Fwp%2Fv2%2Fcomments&post=7177"}],"version-history":[{"count":2,"href":"https:\/\/revistacienciaecultura.org.br\/index.php?rest_route=\/wp\/v2\/posts\/7177\/revisions"}],"predecessor-version":[{"id":7180,"href":"https:\/\/revistacienciaecultura.org.br\/index.php?rest_route=\/wp\/v2\/posts\/7177\/revisions\/7180"}],"wp:featuredmedia":[{"embeddable":true,"href":"https:\/\/revistacienciaecultura.org.br\/index.php?rest_route=\/wp\/v2\/media\/7178"}],"wp:attachment":[{"href":"https:\/\/revistacienciaecultura.org.br\/index.php?rest_route=%2Fwp%2Fv2%2Fmedia&parent=7177"}],"wp:term":[{"taxonomy":"category","embeddable":true,"href":"https:\/\/revistacienciaecultura.org.br\/index.php?rest_route=%2Fwp%2Fv2%2Fcategories&post=7177"},{"taxonomy":"post_tag","embeddable":true,"href":"https:\/\/revistacienciaecultura.org.br\/index.php?rest_route=%2Fwp%2Fv2%2Ftags&post=7177"}],"curies":[{"name":"wp","href":"https:\/\/api.w.org\/{rel}","templated":true}]}}