{"id":7181,"date":"2024-10-02T07:30:46","date_gmt":"2024-10-02T07:30:46","guid":{"rendered":"https:\/\/revistacienciaecultura.org.br\/?p=7181"},"modified":"2024-10-01T19:32:04","modified_gmt":"2024-10-01T19:32:04","slug":"dengue-ameaca-4-bilhoes-de-pessoas-no-mundo","status":"publish","type":"post","link":"https:\/\/revistacienciaecultura.org.br\/?p=7181","title":{"rendered":"Dengue amea\u00e7a 4 bilh\u00f5es de pessoas no mundo"},"content":{"rendered":"<h4 id=\"oms-lanca-plano-global-para-combater-dengue-e-outros-arbovirus-em-meio-a-aumento-alarmante-de-casos\"><span style=\"color: #808080;\">OMS lan\u00e7a plano global para combater dengue e outros arbov\u00edrus em meio a aumento alarmante de casos<\/span><\/h4>\n<p>&nbsp;<\/p>\n<p>A Organiza\u00e7\u00e3o Mundial da Sa\u00fade (OMS) lan\u00e7ou um novo Plano Estrat\u00e9gico Global de Prepara\u00e7\u00e3o, Prontid\u00e3o e Resposta para combater o avan\u00e7o de arbov\u00edrus, como a dengue, que tem causado um aumento expressivo no n\u00famero de casos e mortes. Com cerca de 4 bilh\u00f5es de pessoas em risco, a dengue j\u00e1 \u00e9 end\u00eamica em mais de 130 pa\u00edses, com 12,3 milh\u00f5es de casos e aproximadamente 6 mil mortes registradas at\u00e9 o final de agosto de 2024.<\/p>\n<p>De acordo com Raman Velayudhan, chefe do Programa Global de Controle de Doen\u00e7as Tropicais Negligenciadas da OMS, fatores como urbaniza\u00e7\u00e3o descontrolada, pr\u00e1ticas inadequadas de saneamento e mudan\u00e7as clim\u00e1ticas est\u00e3o contribuindo para a r\u00e1pida propaga\u00e7\u00e3o da doen\u00e7a. Al\u00e9m da dengue, outras doen\u00e7as transmitidas por mosquitos, como zika, chikungunya e a emergente doen\u00e7a do v\u00edrus oropouche, seguem a mesma tend\u00eancia de aumento, especialmente nas Am\u00e9ricas.<\/p>\n<p>A chikungunya, por exemplo, j\u00e1 foi notificada em 118 pa\u00edses. Em 2024, mais de 465 mil casos foram reportados, com forte circula\u00e7\u00e3o no Brasil. A \u00cdndia tamb\u00e9m enfrenta um surto com mais de 69 mil casos registrados.<\/p>\n<p>Diana Rojas Alvarez, chefe da Equipe de Arbov\u00edrus da OMS, alertou para a necessidade urgente de estrat\u00e9gias eficazes, especialmente em \u00e1reas urbanas, onde os riscos s\u00e3o maiores. Ela destacou ainda que o v\u00edrus zika, apesar da queda desde 2017, continua a circular em pa\u00edses das Am\u00e9ricas, com mais de 36 mil casos reportados em 2024.<\/p>\n<p>A expans\u00e3o da doen\u00e7a do v\u00edrus oropouche tamb\u00e9m preocupa. Com mais de 11,6 mil casos em seis pa\u00edses das Am\u00e9ricas, a maior parte no Brasil, essa arbovirose reemergente refor\u00e7a a urg\u00eancia de uma resposta coordenada. O novo plano da OMS visa mitigar os impactos dessas doen\u00e7as, protegendo popula\u00e7\u00f5es vulner\u00e1veis e prevenindo novas crises sanit\u00e1rias globais.<\/p>\n<p><em><span style=\"color: #808080;\">Com informa\u00e7\u00f5es de ONU News<\/span><\/em><\/p>\n<p>&nbsp;<\/p>\n<h6 id=\"capa-niad-onu-reproducao\">Capa. Niad\/ONU. Reprodu\u00e7\u00e3o<\/h6>\n","protected":false},"excerpt":{"rendered":"OMS lan\u00e7a plano global para combater dengue e outros arbov\u00edrus em meio&hellip;\n","protected":false},"author":19,"featured_media":7182,"comment_status":"open","ping_status":"open","sticky":false,"template":"","format":"standard","meta":[],"categories":[1,2],"tags":[],"acf":[],"_links":{"self":[{"href":"https:\/\/revistacienciaecultura.org.br\/index.php?rest_route=\/wp\/v2\/posts\/7181"}],"collection":[{"href":"https:\/\/revistacienciaecultura.org.br\/index.php?rest_route=\/wp\/v2\/posts"}],"about":[{"href":"https:\/\/revistacienciaecultura.org.br\/index.php?rest_route=\/wp\/v2\/types\/post"}],"author":[{"embeddable":true,"href":"https:\/\/revistacienciaecultura.org.br\/index.php?rest_route=\/wp\/v2\/users\/19"}],"replies":[{"embeddable":true,"href":"https:\/\/revistacienciaecultura.org.br\/index.php?rest_route=%2Fwp%2Fv2%2Fcomments&post=7181"}],"version-history":[{"count":2,"href":"https:\/\/revistacienciaecultura.org.br\/index.php?rest_route=\/wp\/v2\/posts\/7181\/revisions"}],"predecessor-version":[{"id":7184,"href":"https:\/\/revistacienciaecultura.org.br\/index.php?rest_route=\/wp\/v2\/posts\/7181\/revisions\/7184"}],"wp:featuredmedia":[{"embeddable":true,"href":"https:\/\/revistacienciaecultura.org.br\/index.php?rest_route=\/wp\/v2\/media\/7182"}],"wp:attachment":[{"href":"https:\/\/revistacienciaecultura.org.br\/index.php?rest_route=%2Fwp%2Fv2%2Fmedia&parent=7181"}],"wp:term":[{"taxonomy":"category","embeddable":true,"href":"https:\/\/revistacienciaecultura.org.br\/index.php?rest_route=%2Fwp%2Fv2%2Fcategories&post=7181"},{"taxonomy":"post_tag","embeddable":true,"href":"https:\/\/revistacienciaecultura.org.br\/index.php?rest_route=%2Fwp%2Fv2%2Ftags&post=7181"}],"curies":[{"name":"wp","href":"https:\/\/api.w.org\/{rel}","templated":true}]}}