{"id":7185,"date":"2024-10-03T07:30:32","date_gmt":"2024-10-03T07:30:32","guid":{"rendered":"https:\/\/revistacienciaecultura.org.br\/?p=7185"},"modified":"2024-10-02T11:25:19","modified_gmt":"2024-10-02T11:25:19","slug":"confira-nove-livros-abertos-da-usp-disponiveis-para-download","status":"publish","type":"post","link":"https:\/\/revistacienciaecultura.org.br\/?p=7185","title":{"rendered":"Confira nove livros abertos da USP dispon\u00edveis para download"},"content":{"rendered":"<h4 id=\"portal-de-livros-abertos-da-usp-possui-obras-de-varias-areas-da-ciencia-para-download-gratuito\"><span style=\"color: #808080;\">Portal de Livros Abertos da USP possui obras de v\u00e1rias \u00e1reas da ci\u00eancia para download gratuito<\/span><\/h4>\n<p>&nbsp;<\/p>\n<p>O <a href=\"https:\/\/www.livrosabertos.sibi.usp.br\/portaldelivrosUSP\/catalog\"><strong><span style=\"color: #800000;\">Portal de Livros Abertos da USP<\/span><\/strong><\/a>, uma iniciativa lan\u00e7ada em 2016, atua como um ponto central para divulgar e reunir obras digitais acad\u00eamicas e cient\u00edficas publicadas pelas diversas entidades da renomada Universidade de S\u00e3o Paulo. Este ambiente online se destina a abrigar cole\u00e7\u00f5es de livros com teor estritamente cient\u00edfico, seguindo crit\u00e9rios rigorosos de submiss\u00e3o e avalia\u00e7\u00e3o. Esses crit\u00e9rios visam certificar a qualidade e o car\u00e1ter acad\u00eamico e cient\u00edfico das obras, assegurando a conson\u00e2ncia com os objetivos e padr\u00f5es de excel\u00eancia da USP. Al\u00e9m disso, o Portal se compromete com a garantia de controle de qualidade, sele\u00e7\u00e3o e revis\u00e3o editorial, e a conex\u00e3o direta com as \u00e1reas de conhecimento das unidades, institutos, museus e centros especializados da universidade. A aplica\u00e7\u00e3o desses crit\u00e9rios n\u00e3o apenas visa certificar a qualidade, mas tamb\u00e9m a excel\u00eancia e credibilidade das obras no \u00e2mbito cient\u00edfico e acad\u00eamico oferecido pela USP.<\/p>\n<p>Confira!<\/p>\n<p>&nbsp;<\/p>\n<p><a href=\"https:\/\/www.livrosabertos.sibi.usp.br\/portaldelivrosUSP\/catalog\/book\/1144\" target=\"_blank\" rel=\"noopener\"><img loading=\"lazy\" class=\"size-medium wp-image-7186 aligncenter\" src=\"https:\/\/revistacienciaecultura.org.br\/wp-content\/uploads\/2024\/10\/livro-1-212x300.jpg\" alt=\"\" width=\"212\" height=\"300\" srcset=\"https:\/\/revistacienciaecultura.org.br\/wp-content\/uploads\/2024\/10\/livro-1-212x300.jpg 212w, https:\/\/revistacienciaecultura.org.br\/wp-content\/uploads\/2024\/10\/livro-1-8x12.jpg 8w, https:\/\/revistacienciaecultura.org.br\/wp-content\/uploads\/2024\/10\/livro-1.jpg 487w\" sizes=\"(max-width: 212px) 100vw, 212px\" \/><\/a><\/p>\n<h4 id=\"onde-o-acaso-nao-tem-vez-mitos-e-estereotipos-sobre-a-velhice-e-o-envelhecimento\"><a href=\"https:\/\/www.livrosabertos.sibi.usp.br\/portaldelivrosUSP\/catalog\/book\/1144\">Onde o acaso n\u00e3o tem vez: mitos e estere\u00f3tipos sobre a velhice e o envelhecimento<\/a><\/h4>\n<p>&#8220;Onde o Acaso N\u00e3o Tem Vez&#8221; desmistifica a velhice com uma abordagem art\u00edstica e provocativa. O livro explora cinco categorias: Degenera\u00e7\u00e3o, Moralidade, Sexualidade, Pap\u00e9is Et\u00e1rios e Produtividade, fruto de extensa pesquisa. Cada cap\u00edtulo mergulha nas complexidades do envelhecimento, convidando \u00e0 reflex\u00e3o sobre nossas escolhas di\u00e1rias. Um recurso valioso para estudantes de Gerontologia e interessados na din\u00e2mica do envelhecimento.<\/p>\n<p>&nbsp;<\/p>\n<p><a href=\"https:\/\/www.livrosabertos.sibi.usp.br\/portaldelivrosUSP\/catalog\/book\/1138\" target=\"_blank\" rel=\"noopener\"><img loading=\"lazy\" class=\"size-medium wp-image-7187 aligncenter\" src=\"https:\/\/revistacienciaecultura.org.br\/wp-content\/uploads\/2024\/10\/livro-2-211x300.jpg\" alt=\"\" width=\"211\" height=\"300\" srcset=\"https:\/\/revistacienciaecultura.org.br\/wp-content\/uploads\/2024\/10\/livro-2-211x300.jpg 211w, https:\/\/revistacienciaecultura.org.br\/wp-content\/uploads\/2024\/10\/livro-2-8x12.jpg 8w, https:\/\/revistacienciaecultura.org.br\/wp-content\/uploads\/2024\/10\/livro-2.jpg 485w\" sizes=\"(max-width: 211px) 100vw, 211px\" \/><\/a><\/p>\n<h4 id=\"formacao-profissionalizacao-e-desprofissionalizacao-docente\"><a href=\"https:\/\/www.livrosabertos.sibi.usp.br\/portaldelivrosUSP\/catalog\/book\/1138\">Forma\u00e7\u00e3o, profissionaliza\u00e7\u00e3o e desprofissionaliza\u00e7\u00e3o docente<\/a><\/h4>\n<p>Este livro re\u00fane estudos sociol\u00f3gicos sobre a forma\u00e7\u00e3o e carreira docente, explorando documentos legais e pesquisas de campo. Aborda a universitariza\u00e7\u00e3o do magist\u00e9rio, condi\u00e7\u00f5es de trabalho e processos de profissionaliza\u00e7\u00e3o, desprofissionaliza\u00e7\u00e3o e reprofissionaliza\u00e7\u00e3o. Cada cap\u00edtulo oferece insights valiosos, tornando-se uma leitura essencial para educadores e pesquisadores, convidando \u00e0 reflex\u00e3o sobre os rumos da forma\u00e7\u00e3o docente.<\/p>\n<p>&nbsp;<\/p>\n<p><a href=\"https:\/\/www.livrosabertos.sibi.usp.br\/portaldelivrosUSP\/catalog\/book\/1134\" target=\"_blank\" rel=\"noopener\"><img loading=\"lazy\" class=\"size-medium wp-image-7188 aligncenter\" src=\"https:\/\/revistacienciaecultura.org.br\/wp-content\/uploads\/2024\/10\/livro-3-189x300.jpg\" alt=\"\" width=\"189\" height=\"300\" srcset=\"https:\/\/revistacienciaecultura.org.br\/wp-content\/uploads\/2024\/10\/livro-3-189x300.jpg 189w, https:\/\/revistacienciaecultura.org.br\/wp-content\/uploads\/2024\/10\/livro-3-8x12.jpg 8w, https:\/\/revistacienciaecultura.org.br\/wp-content\/uploads\/2024\/10\/livro-3.jpg 433w\" sizes=\"(max-width: 189px) 100vw, 189px\" \/><\/a><\/p>\n<h4 id=\"detetives-da-comida-o-que-comemos-e-por-que-comemos-o-que-comemos\"><a href=\"https:\/\/www.livrosabertos.sibi.usp.br\/portaldelivrosUSP\/catalog\/book\/1134\">Detetives da comida: o que comemos e por que comemos o que comemos?<\/a><\/h4>\n<p>Este livreto impactante do Clube Brasileiro de Sa\u00fade Planet\u00e1ria explora o que e por que comemos, defendendo a sa\u00fade das pessoas e do planeta. Ele nos guia numa jornada sobre alimenta\u00e7\u00e3o e cultivo de alimentos, destacando a conex\u00e3o entre sa\u00fade humana e planet\u00e1ria. Um convite para unir esfor\u00e7os em prol do nosso planeta.<\/p>\n<p>&nbsp;<\/p>\n<h1 id=\"\"><a href=\"https:\/\/www.livrosabertos.sibi.usp.br\/portaldelivrosUSP\/catalog\/book\/1123\" target=\"_blank\" rel=\"noopener\"><img loading=\"lazy\" class=\"size-medium wp-image-7189 aligncenter\" src=\"https:\/\/revistacienciaecultura.org.br\/wp-content\/uploads\/2024\/10\/livro-4-202x300.jpg\" alt=\"\" width=\"202\" height=\"300\" srcset=\"https:\/\/revistacienciaecultura.org.br\/wp-content\/uploads\/2024\/10\/livro-4-202x300.jpg 202w, https:\/\/revistacienciaecultura.org.br\/wp-content\/uploads\/2024\/10\/livro-4-8x12.jpg 8w, https:\/\/revistacienciaecultura.org.br\/wp-content\/uploads\/2024\/10\/livro-4.jpg 464w\" sizes=\"(max-width: 202px) 100vw, 202px\" \/><\/a><\/h1>\n<h4 id=\"doma-saberes-negros-e-enfrentamento-ao-racismo\"><a href=\"https:\/\/www.livrosabertos.sibi.usp.br\/portaldelivrosUSP\/catalog\/book\/1123\">Doma: saberes negros e enfrentamento ao racismo<\/a><\/h4>\n<p>Este livro re\u00fane pesquisadores dedicados a identidades raciais, educa\u00e7\u00e3o e povos tradicionais de matriz africana, destacando a nova gera\u00e7\u00e3o de acad\u00eamicos comprometidos com a transforma\u00e7\u00e3o social. Da teoria \u00e0 milit\u00e2ncia, os estudos questionam a iniquidade social e mostram como etnografia e mudan\u00e7a andam juntas. Um olhar revelador sobre temas cruciais para a sociedade.<\/p>\n<p>&nbsp;<\/p>\n<p><a href=\"https:\/\/www.livrosabertos.sibi.usp.br\/portaldelivrosUSP\/catalog\/book\/1118\" target=\"_blank\" rel=\"noopener\"><img loading=\"lazy\" class=\"size-medium wp-image-7190 aligncenter\" src=\"https:\/\/revistacienciaecultura.org.br\/wp-content\/uploads\/2024\/10\/livro-5-211x300.jpg\" alt=\"\" width=\"211\" height=\"300\" srcset=\"https:\/\/revistacienciaecultura.org.br\/wp-content\/uploads\/2024\/10\/livro-5-211x300.jpg 211w, https:\/\/revistacienciaecultura.org.br\/wp-content\/uploads\/2024\/10\/livro-5-8x12.jpg 8w, https:\/\/revistacienciaecultura.org.br\/wp-content\/uploads\/2024\/10\/livro-5.jpg 485w\" sizes=\"(max-width: 211px) 100vw, 211px\" \/><\/a><\/p>\n<p>&nbsp;<\/p>\n<h4 id=\"bem-estar-na-cultura-consumo-de-satisfacoes\"><a href=\"https:\/\/www.livrosabertos.sibi.usp.br\/portaldelivrosUSP\/catalog\/book\/1118\">Bem estar na cultura: consumo de satisfa\u00e7\u00f5es?<\/a><\/h4>\n<p>Neste mundo de fake news, este livro re\u00fane professores e pesquisadores para explorar a psican\u00e1lise na cultura contempor\u00e2nea. Aborda discursos capitalistas, publicidade e propaganda, convidando \u00e0 reflex\u00e3o sobre valores sociais e constru\u00e7\u00e3o de subjetividades. Essencial para entender o consumo e midiatiza\u00e7\u00e3o, e para quem busca uma coletividade mais saud\u00e1vel e informada.<\/p>\n<p>&nbsp;<\/p>\n<p><a href=\"https:\/\/www.livrosabertos.sibi.usp.br\/portaldelivrosUSP\/catalog\/book\/1116\" target=\"_blank\" rel=\"noopener\"><img loading=\"lazy\" class=\"size-medium wp-image-7191 aligncenter\" src=\"https:\/\/revistacienciaecultura.org.br\/wp-content\/uploads\/2024\/10\/livro-6-212x300.jpg\" alt=\"\" width=\"212\" height=\"300\" srcset=\"https:\/\/revistacienciaecultura.org.br\/wp-content\/uploads\/2024\/10\/livro-6-212x300.jpg 212w, https:\/\/revistacienciaecultura.org.br\/wp-content\/uploads\/2024\/10\/livro-6-8x12.jpg 8w, https:\/\/revistacienciaecultura.org.br\/wp-content\/uploads\/2024\/10\/livro-6.jpg 487w\" sizes=\"(max-width: 212px) 100vw, 212px\" \/><\/a><\/p>\n<p>&nbsp;<\/p>\n<h4 id=\"maes-cientistas-perspectivas-e-desafios-na-academia\"><a href=\"https:\/\/www.livrosabertos.sibi.usp.br\/portaldelivrosUSP\/catalog\/book\/1116\">M\u00e3es cientistas: perspectivas e desafios na academia<\/a><\/h4>\n<p>&#8220;M\u00e3es Cientistas &#8211; Perspectivas e Desafios na Academia&#8221; traz 15 relatos envolventes de mulheres que conciliam maternidade e carreira acad\u00eamica. Revela desafios emocionais e estruturais, desigualdades de g\u00eanero e estere\u00f3tipos na academia. Um convite poderoso para debater pol\u00edticas institucionais que apoiem m\u00e3es e pais universit\u00e1rios, promovendo diversidade e equidade de g\u00eanero.<\/p>\n<p>&nbsp;<\/p>\n<p><a href=\"https:\/\/www.livrosabertos.sibi.usp.br\/portaldelivrosUSP\/catalog\/book\/1112\" target=\"_blank\" rel=\"noopener\"><img loading=\"lazy\" class=\"size-medium wp-image-7192 aligncenter\" src=\"https:\/\/revistacienciaecultura.org.br\/wp-content\/uploads\/2024\/10\/livro-7-212x300.jpg\" alt=\"\" width=\"212\" height=\"300\" srcset=\"https:\/\/revistacienciaecultura.org.br\/wp-content\/uploads\/2024\/10\/livro-7-212x300.jpg 212w, https:\/\/revistacienciaecultura.org.br\/wp-content\/uploads\/2024\/10\/livro-7-8x12.jpg 8w, https:\/\/revistacienciaecultura.org.br\/wp-content\/uploads\/2024\/10\/livro-7.jpg 487w\" sizes=\"(max-width: 212px) 100vw, 212px\" \/><\/a><\/p>\n<p>&nbsp;<\/p>\n<h4 id=\"o-dito-e-o-interdito-do-desenvolvimento-socioeconomico\"><a href=\"https:\/\/www.livrosabertos.sibi.usp.br\/portaldelivrosUSP\/catalog\/book\/1112\">O dito e o interdito do desenvolvimento socioecon\u00f4mico<\/a><\/h4>\n<p>&#8220;O Dito e o Interdito do Desenvolvimento Socioecon\u00f4mico&#8221; desafia a vis\u00e3o tradicional da Economia como Ci\u00eancia Social. Os autores exploram o expl\u00edcito e o oculto, abordando PIB, IDH, seguran\u00e7a alimentar, privacidade el\u00e9trica e dilemas entre ci\u00eancia e ideologia. Este e-book oferece perspectivas ricas para entender o desenvolvimento socioecon\u00f4mico justo, convidando \u00e0 reflex\u00e3o e a\u00e7\u00e3o por uma sociedade mais igualit\u00e1ria.<\/p>\n<p>&nbsp;<\/p>\n<p><a href=\"https:\/\/www.livrosabertos.sibi.usp.br\/portaldelivrosUSP\/catalog\/book\/1104\" target=\"_blank\" rel=\"noopener\"><img loading=\"lazy\" class=\"size-medium wp-image-7193 aligncenter\" src=\"https:\/\/revistacienciaecultura.org.br\/wp-content\/uploads\/2024\/10\/livro-8-212x300.jpg\" alt=\"\" width=\"212\" height=\"300\" srcset=\"https:\/\/revistacienciaecultura.org.br\/wp-content\/uploads\/2024\/10\/livro-8-212x300.jpg 212w, https:\/\/revistacienciaecultura.org.br\/wp-content\/uploads\/2024\/10\/livro-8-8x12.jpg 8w, https:\/\/revistacienciaecultura.org.br\/wp-content\/uploads\/2024\/10\/livro-8.jpg 487w\" sizes=\"(max-width: 212px) 100vw, 212px\" \/><\/a><\/p>\n<p>&nbsp;<\/p>\n<h4 id=\"reflexoes-sobre-pluralismo-juridico-e-justicas-indigenas\"><a href=\"https:\/\/www.livrosabertos.sibi.usp.br\/portaldelivrosUSP\/catalog\/book\/1104\">Reflex\u00f5es sobre pluralismo jur\u00eddico e justi\u00e7as ind\u00edgenas<\/a><\/h4>\n<p>&#8220;Reflex\u00f5es sobre Pluralismo Jur\u00eddico e Justi\u00e7as Ind\u00edgenas&#8221; explora conflitos e tens\u00f5es nos direitos das diferentes culturas. O e-book debate o tratamento dos povos ind\u00edgenas, confrontando perspectivas coloniais nos instrumentos legais latino-americanos. Com teorias e metodologias, reflete sobre colonialismo e a luta dos povos origin\u00e1rios por justi\u00e7a, oferecendo um convite para entender os diversos olhares entre culturas e sistemas jur\u00eddicos.<\/p>\n<p>&nbsp;<\/p>\n<p><a href=\"https:\/\/www.livrosabertos.sibi.usp.br\/portaldelivrosUSP\/catalog\/book\/1096\" target=\"_blank\" rel=\"noopener\"><img loading=\"lazy\" class=\"size-medium wp-image-7194 aligncenter\" src=\"https:\/\/revistacienciaecultura.org.br\/wp-content\/uploads\/2024\/10\/livro-9-225x300.jpg\" alt=\"\" width=\"225\" height=\"300\" srcset=\"https:\/\/revistacienciaecultura.org.br\/wp-content\/uploads\/2024\/10\/livro-9-225x300.jpg 225w, https:\/\/revistacienciaecultura.org.br\/wp-content\/uploads\/2024\/10\/livro-9-9x12.jpg 9w, https:\/\/revistacienciaecultura.org.br\/wp-content\/uploads\/2024\/10\/livro-9.jpg 516w\" sizes=\"(max-width: 225px) 100vw, 225px\" \/><\/a><\/p>\n<p>&nbsp;<\/p>\n<h4 id=\"biodiversidade-e-sistemas-alimentares-a-contribuicao-invisivel-das-abelhas-sem-ferrao\"><a href=\"https:\/\/www.livrosabertos.sibi.usp.br\/portaldelivrosUSP\/catalog\/book\/1096\"><strong>Biodiversidade e sistemas alimentares: a contribui\u00e7\u00e3o (in)vis\u00edvel das abelhas sem ferr\u00e3o<\/strong><\/a><\/h4>\n<p>Fruto da colabora\u00e7\u00e3o entre o Sustentarea e o Projeto Horta Comunit\u00e1ria da FSP-USP, este livro destaca a import\u00e2ncia das abelhas sem ferr\u00e3o na poliniza\u00e7\u00e3o e biodiversidade. Com cinco cap\u00edtulos, aborda servi\u00e7os ecossist\u00eamicos, receitas culin\u00e1rias com mel e ensina a construir ninhos. Um mergulho na vital import\u00e2ncia desses pequenos insetos para a preserva\u00e7\u00e3o da natureza.<\/p>\n<p>&nbsp;<\/p>\n<p>&nbsp;<\/p>\n<p><strong>Voc\u00ea pode conferir todos os t\u00edtulos aqui:<\/strong><\/p>\n<p><strong><span style=\"color: #800000;\"><a style=\"color: #800000;\" href=\"https:\/\/www.livrosabertos.sibi.usp.br\/portaldelivrosUSP\/catalog\">https:\/\/www.livrosabertos.sibi.usp.br\/portaldelivrosUSP\/catalog<\/a><\/span><\/strong><\/p>\n","protected":false},"excerpt":{"rendered":"Portal de Livros Abertos da USP possui obras de v\u00e1rias \u00e1reas da&hellip;\n","protected":false},"author":19,"featured_media":7195,"comment_status":"open","ping_status":"open","sticky":false,"template":"","format":"standard","meta":[],"categories":[1,2],"tags":[],"acf":[],"_links":{"self":[{"href":"https:\/\/revistacienciaecultura.org.br\/index.php?rest_route=\/wp\/v2\/posts\/7185"}],"collection":[{"href":"https:\/\/revistacienciaecultura.org.br\/index.php?rest_route=\/wp\/v2\/posts"}],"about":[{"href":"https:\/\/revistacienciaecultura.org.br\/index.php?rest_route=\/wp\/v2\/types\/post"}],"author":[{"embeddable":true,"href":"https:\/\/revistacienciaecultura.org.br\/index.php?rest_route=\/wp\/v2\/users\/19"}],"replies":[{"embeddable":true,"href":"https:\/\/revistacienciaecultura.org.br\/index.php?rest_route=%2Fwp%2Fv2%2Fcomments&post=7185"}],"version-history":[{"count":3,"href":"https:\/\/revistacienciaecultura.org.br\/index.php?rest_route=\/wp\/v2\/posts\/7185\/revisions"}],"predecessor-version":[{"id":7198,"href":"https:\/\/revistacienciaecultura.org.br\/index.php?rest_route=\/wp\/v2\/posts\/7185\/revisions\/7198"}],"wp:featuredmedia":[{"embeddable":true,"href":"https:\/\/revistacienciaecultura.org.br\/index.php?rest_route=\/wp\/v2\/media\/7195"}],"wp:attachment":[{"href":"https:\/\/revistacienciaecultura.org.br\/index.php?rest_route=%2Fwp%2Fv2%2Fmedia&parent=7185"}],"wp:term":[{"taxonomy":"category","embeddable":true,"href":"https:\/\/revistacienciaecultura.org.br\/index.php?rest_route=%2Fwp%2Fv2%2Fcategories&post=7185"},{"taxonomy":"post_tag","embeddable":true,"href":"https:\/\/revistacienciaecultura.org.br\/index.php?rest_route=%2Fwp%2Fv2%2Ftags&post=7185"}],"curies":[{"name":"wp","href":"https:\/\/api.w.org\/{rel}","templated":true}]}}