{"id":7203,"date":"2024-10-09T07:30:38","date_gmt":"2024-10-09T07:30:38","guid":{"rendered":"https:\/\/revistacienciaecultura.org.br\/?p=7203"},"modified":"2024-10-08T19:04:39","modified_gmt":"2024-10-08T19:04:39","slug":"dia-de-luta-pela-democracia-os-desafios-da-ciencia","status":"publish","type":"post","link":"https:\/\/revistacienciaecultura.org.br\/?p=7203","title":{"rendered":"Dia de Luta pela Democracia: os desafios da ci\u00eancia"},"content":{"rendered":"<h4 id=\"painel-democracia-ciencia-e-desinformacao-abordou-o-crescente-apoio-publico-a-conservadores-e-extrema-direita-e-o-desencanto-da-sociedade-com-a-pauta-progressista\"><span style=\"color: #808080;\">Painel \u201cDemocracia, Ci\u00eancia e Desinforma\u00e7\u00e3o\u201d abordou o crescente apoio p\u00fablico a conservadores e extrema direita e o desencanto da sociedade com a pauta progressista<\/span><\/h4>\n<p>&nbsp;<\/p>\n<p>Ao se completar o quinto ciclo eleitoral no Brasil desde 2016 com predomin\u00e2ncia da direita extrema e conservadora \u00e9 preciso investigar o motivo da persist\u00eancia do voto da maioria da popula\u00e7\u00e3o nessas pautas e do desencanto com o progressismo e as esquerdas. A opini\u00e3o \u00e9 do fil\u00f3sofo Wilson Gomes, um dos palestrantes do painel \u201cDemocracia, Ci\u00eancia e Desinforma\u00e7\u00e3o\u201d da programa\u00e7\u00e3o do Dia de Luta pela Democracia promovido pela Sociedade Brasileira para o Progresso da Ci\u00eancia (SBPC).<\/p>\n<p>Sob a coordena\u00e7\u00e3o de Claudia Linhares Sales, secret\u00e1ria-geral da SBPC, o painel contou tamb\u00e9m com a participa\u00e7\u00e3o das pesquisadoras Ana Regina Barros R\u00eago Leal, da Universidade Federal do Piau\u00ed (UFPI) e Thaiane Moreira de Oliveira, da Universidade Federal Fluminens (UFF). O presidente da SBPC, Renato Janine Ribeiro, abriu o evento.<\/p>\n<p>Fil\u00f3sofo, professor da Universidade Federal da Bahia (UFBA), coordenador do Instituto Nacional de Ci\u00eancia e Tecnologia (INCT) Democracia Digital e refer\u00eancia acad\u00eamica na \u00e1rea da Comunica\u00e7\u00e3o, Gomes falou sobre a tend\u00eancia de votos majorit\u00e1rios em conservadores e na extrema direita que vem sendo observada n\u00e3o s\u00f3 no Brasil, mas em v\u00e1rios pa\u00edses, em muitos casos elegendo autocratas que colocam em risco o pr\u00f3prio sistema democr\u00e1tico que os elegeu.<\/p>\n<p>\u201cMetade dos americanos, pela terceira vez, ir\u00e1 votar na extrema direita; metade dos brasileiros, j\u00e1 na quinta elei\u00e7\u00e3o neste ciclo eleitoral, tende a votar na extrema direita tamb\u00e9m, ou seja, \u00e9 um n\u00famero que faz pensar\u201d, afirmou Gomes. Na vis\u00e3o dele, ap\u00f3s dez anos de vit\u00f3rias sucessivas da direita em todos os pleitos, n\u00e3o \u00e9 mais poss\u00edvel explicar o fen\u00f4meno como um rompante.<\/p>\n<p>\u201cA percep\u00e7\u00e3o, opini\u00e3o e a vontade pol\u00edtica das pessoas mudaram nos \u00faltimos tempos e por diversas raz\u00f5es. A rigor, os conservadores de direita n\u00e3o conquistaram as massas, foram elas que se tornaram mais conservadoras e radicalizadas, e cada vez mais afastadas da esquerda e dos progressistas, muitos se tornaram genuinamente hostis a posi\u00e7\u00f5es da esquerda e progressistas\u201d, afirmou Gomes.<\/p>\n<p>&nbsp;<\/p>\n<h4 id=\"apoio-a-ditaduras\"><strong>Apoio a ditaduras<\/strong><\/h4>\n<p>A percep\u00e7\u00e3o de crescente apoio \u00e0 extrema direita, autocracias e governos ditatoriais tem base em dados e estudos em v\u00e1rios pa\u00edses, dos EUA ao Reino Unido, da Alemanha \u00e0 \u00cdndia, alguns deles trazidos pela pesquisadora Ana Regina Barros R\u00eago Leal. Ela destacou um relat\u00f3rio recente da Economist Intelligence Unit (EIU) \u2013 divis\u00e3o de pesquisa e an\u00e1lise do Economist Group, empresa de m\u00eddia com sede em Londres que edita o jornal\u00a0<em>The Economist<\/em>\u00a0\u2013 que mostra uma queda de 11% para 7,8% da popula\u00e7\u00e3o mundial vivendo em democracias plenas, de 2011 para 2024. O estudo da EIU analisa 60 indicadores classificados em cinco categorias, incluindo pluralismo, liberdades civis e cultura pol\u00edtica, em 25 pa\u00edses.<\/p>\n<p>Em outro relat\u00f3rio, da Universidade de Gottenburgo, com uma metodologia diferente da EIU, s\u00e3o citados 42 pa\u00edses em processo de autocratiza\u00e7\u00e3o e 18 em processo de democratiza\u00e7\u00e3o. Leal ressaltou deste relat\u00f3rio a posi\u00e7\u00e3o dos Brics \u2013 sigla para o grupo de pa\u00edses emergentes Brasil, R\u00fassia, \u00cdndia, China e \u00c1frica do Sul \u2013 onde, de acordo com o estudo, a democracia n\u00e3o tem sido um pressuposto para a estrutura\u00e7\u00e3o das rela\u00e7\u00f5es comerciais e expans\u00e3o econ\u00f4mica.<\/p>\n<p>Nestes e em outros trabalhos como o do F\u00f3rum Econ\u00f4mico Mundial, o ponto em comum \u00e9 a rela\u00e7\u00e3o entre a desinforma\u00e7\u00e3o e as mudan\u00e7as democr\u00e1ticas. \u201cA quest\u00e3o da desinforma\u00e7\u00e3o, sobretudo dentro de uma sociedade inclu\u00edda digitalmente em um capitalismo tecnol\u00f3gico, termina por perpassar diversos outros estudos, incluindo o meio ambiente, porque a desinforma\u00e7\u00e3o nessa \u00e1rea tamb\u00e9m \u00e9 bem complicada\u201d, comentou Leal.<\/p>\n<p>&nbsp;<\/p>\n<h4 id=\"desinformacao-e-crise\"><strong>Desinforma\u00e7\u00e3o e crise<\/strong><\/h4>\n<p>Thaiane Moreira de Oliveira, que tem como tema de pesquisa desinforma\u00e7\u00e3o relacionada \u00e0 ci\u00eancia, destacou o \u00faltimo relat\u00f3rio sobre a percep\u00e7\u00e3o p\u00fablica da ci\u00eancia produzido pelo Centro de Gest\u00e3o e Estudos Estrat\u00e9gicos (CGEE) em parceria com o Instituto Nacional de Comunica\u00e7\u00e3o P\u00fablica da Ci\u00eancia e Tecnologia (INCT-CPCT) e da SBPC, demonstrando o interesse de 83% da popula\u00e7\u00e3o em ser ouvida em temas relacionados \u00e0 Ci\u00eancia, Tecnologia e Inova\u00e7\u00e3o.<\/p>\n<p>\u201cFa\u00e7o um chamado \u00e0 reconstru\u00e7\u00e3o da ordem democr\u00e1tica atrav\u00e9s de uma ci\u00eancia que de fato seja inclusiva, n\u00e3o apenas pelo acesso \u00e0 informa\u00e7\u00e3o, mas tamb\u00e9m uma transforma\u00e7\u00e3o mais profunda que implique reconhecer as diferentes formas de saber que t\u00eam sido marginalizadas, reconhecendo os conhecimentos tradicionais\u201d, afirmou Oliveira.<\/p>\n<p>Ao final do painel, o presidente da SBPC Renato Janine Ribeiro opinou sobre a dificuldade da luta pela democracia devido aos retrocessos observados nos \u00faltimos anos. \u201cOs desafios mudaram, os rem\u00e9dios antigos n\u00e3o funcionam mais e, infelizmente, algumas propostas novas ainda padecem de problemas s\u00e9rios\u201d, concluiu.<\/p>\n<p>O \u201cDia de Luta pela Democracia Brasileira\u201d foi realizado segunda-feira (7\/10) no modo online com transmiss\u00e3o ao vivo pelo canal da SBPC no YouTube. A data, celebrada em 5 de outubro \u2013 dia em que foi promulgada a Constitui\u00e7\u00e3o de 1988 \u2013, \u00e9 uma oportunidade de reflex\u00e3o sobre o per\u00edodo da ditadura militar e a import\u00e2ncia da liberdade em contraste com o autoritarismo.<\/p>\n<p>Assista ao debate<span style=\"color: #800000;\"><strong>\u00a0<a style=\"color: #800000;\" href=\"https:\/\/www.youtube.com\/watch?v=8-qudXhTUtI&amp;ab_channel=SBPCnet\" target=\"_blank\" rel=\"noopener\">\u201cDia de Luta pela Democracia Brasileira \u2013 Democracia, Ci\u00eancia e Desinforma\u00e7\u00e3o\u201d<\/a><\/strong><\/span>\u00a0na \u00edntegra pelo canal da SBPC no Youtube<\/p>\n<p><span style=\"color: #808080;\"><a style=\"color: #808080;\" href=\"https:\/\/www.jornaldaciencia.org.br\/\" target=\"_blank\" rel=\"noopener\"><em>Jornal da Ci\u00eancia<\/em><\/a><\/span><\/p>\n","protected":false},"excerpt":{"rendered":"Painel \u201cDemocracia, Ci\u00eancia e Desinforma\u00e7\u00e3o\u201d abordou o crescente apoio p\u00fablico a conservadores&hellip;\n","protected":false},"author":19,"featured_media":7178,"comment_status":"open","ping_status":"open","sticky":false,"template":"","format":"standard","meta":[],"categories":[1,2],"tags":[],"acf":[],"_links":{"self":[{"href":"https:\/\/revistacienciaecultura.org.br\/index.php?rest_route=\/wp\/v2\/posts\/7203"}],"collection":[{"href":"https:\/\/revistacienciaecultura.org.br\/index.php?rest_route=\/wp\/v2\/posts"}],"about":[{"href":"https:\/\/revistacienciaecultura.org.br\/index.php?rest_route=\/wp\/v2\/types\/post"}],"author":[{"embeddable":true,"href":"https:\/\/revistacienciaecultura.org.br\/index.php?rest_route=\/wp\/v2\/users\/19"}],"replies":[{"embeddable":true,"href":"https:\/\/revistacienciaecultura.org.br\/index.php?rest_route=%2Fwp%2Fv2%2Fcomments&post=7203"}],"version-history":[{"count":2,"href":"https:\/\/revistacienciaecultura.org.br\/index.php?rest_route=\/wp\/v2\/posts\/7203\/revisions"}],"predecessor-version":[{"id":7205,"href":"https:\/\/revistacienciaecultura.org.br\/index.php?rest_route=\/wp\/v2\/posts\/7203\/revisions\/7205"}],"wp:featuredmedia":[{"embeddable":true,"href":"https:\/\/revistacienciaecultura.org.br\/index.php?rest_route=\/wp\/v2\/media\/7178"}],"wp:attachment":[{"href":"https:\/\/revistacienciaecultura.org.br\/index.php?rest_route=%2Fwp%2Fv2%2Fmedia&parent=7203"}],"wp:term":[{"taxonomy":"category","embeddable":true,"href":"https:\/\/revistacienciaecultura.org.br\/index.php?rest_route=%2Fwp%2Fv2%2Fcategories&post=7203"},{"taxonomy":"post_tag","embeddable":true,"href":"https:\/\/revistacienciaecultura.org.br\/index.php?rest_route=%2Fwp%2Fv2%2Ftags&post=7203"}],"curies":[{"name":"wp","href":"https:\/\/api.w.org\/{rel}","templated":true}]}}