{"id":7311,"date":"2024-10-15T07:30:49","date_gmt":"2024-10-15T07:30:49","guid":{"rendered":"https:\/\/revistacienciaecultura.org.br\/?p=7311"},"modified":"2024-10-14T17:12:22","modified_gmt":"2024-10-14T17:12:22","slug":"sbpc-celebra-centenario-de-aziz-absaber-um-dos-maiores-geografos-do-brasil","status":"publish","type":"post","link":"https:\/\/revistacienciaecultura.org.br\/?p=7311","title":{"rendered":"SBPC celebra centen\u00e1rio de Aziz Ab\u2019S\u00e1ber, um dos maiores ge\u00f3grafos do Brasil"},"content":{"rendered":"<h4 id=\"a-sbpc-promove-uma-mesa-redonda-no-dia-24-de-outubro-para-homenagear-a-vida-e-as-contribuicoes-de-absaber\"><span style=\"color: #808080;\">A SBPC promove uma mesa-redonda no dia 24 de outubro para homenagear a vida e as contribui\u00e7\u00f5es de Ab\u2019S\u00e1ber<\/span><\/h4>\n<p>&nbsp;<\/p>\n<p>A Sociedade Brasileira para o Progresso da Ci\u00eancia (SBPC) realiza no dia 24 de outubro, \u00e0s 14h, uma mesa-redonda em homenagem ao centen\u00e1rio de nascimento de Aziz Ab\u00b4S\u00e1ber, ge\u00f3grafo, professor universit\u00e1rio brasileiro e presidente da SBPC entre 1993-95. O evento ser\u00e1 no Sal\u00e3o Nobre do Centro MariAntonia da Universidade de S\u00e3o Paulo (USP), na rua Maria Ant\u00f4nia, 294 \u2013 3\u00ba andar, na capital paulista.<\/p>\n<p>A abertura ser\u00e1 feita por Renato Janine Ribeiro, presidente da SBPC, e a coordena\u00e7\u00e3o ficar\u00e1 a cargo de Francisco de Assis Mendon\u00e7a, professor titular da Universidade Federal do Paran\u00e1 (UFPR) e organizador do livro \u201c<span style=\"color: #800000;\"><a style=\"color: #800000;\" href=\"https:\/\/portal.sbpcnet.org.br\/livro\/Aziz-Nacib-Ab-Saber.pdf\" target=\"_blank\" rel=\"noopener\"><strong>Aziz Nacib Ab\u2019S\u00e1ber: Ci\u00eancia, meio ambiente e cidadania (Uma homenagem ao Mestre!)<\/strong><\/a><\/span>\u201c, lan\u00e7ado recentemente pela SBPC. Participam da mesa Helena Nader, presidente da Academia Brasileira de Ci\u00eancias (ABC) e presidente de honra da SBPC, Aldo Malavasi, professor titular aposentado de Evolu\u00e7\u00e3o do Departamento de Gen\u00e9tica da USP e ex-diretor da SBPC; Roseli de Deus Lopes, professora titular da Escola Polit\u00e9cnica da USP e tamb\u00e9m ex-diretora da SBPC, e Tales Ab\u2019S\u00e1ber, filho\u00a0do ge\u00f3grafo e professor de Filosofia da Psican\u00e1lise da Universidade Federal de S\u00e3o Paulo (Unifesp).<\/p>\n<p>Na ocasi\u00e3o ser\u00e1 realizado o lan\u00e7amento do livro \u201c<em><b>Leituras Indispens\u00e1veis 4 Contribui\u00e7\u00f5es do Prof. Aziz Nacib Ab\u2019S\u00e1ber\u201d<\/b><\/em>, tamb\u00e9m organizado pelo professor Francisco Mendon\u00e7a.<\/p>\n<p><b>O evento \u00e9 gratuito e aberto a todos, respeitando-se o limite lugares do sal\u00e3o.<\/b><\/p>\n<h4 id=\"\"><\/h4>\n<h4 id=\"aziz-absaber\"><strong>Aziz Ab\u2019S\u00e1ber<\/strong><\/h4>\n<p>Aziz Nacib Ab\u2019S\u00e1ber nasceu em 24 de outubro de 1924 em S\u00e3o Luiz do Paraitinga, interior de S\u00e3o Paulo, e faleceu em 16 de mar\u00e7o de 2012, aos 87 anos, em decorr\u00eancia de um infarto. Ele \u00e9 considerado um dos ge\u00f3grafos mais importantes do mundo. Entre suas principais contribui\u00e7\u00f5es, identificou os dom\u00ednios morfoclim\u00e1ticos do Brasil, fundamental para a compreens\u00e3o e delimita\u00e7\u00e3o do territ\u00f3rio brasileiro.<\/p>\n<p>Ab\u2019S\u00e1ber graduou-se em Geografia e Hist\u00f3ria pela USP em 1944. Ali seguiu a carreira acad\u00eamica e concluiu seu doutorado em Geografia em 1956. Anos depois, tornou-se livre-docente (1968) e professor titular de Geografia F\u00edsica (1968) nessa institui\u00e7\u00e3o, onde, anos mais tarde, recebeu o t\u00edtulo de professor em\u00e9rito da Faculdade de Filosofia, Letras e Ci\u00eancias Humanas (FFLCH).<\/p>\n<p>O ge\u00f3grafo \u00e9 um dos homenageados no calend\u00e1rio\u00a0<span style=\"color: #800000;\"><strong><a style=\"color: #800000;\" href=\"https:\/\/sbpcacervodigital.org.br\/items\/d24cf54c-5e44-4af3-a998-a79f70dc36d4\" target=\"_blank\" rel=\"noopener\">\u201cAmigos da Ci\u00eancia \u2013 os presidentes da SBPC\u201d<\/a><\/strong><\/span>, lan\u00e7ado em julho de 2024 pela SBPC. Al\u00e9m dos dois anos na Presid\u00eancia da entidade, na d\u00e9cada de 1990, Ab\u00b4S\u00e1ber foi diretor da institui\u00e7\u00e3o duas vezes, primeiro como vice-presidente entre 1983 e 1985, na gest\u00e3o de Crodowaldo Pavan, e depois como secret\u00e1rio, na gest\u00e3o da primeira presidenta da SBPC, Carolina Bori, de 1987 a 1989. Na Diretoria da SBPC, integrou comiss\u00f5es de relev\u00e2ncia nacional, como a que elaborou propostas para a Assembleia Nacional Constituinte e a que defendeu a emenda popular contra a fabrica\u00e7\u00e3o e transporte de armas nucleares no Brasil. Tamb\u00e9m foi um ferrenho defensor do meio ambiente e cr\u00edtico da privatiza\u00e7\u00e3o da Vale do Rio Doce e das altera\u00e7\u00f5es no C\u00f3digo Florestal, contribuindo para o aperfei\u00e7oamento de pol\u00edticas ambientais.<\/p>\n<p>Ab\u2019S\u00e1ber tamb\u00e9m presidiu o Conselho de Defesa do Patrim\u00f4nio Hist\u00f3rico, Arqueol\u00f3gico, Art\u00edstico e Tur\u00edstico de S\u00e3o Paulo (Condephaat) em 1983, onde promoveu a preserva\u00e7\u00e3o do patrim\u00f4nio ambiental do estado. Foi idealizador do premiado projeto\u00a0<em>Floram<\/em>, pelo Instituto de Estudos Avan\u00e7ados da USP, e atuou como consultor t\u00e9cnico de diversos governos.<\/p>\n<p>Entre as muitas distin\u00e7\u00f5es que recebeu em vida, est\u00e3o o Pr\u00eamio Jabuti (1997, 2005 e 2007), o Pr\u00eamio Almirante \u00c1lvaro Alberto (1999), a Medalha Gr\u00e3o-Cruz em Ci\u00eancias da Terra da Academia Brasileira de Ci\u00eancias, o Pr\u00eamio Unesco para Ci\u00eancia e Meio Ambiente (2001) e o t\u00edtulo de Intelectual do Ano com o Pr\u00eamio Juca Pato (2011).<\/p>\n<p><strong>SERVI\u00c7O<\/strong><\/p>\n<p><strong>Centen\u00e1rio do Professor AZIZ AB\u2019S\u00c1BER<\/strong><\/p>\n<p><strong>Data:<\/strong>\u00a024 de outubro de 2024<\/p>\n<p><strong>Hor\u00e1rio:<\/strong>\u00a014h<\/p>\n<p><strong>Local:<\/strong>\u00a0Centro MariAntonia USP (rua Maria Ant\u00f4nia, 294 \u2013 3\u00ba andar)<\/p>\n<p><strong>Abertura:<\/strong>\u00a0Renato Janine Ribeiro (USP \u2013 Presidente da SBPC)<\/p>\n<p><strong>Coordena\u00e7\u00e3o:<\/strong>\u00a0Francisco de Assis Mendon\u00e7a (UFPR)<\/p>\n<p><strong>Participantes:<\/strong>\u00a0Helena Nader (Unifesp\/ABC), Aldo Malavasi (USP), Roseli de Deus Lopes (USP) e Tales Ab\u2019Saber (Unifesp)<\/p>\n<p>&nbsp;<\/p>\n<p><span style=\"color: #808080;\"><em>Jornal da Ci\u00eancia<\/em><\/span><\/p>\n","protected":false},"excerpt":{"rendered":"A SBPC promove uma mesa-redonda no dia 24 de outubro para homenagear&hellip;\n","protected":false},"author":19,"featured_media":5880,"comment_status":"open","ping_status":"open","sticky":false,"template":"","format":"standard","meta":[],"categories":[1,2],"tags":[],"acf":[],"_links":{"self":[{"href":"https:\/\/revistacienciaecultura.org.br\/index.php?rest_route=\/wp\/v2\/posts\/7311"}],"collection":[{"href":"https:\/\/revistacienciaecultura.org.br\/index.php?rest_route=\/wp\/v2\/posts"}],"about":[{"href":"https:\/\/revistacienciaecultura.org.br\/index.php?rest_route=\/wp\/v2\/types\/post"}],"author":[{"embeddable":true,"href":"https:\/\/revistacienciaecultura.org.br\/index.php?rest_route=\/wp\/v2\/users\/19"}],"replies":[{"embeddable":true,"href":"https:\/\/revistacienciaecultura.org.br\/index.php?rest_route=%2Fwp%2Fv2%2Fcomments&post=7311"}],"version-history":[{"count":2,"href":"https:\/\/revistacienciaecultura.org.br\/index.php?rest_route=\/wp\/v2\/posts\/7311\/revisions"}],"predecessor-version":[{"id":7313,"href":"https:\/\/revistacienciaecultura.org.br\/index.php?rest_route=\/wp\/v2\/posts\/7311\/revisions\/7313"}],"wp:featuredmedia":[{"embeddable":true,"href":"https:\/\/revistacienciaecultura.org.br\/index.php?rest_route=\/wp\/v2\/media\/5880"}],"wp:attachment":[{"href":"https:\/\/revistacienciaecultura.org.br\/index.php?rest_route=%2Fwp%2Fv2%2Fmedia&parent=7311"}],"wp:term":[{"taxonomy":"category","embeddable":true,"href":"https:\/\/revistacienciaecultura.org.br\/index.php?rest_route=%2Fwp%2Fv2%2Fcategories&post=7311"},{"taxonomy":"post_tag","embeddable":true,"href":"https:\/\/revistacienciaecultura.org.br\/index.php?rest_route=%2Fwp%2Fv2%2Ftags&post=7311"}],"curies":[{"name":"wp","href":"https:\/\/api.w.org\/{rel}","templated":true}]}}