{"id":7314,"date":"2024-10-16T07:30:00","date_gmt":"2024-10-16T07:30:00","guid":{"rendered":"https:\/\/revistacienciaecultura.org.br\/?p=7314"},"modified":"2024-10-15T18:26:07","modified_gmt":"2024-10-15T18:26:07","slug":"descarbonizacao-da-energia-pode-economizar-bilhoes-na-america-latina","status":"publish","type":"post","link":"https:\/\/revistacienciaecultura.org.br\/?p=7314","title":{"rendered":"Descarboniza\u00e7\u00e3o da energia pode economizar bilh\u00f5es na Am\u00e9rica Latina"},"content":{"rendered":"<h4 id=\"estudo-revela-que-a-transicao-para-energias-renovaveis-na-regiao-pode-gerar-bilhoes-em-economia-e-reduzir-a-dependencia-de-combustiveis-fosseis\"><span style=\"color: #808080;\">Estudo revela que a transi\u00e7\u00e3o para energias renov\u00e1veis na regi\u00e3o pode gerar bilh\u00f5es em economia e reduzir a depend\u00eancia de combust\u00edveis f\u00f3sseis<\/span><\/h4>\n<p>&nbsp;<\/p>\n<p>A transi\u00e7\u00e3o para energias renov\u00e1veis na Am\u00e9rica Latina n\u00e3o \u00e9 apenas uma quest\u00e3o ambiental, mas tamb\u00e9m econ\u00f4mica. Um estudo recente publicado na <span style=\"color: #800000;\"><em><strong><a style=\"color: #800000;\" href=\"https:\/\/www.sciencedirect.com\/science\/article\/pii\/S2949821X24000620\" target=\"_blank\" rel=\"noopener\">Next Energy<\/a><\/strong><\/em><\/span>\u00a0aponta que a substitui\u00e7\u00e3o dos combust\u00edveis f\u00f3sseis por fontes limpas pode gerar uma economia de at\u00e9 US$ 21 bilh\u00f5es por ano em dez pa\u00edses da regi\u00e3o. Pa\u00edses como M\u00e9xico e Bol\u00edvia, que dependem fortemente de combust\u00edveis f\u00f3sseis, poderiam economizar at\u00e9 3% de suas receitas governamentais com essa mudan\u00e7a.<\/p>\n<p>Outras na\u00e7\u00f5es, como Costa Rica e Uruguai, j\u00e1 avan\u00e7adas na integra\u00e7\u00e3o de energias renov\u00e1veis, ainda assim veriam benef\u00edcios econ\u00f4micos, embora de forma mais modesta. A pesquisa tamb\u00e9m incluiu Brasil, Argentina, Chile, Col\u00f4mbia, Peru e Equador, destacando as particularidades de cada pa\u00eds.<\/p>\n<p>Especialistas apontam que, al\u00e9m da economia, a transi\u00e7\u00e3o energ\u00e9tica depende de marcos regulat\u00f3rios claros e investimentos em infraestrutura. Thomas Stringer, um dos autores do estudo, ressalta a import\u00e2ncia de pol\u00edticas p\u00fablicas que incentivem o setor privado e facilitem o financiamento de projetos limpos. Ariel Slipak, da Funda\u00e7\u00e3o Ambiente e Recursos Naturais, adverte que a extra\u00e7\u00e3o de minerais essenciais para energias renov\u00e1veis, como o l\u00edtio, tamb\u00e9m precisa ser sustent\u00e1vel.<\/p>\n<p>Em um cen\u00e1rio global de descarboniza\u00e7\u00e3o, o estudo destaca que a efici\u00eancia energ\u00e9tica deve ser priorizada para evitar o aumento descontrolado da demanda. Afinal, a energia mais barata e menos poluente \u00e9 aquela que n\u00e3o se consome.<\/p>\n<p><span style=\"color: #808080;\"><em>Com informa\u00e7\u00f5es de <a style=\"color: #808080;\" href=\"https:\/\/www.scidev.net\/\" target=\"_blank\" rel=\"noopener\">SciDev.Net<\/a><\/em><\/span><\/p>\n<p>&nbsp;<\/p>\n<h6 id=\"capa-abeeolica-reproducao\">Capa. (ABEE\u00f3lica\/Reprodu\u00e7\u00e3o)<\/h6>\n","protected":false},"excerpt":{"rendered":"Estudo revela que a transi\u00e7\u00e3o para energias renov\u00e1veis na regi\u00e3o pode gerar&hellip;\n","protected":false},"author":19,"featured_media":3398,"comment_status":"open","ping_status":"open","sticky":false,"template":"","format":"standard","meta":[],"categories":[1,2],"tags":[],"acf":[],"_links":{"self":[{"href":"https:\/\/revistacienciaecultura.org.br\/index.php?rest_route=\/wp\/v2\/posts\/7314"}],"collection":[{"href":"https:\/\/revistacienciaecultura.org.br\/index.php?rest_route=\/wp\/v2\/posts"}],"about":[{"href":"https:\/\/revistacienciaecultura.org.br\/index.php?rest_route=\/wp\/v2\/types\/post"}],"author":[{"embeddable":true,"href":"https:\/\/revistacienciaecultura.org.br\/index.php?rest_route=\/wp\/v2\/users\/19"}],"replies":[{"embeddable":true,"href":"https:\/\/revistacienciaecultura.org.br\/index.php?rest_route=%2Fwp%2Fv2%2Fcomments&post=7314"}],"version-history":[{"count":3,"href":"https:\/\/revistacienciaecultura.org.br\/index.php?rest_route=\/wp\/v2\/posts\/7314\/revisions"}],"predecessor-version":[{"id":7317,"href":"https:\/\/revistacienciaecultura.org.br\/index.php?rest_route=\/wp\/v2\/posts\/7314\/revisions\/7317"}],"wp:featuredmedia":[{"embeddable":true,"href":"https:\/\/revistacienciaecultura.org.br\/index.php?rest_route=\/wp\/v2\/media\/3398"}],"wp:attachment":[{"href":"https:\/\/revistacienciaecultura.org.br\/index.php?rest_route=%2Fwp%2Fv2%2Fmedia&parent=7314"}],"wp:term":[{"taxonomy":"category","embeddable":true,"href":"https:\/\/revistacienciaecultura.org.br\/index.php?rest_route=%2Fwp%2Fv2%2Fcategories&post=7314"},{"taxonomy":"post_tag","embeddable":true,"href":"https:\/\/revistacienciaecultura.org.br\/index.php?rest_route=%2Fwp%2Fv2%2Ftags&post=7314"}],"curies":[{"name":"wp","href":"https:\/\/api.w.org\/{rel}","templated":true}]}}