{"id":7321,"date":"2024-10-16T10:58:49","date_gmt":"2024-10-16T10:58:49","guid":{"rendered":"https:\/\/revistacienciaecultura.org.br\/?p=7321"},"modified":"2024-10-16T10:58:49","modified_gmt":"2024-10-16T10:58:49","slug":"para-berta-com-amor","status":"publish","type":"post","link":"https:\/\/revistacienciaecultura.org.br\/?p=7321","title":{"rendered":"Para Berta, com amor"},"content":{"rendered":"<h4 id=\"documentario-celebra-a-antropologa-berta-ribeiro-pioneira-nos-estudos-da-cultura-material-indigena-e-defensora-de-uma-sociedade-sustentavel\"><span style=\"color: #808080;\">Document\u00e1rio celebra a antrop\u00f3loga Berta Ribeiro, pioneira nos estudos da cultura material ind\u00edgena e defensora de uma sociedade sustent\u00e1vel<\/span><\/h4>\n<p>&nbsp;<\/p>\n<p>O document\u00e1rio &#8220;<em>Para Berta Com Amor&#8221;<\/em> oferece uma homenagem \u00e0 vida e obra da renomada antrop\u00f3loga romena-brasileira Berta G. Ribeiro, cuja trajet\u00f3ria foi marcada pelo estudo profundo da cultura material dos povos ind\u00edgenas do Brasil. Perto de seu centen\u00e1rio, o filme resgata mem\u00f3rias de amigos, ex-alunos da Escola de Belas Artes (UFRJ), al\u00e9m de colegas do Museu Nacional e do Museu do \u00cdndio, celebrando sua contribui\u00e7\u00e3o para a antropologia brasileira e sua vis\u00e3o de uma sociedade mais sustent\u00e1vel, baseada no uso social da tecnologia ind\u00edgena. Com produ\u00e7\u00e3o da historiadora Bianca Fran\u00e7a e narra\u00e7\u00e3o da etnomusic\u00f3loga Ollivia Maria Gon\u00e7alves, o document\u00e1rio destaca tamb\u00e9m sua parceria com o antrop\u00f3logo Darcy Ribeiro, com quem Berta foi casada e colaborou entre 1948 e 1974.<\/p>\n<p>Esse relato visual oferece uma oportunidade \u00fanica de conhecer a influ\u00eancia de Berta Ribeiro e sua luta pela valoriza\u00e7\u00e3o dos conhecimentos ind\u00edgenas na constru\u00e7\u00e3o de um futuro mais equilibrado e respeitoso com o meio ambiente.<\/p>\n<p>Assista ao document\u00e1rio:<\/p>\n<p><iframe loading=\"lazy\" title=\"&quot;Para Berta, com amor&quot; - Document\u00e1rio\" width=\"1200\" height=\"675\" src=\"https:\/\/www.youtube.com\/embed\/AQnRPRKZXog?feature=oembed\" frameborder=\"0\" allow=\"accelerometer; autoplay; clipboard-write; encrypted-media; gyroscope; picture-in-picture; web-share\" referrerpolicy=\"strict-origin-when-cross-origin\" allowfullscreen><\/iframe><\/p>\n","protected":false},"excerpt":{"rendered":"Document\u00e1rio celebra a antrop\u00f3loga Berta Ribeiro, pioneira nos estudos da cultura material&hellip;\n","protected":false},"author":19,"featured_media":7322,"comment_status":"open","ping_status":"open","sticky":false,"template":"","format":"standard","meta":[],"categories":[5],"tags":[],"acf":[],"_links":{"self":[{"href":"https:\/\/revistacienciaecultura.org.br\/index.php?rest_route=\/wp\/v2\/posts\/7321"}],"collection":[{"href":"https:\/\/revistacienciaecultura.org.br\/index.php?rest_route=\/wp\/v2\/posts"}],"about":[{"href":"https:\/\/revistacienciaecultura.org.br\/index.php?rest_route=\/wp\/v2\/types\/post"}],"author":[{"embeddable":true,"href":"https:\/\/revistacienciaecultura.org.br\/index.php?rest_route=\/wp\/v2\/users\/19"}],"replies":[{"embeddable":true,"href":"https:\/\/revistacienciaecultura.org.br\/index.php?rest_route=%2Fwp%2Fv2%2Fcomments&post=7321"}],"version-history":[{"count":1,"href":"https:\/\/revistacienciaecultura.org.br\/index.php?rest_route=\/wp\/v2\/posts\/7321\/revisions"}],"predecessor-version":[{"id":7323,"href":"https:\/\/revistacienciaecultura.org.br\/index.php?rest_route=\/wp\/v2\/posts\/7321\/revisions\/7323"}],"wp:featuredmedia":[{"embeddable":true,"href":"https:\/\/revistacienciaecultura.org.br\/index.php?rest_route=\/wp\/v2\/media\/7322"}],"wp:attachment":[{"href":"https:\/\/revistacienciaecultura.org.br\/index.php?rest_route=%2Fwp%2Fv2%2Fmedia&parent=7321"}],"wp:term":[{"taxonomy":"category","embeddable":true,"href":"https:\/\/revistacienciaecultura.org.br\/index.php?rest_route=%2Fwp%2Fv2%2Fcategories&post=7321"},{"taxonomy":"post_tag","embeddable":true,"href":"https:\/\/revistacienciaecultura.org.br\/index.php?rest_route=%2Fwp%2Fv2%2Ftags&post=7321"}],"curies":[{"name":"wp","href":"https:\/\/api.w.org\/{rel}","templated":true}]}}