{"id":7334,"date":"2024-10-22T07:30:20","date_gmt":"2024-10-22T07:30:20","guid":{"rendered":"https:\/\/revistacienciaecultura.org.br\/?p=7334"},"modified":"2024-10-21T19:21:12","modified_gmt":"2024-10-21T19:21:12","slug":"sbpc-celebra-100-anos-de-nascimento-de-aziz-absaber-nesta-quinta-feira","status":"publish","type":"post","link":"https:\/\/revistacienciaecultura.org.br\/?p=7334","title":{"rendered":"SBPC celebra 100 anos de nascimento de Aziz Ab\u2019S\u00e1ber nesta quinta-feira"},"content":{"rendered":"<h4 id=\"o-evento-que-sera-realizado-no-dia-24-de-outubro-reunira-nomes-de-destaque-da-ciencia-brasileira-para-revisitar-o-legado-do-renomado-geografo-que-liderou-a-sbpc-entre-1993-e-1995\"><span style=\"color: #808080;\">O evento, que ser\u00e1 realizado no dia 24 de outubro, reunir\u00e1\u00a0nomes de destaque da ci\u00eancia brasileira para revisitar o legado do renomado ge\u00f3grafo que liderou a SBPC entre 1993 e 1995.\u00a0<\/span><\/h4>\n<p>&nbsp;<\/p>\n<p>Aziz Ab\u2019S\u00e1ber, um dos mais brilhantes ge\u00f3grafos do Brasil, ser\u00e1 homenageado pela Sociedade Brasileira para o Progresso da Ci\u00eancia (SBPC) nesta quinta-feira, dia 24 de outubro, em uma mesa-redonda que destaca suas contribui\u00e7\u00f5es \u00e0 ci\u00eancia e ao meio ambiente. A homenagem ocorrer\u00e1 no Centro MariAntonia da USP, em S\u00e3o Paulo e reunir\u00e1 nomes de destaque da ci\u00eancia brasileira para revisitar o legado desse intelectual, que n\u00e3o s\u00f3 transformou a geografia do pa\u00eds como tamb\u00e9m liderou a SBPC entre 1993 e 1995.<\/p>\n<p>Renato Janine Ribeiro, presidente da SBPC, abrir\u00e1 o evento, que contar\u00e1 com a coordena\u00e7\u00e3o de Francisco de Assis Mendon\u00e7a, professor titular da Universidade Federal do Paran\u00e1 (UFPR) e organizador do livro \u201c<span style=\"color: #800000;\"><a style=\"color: #800000;\" href=\"https:\/\/portal.sbpcnet.org.br\/livro\/Aziz-Nacib-Ab-Saber.pdf\" target=\"_blank\" rel=\"noopener\"><strong>AZIZ NACIB AB\u2019S\u00c1BER: Ci\u00eancia, meio ambiente e cidadania (Uma homenagem ao Mestre!)<\/strong><\/a><\/span>\u201c, lan\u00e7ado recentemente pela SBPC. Participam da mesa Helena Nader, presidente da Academia Brasileira de Ci\u00eancias (ABC) e presidente de honra da SBPC, Aldo Malavasi, professor titular aposentado de Evolu\u00e7\u00e3o do Departamento de Gen\u00e9tica da USP e ex-diretor da SBPC; Roseli de Deus Lopes, professora titular da Escola Polit\u00e9cnica da USP e tamb\u00e9m ex-diretora da SBPC, e Tales Ab\u2019S\u00e1ber, filho\u00a0do ge\u00f3grafo e professor de Filosofia da Psican\u00e1lise da Universidade Federal de S\u00e3o Paulo (Unifesp).<\/p>\n<p>Na ocasi\u00e3o, tamb\u00e9m ser\u00e1 lan\u00e7ado o livro\u00a0<b>\u201cLeituras Indispens\u00e1veis 4: Contribui\u00e7\u00f5es do Prof. Aziz Nacib Ab\u2019S\u00e1ber\u201d<\/b>, mais uma obra organizada por Francisco Mendon\u00e7a, que re\u00fane as ideias e descobertas do ge\u00f3grafo.\u00a0<b>O evento, al\u00e9m de gratuito, est\u00e1 aberto a todos os interessados, respeitando a capacidade do local.<\/b><\/p>\n<p>&nbsp;<\/p>\n<h4 id=\"cientista-comprometido-com-a-causa-ambiental\"><b>Cientista comprometido com a causa ambiental<\/b><\/h4>\n<p>Aziz Ab\u2019S\u00e1ber nasceu em S\u00e3o Luiz do Paraitinga, interior de S\u00e3o Paulo, no dia 24 de outubro de 1924, e ao longo de sua carreira foi reconhecido como uma das maiores autoridades mundiais em geografia f\u00edsica. Suas pesquisas sobre os dom\u00ednios morfoclim\u00e1ticos do Brasil foram fundamentais para a compreens\u00e3o da diversidade ecol\u00f3gica do pa\u00eds, influenciando pol\u00edticas de preserva\u00e7\u00e3o ambiental e estudos sobre o uso sustent\u00e1vel do territ\u00f3rio brasileiro.<\/p>\n<p>Ab\u2019S\u00e1ber formou-se em Geografia e Hist\u00f3ria pela USP, onde tamb\u00e9m concluiu seu doutorado, tornou-se livre-docente e ocupou a posi\u00e7\u00e3o de professor titular. Em reconhecimento por suas in\u00fameras contribui\u00e7\u00f5es na universidade, recebeu o t\u00edtulo de professor em\u00e9rito da Faculdade de Filosofia, Letras e Ci\u00eancias Humanas (FFLCH) da USP.<\/p>\n<p>Al\u00e9m de sua destacada carreira acad\u00eamica, Ab\u2019S\u00e1ber foi uma figura de relev\u00e2ncia pol\u00edtica dentro da SBPC, onde, al\u00e9m de presidente, atuou como vice-presidente (1983-85) e secret\u00e1rio (1987-89). Ele desempenhou papel fundamental na elabora\u00e7\u00e3o de propostas para a Assembleia Nacional Constituinte e na defesa da emenda popular contra a fabrica\u00e7\u00e3o de armas nucleares no Brasil. Tamb\u00e9m foi um dos mais firmes cr\u00edticos da privatiza\u00e7\u00e3o da Vale do Rio Doce e das mudan\u00e7as no C\u00f3digo Florestal, sempre colocando a prote\u00e7\u00e3o ambiental como prioridade.<\/p>\n<p>O ge\u00f3grafo ainda presidiu o Conselho de Defesa do Patrim\u00f4nio Hist\u00f3rico, Arqueol\u00f3gico, Art\u00edstico e Tur\u00edstico de S\u00e3o Paulo (Condephaat) e idealizou o projeto Floram, que visava \u00e0 recupera\u00e7\u00e3o florestal de \u00e1reas degradadas, pelo Instituto de Estudos Avan\u00e7ados da USP. Ab\u2019S\u00e1ber tamb\u00e9m atuou como consultor t\u00e9cnico de governos, defendendo a preserva\u00e7\u00e3o do patrim\u00f4nio natural do Brasil.<\/p>\n<p>Sua not\u00e1vel carreira foi amplamente reconhecida por pr\u00eamios como o Jabuti (1997, 2005 e 2007), o Pr\u00eamio Almirante \u00c1lvaro Alberto (1999) e o Pr\u00eamio Unesco para Ci\u00eancia e Meio Ambiente (2001). Em 2011, foi laureado com o t\u00edtulo de Intelectual do Ano, recebendo o Pr\u00eamio Juca Pato.<\/p>\n<p>Aziz Ab\u2019S\u00e1ber faleceu em 16 de mar\u00e7o de 2012, aos 87 anos, deixando um legado inestim\u00e1vel para a ci\u00eancia brasileira.<\/p>\n<p>&nbsp;<\/p>\n<p><strong>SERVI\u00c7O<\/strong><\/p>\n<p><strong>Centen\u00e1rio do Professor AZIZ AB\u2019S\u00c1BER<\/strong><\/p>\n<p><strong>Data:<\/strong>\u00a024 de outubro de 2024<\/p>\n<p><strong>Hor\u00e1rio:<\/strong>\u00a014h<\/p>\n<p><strong>Local:<\/strong>\u00a0Centro MariAntonia USP (rua Maria Ant\u00f4nia, 294 \u2013 3\u00ba andar)<\/p>\n<p><strong>Abertura:<\/strong>\u00a0Renato Janine Ribeiro (USP \u2013 Presidente da SBPC)<\/p>\n<p><strong>Coordena\u00e7\u00e3o:<\/strong>\u00a0Francisco de Assis Mendon\u00e7a (UFPR)<\/p>\n<p><strong>Participantes:<\/strong>\u00a0Helena Nader (Unifesp\/ABC), Aldo Malavasi (USP), Roseli de Deus Lopes (USP) e Tales Ab\u2019Saber (Unifesp)<\/p>\n<p>&nbsp;<\/p>\n<p><span style=\"color: #808080;\"><em>Jornal da Ci\u00eancia<\/em><\/span><\/p>\n","protected":false},"excerpt":{"rendered":"O evento, que ser\u00e1 realizado no dia 24 de outubro, reunir\u00e1\u00a0nomes de&hellip;\n","protected":false},"author":19,"featured_media":5927,"comment_status":"open","ping_status":"open","sticky":false,"template":"","format":"standard","meta":[],"categories":[1,2],"tags":[],"acf":[],"_links":{"self":[{"href":"https:\/\/revistacienciaecultura.org.br\/index.php?rest_route=\/wp\/v2\/posts\/7334"}],"collection":[{"href":"https:\/\/revistacienciaecultura.org.br\/index.php?rest_route=\/wp\/v2\/posts"}],"about":[{"href":"https:\/\/revistacienciaecultura.org.br\/index.php?rest_route=\/wp\/v2\/types\/post"}],"author":[{"embeddable":true,"href":"https:\/\/revistacienciaecultura.org.br\/index.php?rest_route=\/wp\/v2\/users\/19"}],"replies":[{"embeddable":true,"href":"https:\/\/revistacienciaecultura.org.br\/index.php?rest_route=%2Fwp%2Fv2%2Fcomments&post=7334"}],"version-history":[{"count":1,"href":"https:\/\/revistacienciaecultura.org.br\/index.php?rest_route=\/wp\/v2\/posts\/7334\/revisions"}],"predecessor-version":[{"id":7335,"href":"https:\/\/revistacienciaecultura.org.br\/index.php?rest_route=\/wp\/v2\/posts\/7334\/revisions\/7335"}],"wp:featuredmedia":[{"embeddable":true,"href":"https:\/\/revistacienciaecultura.org.br\/index.php?rest_route=\/wp\/v2\/media\/5927"}],"wp:attachment":[{"href":"https:\/\/revistacienciaecultura.org.br\/index.php?rest_route=%2Fwp%2Fv2%2Fmedia&parent=7334"}],"wp:term":[{"taxonomy":"category","embeddable":true,"href":"https:\/\/revistacienciaecultura.org.br\/index.php?rest_route=%2Fwp%2Fv2%2Fcategories&post=7334"},{"taxonomy":"post_tag","embeddable":true,"href":"https:\/\/revistacienciaecultura.org.br\/index.php?rest_route=%2Fwp%2Fv2%2Ftags&post=7334"}],"curies":[{"name":"wp","href":"https:\/\/api.w.org\/{rel}","templated":true}]}}