{"id":7364,"date":"2024-10-24T07:30:18","date_gmt":"2024-10-24T07:30:18","guid":{"rendered":"https:\/\/revistacienciaecultura.org.br\/?p=7364"},"modified":"2024-10-24T10:42:32","modified_gmt":"2024-10-24T10:42:32","slug":"fala-cientista-desvendando-temas-complexos-com-simplicidade-e-clareza","status":"publish","type":"post","link":"https:\/\/revistacienciaecultura.org.br\/?p=7364","title":{"rendered":"Fala, Cientista!: Desvendando temas complexos com simplicidade e clareza"},"content":{"rendered":"<h4 id=\"serie-inovadora-da-ufscar-traz-renomados-pesquisadores-da-universidade-para-explicar-questoes-atuais-que-geram-duvidas-na-populacao\"><span style=\"color: #808080;\">S\u00e9rie inovadora da UFSCar traz renomados pesquisadores da Universidade para explicar quest\u00f5es atuais que geram d\u00favidas na popula\u00e7\u00e3o <\/span><\/h4>\n<p>&nbsp;<\/p>\n<p>O Instituto da Cultura Cient\u00edfica (ICC) da UFSCar lan\u00e7ou uma s\u00e9rie inovadora chamada <span style=\"color: #800000;\"><a style=\"color: #800000;\" href=\"https:\/\/www.youtube.com\/playlist?list=PLpNav3m6SXaTd-qqbY9LG5rQuOloTCs-n\"><strong>Fala, Cientista!<\/strong><\/a><\/span> que promete esclarecer temas atuais com base cient\u00edfica. Nesta iniciativa, pesquisadores da Universidade comentam sobre assuntos que despertam d\u00favidas e curiosidades na popula\u00e7\u00e3o, ajudando a responder quest\u00f5es que muitas vezes geram inseguran\u00e7a. Entre os temas abordados est\u00e3o quest\u00f5es como as pesquisas eleitorais, partidos pol\u00edticos, rela\u00e7\u00f5es \u00e9tnico-sociais, militarismo e seguran\u00e7a p\u00fablica, entre outros. A s\u00e9rie enfrenta tr\u00eas desafios principais: identificar as demandas da sociedade por informa\u00e7\u00f5es precisas, responder a essas demandas com uma linguagem acess\u00edvel e reunir cientistas de diferentes \u00e1reas para fomentar um di\u00e1logo construtivo com a sociedade.<\/p>\n<p>Confira algumas quest\u00f5es exploradas pela s\u00e9rie!<\/p>\n<p>&nbsp;<\/p>\n<h4 id=\"pesquisas-eleitorais\"><strong>Pesquisas Eleitorais<\/strong><\/h4>\n<p>A s\u00e9rie &#8220;Fala, Cientista!&#8221; estreia com v\u00eddeos curtos sobre pesquisas eleitorais, explicando conceitos como amostragem, margem de erro e percentual de confiabilidade. Os epis\u00f3dios orientam quando confiar em pesquisas e diferenciam pesquisa e enquete. Os especialistas Fabiana Luci de Oliveira, da Sociologia, e Jos\u00e9 Carlos Fogo, da Estat\u00edstica, trazem esclarecimentos com embasamento cient\u00edfico.<\/p>\n<p><iframe loading=\"lazy\" title=\"Fala, cientista! - Pesquisas Eleitorais - 01\/12\" width=\"1200\" height=\"675\" src=\"https:\/\/www.youtube.com\/embed\/0cOiZ54wzhI?feature=oembed\" frameborder=\"0\" allow=\"accelerometer; autoplay; clipboard-write; encrypted-media; gyroscope; picture-in-picture; web-share\" referrerpolicy=\"strict-origin-when-cross-origin\" allowfullscreen><\/iframe><\/p>\n<p>&nbsp;<\/p>\n<h4 id=\"partidos-politicos\"><strong>Partidos pol\u00edticos<\/strong><\/h4>\n<p>O sistema de vota\u00e7\u00e3o eletr\u00f4nico brasileiro garante seguran\u00e7a e sigilo no exerc\u00edcio da cidadania. Desenvolvida para atender \u00e0s necessidades espec\u00edficas do pa\u00eds, a urna eletr\u00f4nica assegura que os votos sejam computados de forma segura e confi\u00e1vel.<\/p>\n<p><iframe loading=\"lazy\" title=\"Fala, cientista! - Que Brasil vai \u00e0s urnas? 01 - Partidos pol\u00edticos\" width=\"1200\" height=\"675\" src=\"https:\/\/www.youtube.com\/embed\/IjI_wj6i-6Y?feature=oembed\" frameborder=\"0\" allow=\"accelerometer; autoplay; clipboard-write; encrypted-media; gyroscope; picture-in-picture; web-share\" referrerpolicy=\"strict-origin-when-cross-origin\" allowfullscreen><\/iframe><\/p>\n<p>&nbsp;<\/p>\n<h4 id=\"relacoes-etnico-sociais\"><strong>Rela\u00e7\u00f5es \u00e9tnico-sociais<\/strong><\/h4>\n<p>O sistema de vota\u00e7\u00e3o eletr\u00f4nico brasileiro garante seguran\u00e7a e sigilo na computa\u00e7\u00e3o dos votos, atendendo \u00e0s necessidades espec\u00edficas do pa\u00eds. Atualmente, a \u00eanfase est\u00e1 nas rela\u00e7\u00f5es \u00e9tnico-raciais: como as demandas dessas minorias s\u00e3o expressas nas urnas, como os partidos as representam, e a necessidade do Brasil de evoluir nesse aspecto.<\/p>\n<p><iframe loading=\"lazy\" title=\"Fala, cientista! - Que Brasil vai \u00e0s urnas? 06 - Rela\u00e7\u00f5es \u00e9tnico-raciais\" width=\"1200\" height=\"675\" src=\"https:\/\/www.youtube.com\/embed\/SIeEuHmfpMs?feature=oembed\" frameborder=\"0\" allow=\"accelerometer; autoplay; clipboard-write; encrypted-media; gyroscope; picture-in-picture; web-share\" referrerpolicy=\"strict-origin-when-cross-origin\" allowfullscreen><\/iframe><\/p>\n<p>&nbsp;<\/p>\n<h4 id=\"sociologia-do-trabalho\"><strong>Sociologia do trabalho<\/strong><\/h4>\n<p>Neste v\u00eddeo do &#8220;Fala, Cientista!&#8221;, Aline Suelen Pires, docente de Sociologia da UFSCar, analisa a flexibiliza\u00e7\u00e3o do trabalho no Brasil nos \u00faltimos anos. Ela tamb\u00e9m explica como a prote\u00e7\u00e3o social do trabalho est\u00e1 sendo simbolicamente substitu\u00edda pela valoriza\u00e7\u00e3o do empreendedorismo.<\/p>\n<p><iframe loading=\"lazy\" title=\"Fala, cientista! - Que Brasil que vai \u00e0s urnas? 08 - Sociologia do trabalho\" width=\"1200\" height=\"675\" src=\"https:\/\/www.youtube.com\/embed\/9jEP6wNPE58?feature=oembed\" frameborder=\"0\" allow=\"accelerometer; autoplay; clipboard-write; encrypted-media; gyroscope; picture-in-picture; web-share\" referrerpolicy=\"strict-origin-when-cross-origin\" allowfullscreen><\/iframe><\/p>\n<p>&nbsp;<\/p>\n<h4 id=\"sociologia-da-religiao\"><strong>Sociologia da religi\u00e3o<\/strong><\/h4>\n<p>No v\u00eddeo da s\u00e9rie \u201cFala, Cientista!\u201d, Andr\u00e9 Ricardo de Souza, docente de Sociologia na UFSCar, apresenta dados sobre o aumento de pessoas religiosas no Brasil e sua rela\u00e7\u00e3o com a pol\u00edtica.<\/p>\n<p><iframe loading=\"lazy\" title=\"Fala, cientista! - Que Brasil vai \u00e0s urnas? 11 - Sociologia da religi\u00e3o\" width=\"1200\" height=\"675\" src=\"https:\/\/www.youtube.com\/embed\/s132EYAfvns?feature=oembed\" frameborder=\"0\" allow=\"accelerometer; autoplay; clipboard-write; encrypted-media; gyroscope; picture-in-picture; web-share\" referrerpolicy=\"strict-origin-when-cross-origin\" allowfullscreen><\/iframe><\/p>\n<p>&nbsp;<\/p>\n<h4 id=\"militarismo\"><strong>Militarismo<\/strong><\/h4>\n<p>No v\u00eddeo da s\u00e9rie \u201cFala, Cientista!\u201d, Piero Leirner, docente de Ci\u00eancias Sociais na UFSCar, explica como surgiu o envolvimento dos militares no processo pol\u00edtico brasileiro.<\/p>\n<p><iframe loading=\"lazy\" title=\"Fala, cientista! - Que Brasil vai \u00e0s urnas? 13 - Militarismo\" width=\"1200\" height=\"675\" src=\"https:\/\/www.youtube.com\/embed\/3pkFFvurIR8?feature=oembed\" frameborder=\"0\" allow=\"accelerometer; autoplay; clipboard-write; encrypted-media; gyroscope; picture-in-picture; web-share\" referrerpolicy=\"strict-origin-when-cross-origin\" allowfullscreen><\/iframe><\/p>\n<p>&nbsp;<\/p>\n<h4 id=\"seguranca-publica\"><strong>Seguran\u00e7a p\u00fablica<\/strong><\/h4>\n<p>No v\u00eddeo da s\u00e9rie \u201cFala, Cientista!\u201d, Jacqueline Sinhoretto, docente no Departamento de Sociologia da UFSCar, aborda a evolu\u00e7\u00e3o da seguran\u00e7a p\u00fablica e do controle do crime no Brasil nos \u00faltimos anos.<\/p>\n<p><iframe loading=\"lazy\" title=\"Fala, cientista! - Que Brasil vai \u00e0s urnas? 14 - Seguran\u00e7a p\u00fablica\" width=\"1200\" height=\"675\" src=\"https:\/\/www.youtube.com\/embed\/IzlXQ6FgDVs?feature=oembed\" frameborder=\"0\" allow=\"accelerometer; autoplay; clipboard-write; encrypted-media; gyroscope; picture-in-picture; web-share\" referrerpolicy=\"strict-origin-when-cross-origin\" allowfullscreen><\/iframe><\/p>\n<p>&nbsp;<\/p>\n<h4 id=\"marco-temporal\"><strong>Marco temporal<\/strong><\/h4>\n<p>No Fala, Cientista!, Clarice Cohn da UFSCar explica o Marco Temporal e seu impacto nos povos ind\u00edgenas brasileiros. Esta tese jur\u00eddica prop\u00f5e que apenas os ind\u00edgenas que ocupavam terras at\u00e9 a promulga\u00e7\u00e3o da Constitui\u00e7\u00e3o Federal de 1988 podem reivindicar direitos sobre elas, afetando profundamente as demarca\u00e7\u00f5es de terras ind\u00edgenas no pa\u00eds.<\/p>\n<p><iframe loading=\"lazy\" title=\"Fala, cientista! - O que \u00e9 Marco Temporal?\" width=\"1200\" height=\"675\" src=\"https:\/\/www.youtube.com\/embed\/4mIzGVZOhJc?feature=oembed\" frameborder=\"0\" allow=\"accelerometer; autoplay; clipboard-write; encrypted-media; gyroscope; picture-in-picture; web-share\" referrerpolicy=\"strict-origin-when-cross-origin\" allowfullscreen><\/iframe><\/p>\n<p>&nbsp;<\/p>\n<p><strong>Assista a todos os v\u00eddeos da s\u00e9rie aqui:<\/strong><\/p>\n<p><span style=\"color: #800000;\"><strong><a style=\"color: #800000;\" href=\"https:\/\/www.youtube.com\/playlist?list=PLpNav3m6SXaTd-qqbY9LG5rQuOloTCs-n\" target=\"_blank\" rel=\"noopener\">Fala Cientista!<\/a><\/strong><\/span><\/p>\n","protected":false},"excerpt":{"rendered":"S\u00e9rie inovadora da UFSCar traz renomados pesquisadores da Universidade para explicar quest\u00f5es&hellip;\n","protected":false},"author":19,"featured_media":7365,"comment_status":"open","ping_status":"open","sticky":false,"template":"","format":"standard","meta":[],"categories":[1,2],"tags":[],"acf":[],"_links":{"self":[{"href":"https:\/\/revistacienciaecultura.org.br\/index.php?rest_route=\/wp\/v2\/posts\/7364"}],"collection":[{"href":"https:\/\/revistacienciaecultura.org.br\/index.php?rest_route=\/wp\/v2\/posts"}],"about":[{"href":"https:\/\/revistacienciaecultura.org.br\/index.php?rest_route=\/wp\/v2\/types\/post"}],"author":[{"embeddable":true,"href":"https:\/\/revistacienciaecultura.org.br\/index.php?rest_route=\/wp\/v2\/users\/19"}],"replies":[{"embeddable":true,"href":"https:\/\/revistacienciaecultura.org.br\/index.php?rest_route=%2Fwp%2Fv2%2Fcomments&post=7364"}],"version-history":[{"count":2,"href":"https:\/\/revistacienciaecultura.org.br\/index.php?rest_route=\/wp\/v2\/posts\/7364\/revisions"}],"predecessor-version":[{"id":7368,"href":"https:\/\/revistacienciaecultura.org.br\/index.php?rest_route=\/wp\/v2\/posts\/7364\/revisions\/7368"}],"wp:featuredmedia":[{"embeddable":true,"href":"https:\/\/revistacienciaecultura.org.br\/index.php?rest_route=\/wp\/v2\/media\/7365"}],"wp:attachment":[{"href":"https:\/\/revistacienciaecultura.org.br\/index.php?rest_route=%2Fwp%2Fv2%2Fmedia&parent=7364"}],"wp:term":[{"taxonomy":"category","embeddable":true,"href":"https:\/\/revistacienciaecultura.org.br\/index.php?rest_route=%2Fwp%2Fv2%2Fcategories&post=7364"},{"taxonomy":"post_tag","embeddable":true,"href":"https:\/\/revistacienciaecultura.org.br\/index.php?rest_route=%2Fwp%2Fv2%2Ftags&post=7364"}],"curies":[{"name":"wp","href":"https:\/\/api.w.org\/{rel}","templated":true}]}}