{"id":7369,"date":"2024-10-29T07:30:51","date_gmt":"2024-10-29T07:30:51","guid":{"rendered":"https:\/\/revistacienciaecultura.org.br\/?p=7369"},"modified":"2024-10-28T19:02:48","modified_gmt":"2024-10-28T19:02:48","slug":"indicacoes-ao-6o-premio-carolina-bori-prorrogadas","status":"publish","type":"post","link":"https:\/\/revistacienciaecultura.org.br\/?p=7369","title":{"rendered":"Indica\u00e7\u00f5es ao 6\u00ba Pr\u00eamio Carolina Bori prorrogadas!"},"content":{"rendered":"<h4 id=\"para-indicar-uma-aluna-do-ensino-medio-ou-da-graduacao-professores-e-orientadores-devem-preencher-o-formulario-online-disponivel-no-site-da-sbpc-com-os-documentos-solicitados-ate-7-de-novembro\"><span style=\"color: #808080;\">Para indicar uma aluna do Ensino M\u00e9dio ou da Gradua\u00e7\u00e3o, professores e orientadores devem preencher o formul\u00e1rio online, dispon\u00edvel no site da SBPC, com os documentos solicitados at\u00e9 7 de novembro<\/span><\/h4>\n<p>&nbsp;<\/p>\n<p>A Sociedade Brasileira para o Progresso da Ci\u00eancia (SBPC) anuncia que o prazo para envio de indica\u00e7\u00f5es ao 6\u00ba Pr\u00eamio \u201cCarolina Bori Ci\u00eancia &amp; Mulher\u201d foi prorrogado \u2013\u00a0<b>a nova data limite \u00e9 7 de novembro<\/b>. Professores, orientadores, organizadores de olimp\u00edadas e feiras cient\u00edficas, escolas e universidades de \u00e2mbito nacional est\u00e3o convidados a n\u00e3o perderem essa oportunidade e enviarem suas indica\u00e7\u00f5es!<\/p>\n<p>Todo ano, desde 2019, a SBPC atribui um pr\u00eamio \u00e0s cientistas mulheres, alternando a concess\u00e3o do mesmo a cientistas de destaque e a jovens com not\u00f3rio talento para uma carreira cient\u00edfica promissora. Esta 6\u00aa edi\u00e7\u00e3o se dirige \u00e0s\u00a0<strong>\u201cMeninas Cientistas\u201d \u2013 estudantes do Ensino M\u00e9dio e da Gradua\u00e7\u00e3o<\/strong>. A edi\u00e7\u00e3o de 2022 recebeu um impressionante n\u00famero de\u00a0<strong>446 indica\u00e7\u00f5es<\/strong>. Para este ano, a expectativa \u00e9 superar esse marco!<\/p>\n<p>Ao todo ser\u00e3o\u00a0<strong>seis vencedoras, tr\u00eas do Ensino M\u00e9dio e tr\u00eas da Gradua\u00e7\u00e3o, abrangendo as \u00e1reas de Humanidades, Biol\u00f3gicas e Sa\u00fade, e Engenharias, Exatas e Ci\u00eancias da Terra<\/strong>. Al\u00e9m de receberem o trof\u00e9u, as ganhadoras ter\u00e3o uma chance \u00fanica de\u00a0<strong>apresentar seus trabalhos na 77\u00aa Reuni\u00e3o Anual da SBPC<\/strong>, em julho de 2025, em Recife (PE), al\u00e9m de participar de uma\u00a0<strong>mentoria exclusiva com grandes nomes da ci\u00eancia<\/strong>. Imagine o impacto que essa experi\u00eancia pode ter na carreira dessas futuras cientistas!<\/p>\n<p>Para a inscri\u00e7\u00e3o das candidatas indicadas aos pr\u00eamios ser\u00e1 necess\u00e1rio o envio de uma mini-biografia atualizada (com at\u00e9 500 caracteres, com espa\u00e7o); curr\u00edculo atualizado na Plataforma Lattes (<span style=\"color: #800000;\"><strong><a style=\"color: #800000;\" href=\"http:\/\/lattes.cnpq.br\/\" target=\"_blank\" rel=\"noopener\">http:\/\/lattes.cnpq.br<\/a><\/strong><\/span>); e carta de recomenda\u00e7\u00e3o fundamentada em evid\u00eancias que justifiquem o pr\u00eamio (at\u00e9 2.000 caracteres, com espa\u00e7o). A carta deve ser assinada com assinatura digital pelo sistema gov.br. Ser\u00e1 necess\u00e1rio tamb\u00e9m anexar ao formul\u00e1rio o projeto\/atividade cient\u00edfica realizada, explicando a import\u00e2ncia do projeto\/atividade, seu desenvolvimento, os objetivos atingidos e sua relev\u00e2ncia. A documenta\u00e7\u00e3o dever\u00e1 enfatizar o que foi realizado pela pr\u00f3pria estudante, identificando as atividades realizadas com ajuda do(a) professor(a) orientador(a).<\/p>\n<p>Se a indica\u00e7\u00e3o for pelo desempenho destacado em atividades cient\u00edficas \u2013 feiras, olimp\u00edadas cient\u00edficas, divulga\u00e7\u00e3o cient\u00edfica, etc. \u2013 a documenta\u00e7\u00e3o dever\u00e1 comprovar a participa\u00e7\u00e3o e o desempenho na referida atividade.<\/p>\n<p>A\u00a0<strong>cerim\u00f4nia de premia\u00e7\u00e3o acontecer\u00e1 no dia 11 de fevereiro de 2025<\/strong>, durante a comemora\u00e7\u00e3o do Dia Internacional das Mulheres e Meninas na Ci\u00eancia, com transmiss\u00e3o ao vivo pelo Canal da SBPC no YouTube.<\/p>\n<p>N\u00e3o perca essa chance!\u00a0<b>Indique suas alunas e orientandas at\u00e9 7 de novembro<\/b>\u00a0e fa\u00e7a parte dessa celebra\u00e7\u00e3o do talento e da inova\u00e7\u00e3o na ci\u00eancia do Brasil. Todas as informa\u00e7\u00f5es sobre o pr\u00eamio est\u00e3o no\u00a0<a href=\"http:\/\/www.jornaldaciencia.org.br\/wp-content\/uploads\/2024\/10\/Edital-6Pr%C3%AAmio-Carolina-BoriMeninas-na-Ci%C3%AAncia-21-10-2024.pdf\" target=\"_blank\" rel=\"noopener\"><span style=\"color: #800000;\"><strong>EDITAL<\/strong><\/span><\/a>. As indica\u00e7\u00f5es devem ser feitas\u00a0<span style=\"color: #800000;\"><strong><a style=\"color: #800000;\" href=\"https:\/\/bit.ly\/6PremioCarolinaBori\" target=\"_blank\" rel=\"noopener\">exclusivamente pelo formul\u00e1rio online<\/a><\/strong><\/span>,\u00a0<span style=\"color: #800000;\"><strong><a style=\"color: #800000;\" href=\"https:\/\/bit.ly\/6PremioCarolinaBori\" target=\"_blank\" rel=\"noopener\">dispon\u00edvel neste link<\/a><\/strong><\/span>, com os documentos solicitados anexados.<\/p>\n<p>Para mais informa\u00e7\u00f5es, visite o site da SBPC ou entre em contato pelo e-mail\u00a0<a href=\"mailto:premiocarolinabori@sbpcnet.org.br\" target=\"_blank\" rel=\"noopener\"><span style=\"color: #800000;\"><strong>premiocarolinabori@sbpcnet.org.br<\/strong><\/span><\/a>.<\/p>\n<p><span style=\"color: #808080;\"><em>SBPC<\/em><\/span><\/p>\n","protected":false},"excerpt":{"rendered":"Para indicar uma aluna do Ensino M\u00e9dio ou da Gradua\u00e7\u00e3o, professores e&hellip;\n","protected":false},"author":19,"featured_media":7066,"comment_status":"open","ping_status":"open","sticky":false,"template":"","format":"standard","meta":[],"categories":[1,2],"tags":[],"acf":[],"_links":{"self":[{"href":"https:\/\/revistacienciaecultura.org.br\/index.php?rest_route=\/wp\/v2\/posts\/7369"}],"collection":[{"href":"https:\/\/revistacienciaecultura.org.br\/index.php?rest_route=\/wp\/v2\/posts"}],"about":[{"href":"https:\/\/revistacienciaecultura.org.br\/index.php?rest_route=\/wp\/v2\/types\/post"}],"author":[{"embeddable":true,"href":"https:\/\/revistacienciaecultura.org.br\/index.php?rest_route=\/wp\/v2\/users\/19"}],"replies":[{"embeddable":true,"href":"https:\/\/revistacienciaecultura.org.br\/index.php?rest_route=%2Fwp%2Fv2%2Fcomments&post=7369"}],"version-history":[{"count":2,"href":"https:\/\/revistacienciaecultura.org.br\/index.php?rest_route=\/wp\/v2\/posts\/7369\/revisions"}],"predecessor-version":[{"id":7371,"href":"https:\/\/revistacienciaecultura.org.br\/index.php?rest_route=\/wp\/v2\/posts\/7369\/revisions\/7371"}],"wp:featuredmedia":[{"embeddable":true,"href":"https:\/\/revistacienciaecultura.org.br\/index.php?rest_route=\/wp\/v2\/media\/7066"}],"wp:attachment":[{"href":"https:\/\/revistacienciaecultura.org.br\/index.php?rest_route=%2Fwp%2Fv2%2Fmedia&parent=7369"}],"wp:term":[{"taxonomy":"category","embeddable":true,"href":"https:\/\/revistacienciaecultura.org.br\/index.php?rest_route=%2Fwp%2Fv2%2Fcategories&post=7369"},{"taxonomy":"post_tag","embeddable":true,"href":"https:\/\/revistacienciaecultura.org.br\/index.php?rest_route=%2Fwp%2Fv2%2Ftags&post=7369"}],"curies":[{"name":"wp","href":"https:\/\/api.w.org\/{rel}","templated":true}]}}