{"id":7372,"date":"2024-10-04T07:30:10","date_gmt":"2024-10-04T07:30:10","guid":{"rendered":"https:\/\/revistacienciaecultura.org.br\/?p=7372"},"modified":"2025-01-13T18:47:36","modified_gmt":"2025-01-13T18:47:36","slug":"leia-edicao-especial-comemorando-os-75-anos-da-ciencia-cultura","status":"publish","type":"post","link":"https:\/\/revistacienciaecultura.org.br\/?p=7372","title":{"rendered":"Leia edi\u00e7\u00e3o especial comemorando os 75 anos da Ci\u00eancia &#038; Cultura"},"content":{"rendered":"<h4 id=\"voce-pode-baixar-o-pdf-da-revista-ou-ler-a-edicao-em-flipbook-confira\"><span style=\"color: #808080;\">Voc\u00ea pode baixar o PDF da revista ou ler a edi\u00e7\u00e3o em flipbook. Confira!<\/span><\/h4>\n<p>&nbsp;<\/p>\n<p>Para celebrar seus 75 anos, a <a href=\"https:\/\/revistacienciaecultura.org.br\/\" target=\"_blank\" rel=\"noopener\"><span style=\"color: #800000;\"><strong>Ci\u00eancia &amp; Cultura<\/strong><\/span><\/a> lan\u00e7a uma edi\u00e7\u00e3o especial que revisita sua trajet\u00f3ria como o mais antigo ve\u00edculo de divulga\u00e7\u00e3o cient\u00edfica em circula\u00e7\u00e3o no Brasil. O n\u00famero completo j\u00e1 est\u00e1 dispon\u00edvel para download em <a href=\"https:\/\/drive.google.com\/file\/d\/19PDpAPLHXLdSv2toWGJzlgXxnSTicUJK\/view?usp=sharing\" target=\"_blank\" rel=\"noopener\"><span style=\"color: #800000;\"><strong>PDF<\/strong><\/span><\/a> ou para leitura online em <a href=\"https:\/\/heyzine.com\/flip-book\/69dcdf472c.html\" target=\"_blank\" rel=\"noopener\"><span style=\"color: #800000;\"><strong>flipbook<\/strong><\/span><\/a>.<\/p>\n<p>Fundada em 1949, logo ap\u00f3s a cria\u00e7\u00e3o da SBPC, a revista nasceu com a miss\u00e3o de aproximar a ci\u00eancia do p\u00fablico geral, valorizando tanto a pesquisa quanto o impacto social do conhecimento cient\u00edfico. Esse compromisso pode ser sentido desde a contracapa de sua primeira edi\u00e7\u00e3o, que buscava ser \u201caberta n\u00e3o apenas a cientistas, mas a todos os que se interessem pela ci\u00eancia.\u201d<\/p>\n<p>A edi\u00e7\u00e3o comemorativa resgata artigos hist\u00f3ricos que marcaram a revista ao longo de d\u00e9cadas e traz conte\u00fados in\u00e9ditos, com reprotagens, v\u00eddeos e podcasts que destacam as contribui\u00e7\u00f5es da ci\u00eancia para a sociedade. Com textos tem\u00e1ticos e acess\u00edveis, a <em>Ci\u00eancia &amp; Cultura<\/em> mistura artigos cient\u00edficos, de opini\u00e3o e de divulga\u00e7\u00e3o, atingindo p\u00fablicos variados e fomentando o di\u00e1logo sobre quest\u00f5es contempor\u00e2neas e suas diversas perspectivas.<\/p>\n<p>Mais do que uma revista, a <em>Ci\u00eancia &amp; Cultura<\/em> \u00e9 um marco na institucionaliza\u00e7\u00e3o da ci\u00eancia no pa\u00eds, refletindo a miss\u00e3o da SBPC em cada edi\u00e7\u00e3o. Essa edi\u00e7\u00e3o especial \u00e9 um convite \u00e0 reflex\u00e3o sobre os avan\u00e7os cient\u00edficos e sobre o futuro da ci\u00eancia brasileira \u2013 uma jornada de 75 anos que agora se renova com cada leitor.<\/p>\n<p>&nbsp;<\/p>\n<p style=\"text-align: center;\"><a href=\"https:\/\/heyzine.com\/flip-book\/69dcdf472c.html\" target=\"_blank\" rel=\"noopener\"><span style=\"color: #800000;\"><strong>Leia aqui a vers\u00e3o em Flipbook<\/strong><\/span><\/a><\/p>\n<p><a href=\"https:\/\/heyzine.com\/flip-book\/69dcdf472c.html\" target=\"_blank\" rel=\"noopener\"><img loading=\"lazy\" class=\"size-medium wp-image-7373 aligncenter\" src=\"https:\/\/revistacienciaecultura.org.br\/wp-content\/uploads\/2024\/10\/CC-2E24-capa-212x300.png\" alt=\"\" width=\"212\" height=\"300\" srcset=\"https:\/\/revistacienciaecultura.org.br\/wp-content\/uploads\/2024\/10\/CC-2E24-capa-212x300.png 212w, https:\/\/revistacienciaecultura.org.br\/wp-content\/uploads\/2024\/10\/CC-2E24-capa-723x1024.png 723w, https:\/\/revistacienciaecultura.org.br\/wp-content\/uploads\/2024\/10\/CC-2E24-capa-768x1088.png 768w, https:\/\/revistacienciaecultura.org.br\/wp-content\/uploads\/2024\/10\/CC-2E24-capa-1085x1536.png 1085w, https:\/\/revistacienciaecultura.org.br\/wp-content\/uploads\/2024\/10\/CC-2E24-capa-8x12.png 8w, https:\/\/revistacienciaecultura.org.br\/wp-content\/uploads\/2024\/10\/CC-2E24-capa-800x1133.png 800w, https:\/\/revistacienciaecultura.org.br\/wp-content\/uploads\/2024\/10\/CC-2E24-capa.png 1117w\" sizes=\"(max-width: 212px) 100vw, 212px\" \/><\/a><\/p>\n<p>&nbsp;<\/p>\n<p>&nbsp;<\/p>\n<p style=\"text-align: center;\"><a href=\"https:\/\/drive.google.com\/file\/d\/19PDpAPLHXLdSv2toWGJzlgXxnSTicUJK\/view?usp=sharing\" target=\"_blank\" rel=\"noopener\"><span style=\"color: #800000;\"><strong>Leia aqui a vers\u00e3o em PDF<\/strong><\/span><\/a><\/p>\n<p><a href=\"https:\/\/drive.google.com\/file\/d\/19PDpAPLHXLdSv2toWGJzlgXxnSTicUJK\/view?usp=sharing\" target=\"_blank\" rel=\"noopener\"><img loading=\"lazy\" class=\"size-medium wp-image-7373 aligncenter\" src=\"https:\/\/revistacienciaecultura.org.br\/wp-content\/uploads\/2024\/10\/CC-2E24-capa-212x300.png\" alt=\"\" width=\"212\" height=\"300\" srcset=\"https:\/\/revistacienciaecultura.org.br\/wp-content\/uploads\/2024\/10\/CC-2E24-capa-212x300.png 212w, https:\/\/revistacienciaecultura.org.br\/wp-content\/uploads\/2024\/10\/CC-2E24-capa-723x1024.png 723w, https:\/\/revistacienciaecultura.org.br\/wp-content\/uploads\/2024\/10\/CC-2E24-capa-768x1088.png 768w, https:\/\/revistacienciaecultura.org.br\/wp-content\/uploads\/2024\/10\/CC-2E24-capa-1085x1536.png 1085w, https:\/\/revistacienciaecultura.org.br\/wp-content\/uploads\/2024\/10\/CC-2E24-capa-8x12.png 8w, https:\/\/revistacienciaecultura.org.br\/wp-content\/uploads\/2024\/10\/CC-2E24-capa-800x1133.png 800w, https:\/\/revistacienciaecultura.org.br\/wp-content\/uploads\/2024\/10\/CC-2E24-capa.png 1117w\" sizes=\"(max-width: 212px) 100vw, 212px\" \/><\/a><\/p>\n<p>&nbsp;<\/p>\n<p>&nbsp;<\/p>\n","protected":false},"excerpt":{"rendered":"Voc\u00ea pode baixar o PDF da revista ou ler a edi\u00e7\u00e3o em&hellip;\n","protected":false},"author":19,"featured_media":7374,"comment_status":"open","ping_status":"open","sticky":false,"template":"","format":"standard","meta":[],"categories":[1,2],"tags":[],"acf":[],"_links":{"self":[{"href":"https:\/\/revistacienciaecultura.org.br\/index.php?rest_route=\/wp\/v2\/posts\/7372"}],"collection":[{"href":"https:\/\/revistacienciaecultura.org.br\/index.php?rest_route=\/wp\/v2\/posts"}],"about":[{"href":"https:\/\/revistacienciaecultura.org.br\/index.php?rest_route=\/wp\/v2\/types\/post"}],"author":[{"embeddable":true,"href":"https:\/\/revistacienciaecultura.org.br\/index.php?rest_route=\/wp\/v2\/users\/19"}],"replies":[{"embeddable":true,"href":"https:\/\/revistacienciaecultura.org.br\/index.php?rest_route=%2Fwp%2Fv2%2Fcomments&post=7372"}],"version-history":[{"count":3,"href":"https:\/\/revistacienciaecultura.org.br\/index.php?rest_route=\/wp\/v2\/posts\/7372\/revisions"}],"predecessor-version":[{"id":7377,"href":"https:\/\/revistacienciaecultura.org.br\/index.php?rest_route=\/wp\/v2\/posts\/7372\/revisions\/7377"}],"wp:featuredmedia":[{"embeddable":true,"href":"https:\/\/revistacienciaecultura.org.br\/index.php?rest_route=\/wp\/v2\/media\/7374"}],"wp:attachment":[{"href":"https:\/\/revistacienciaecultura.org.br\/index.php?rest_route=%2Fwp%2Fv2%2Fmedia&parent=7372"}],"wp:term":[{"taxonomy":"category","embeddable":true,"href":"https:\/\/revistacienciaecultura.org.br\/index.php?rest_route=%2Fwp%2Fv2%2Fcategories&post=7372"},{"taxonomy":"post_tag","embeddable":true,"href":"https:\/\/revistacienciaecultura.org.br\/index.php?rest_route=%2Fwp%2Fv2%2Ftags&post=7372"}],"curies":[{"name":"wp","href":"https:\/\/api.w.org\/{rel}","templated":true}]}}