{"id":7382,"date":"2024-11-05T07:30:57","date_gmt":"2024-11-05T07:30:57","guid":{"rendered":"https:\/\/revistacienciaecultura.org.br\/?p=7382"},"modified":"2024-11-04T18:09:16","modified_gmt":"2024-11-04T18:09:16","slug":"sbpc-recebe-indicacoes-para-6o-premio-carolina-bori-ciencia-mulher-ate-esta-quinta-feira","status":"publish","type":"post","link":"https:\/\/revistacienciaecultura.org.br\/?p=7382","title":{"rendered":"SBPC recebe indica\u00e7\u00f5es para 6\u00ba Pr\u00eamio \u201cCarolina Bori Ci\u00eancia &#038; Mulher\u201d at\u00e9 esta quinta-feira"},"content":{"rendered":"<h4 id=\"nesta-edicao-dedicada-as-meninas-cientistas-candidatas-concorrem-a-premios-de-ate-r-10-mil\"><span style=\"color: #808080;\">Nesta edi\u00e7\u00e3o, dedicada \u00e0s \u201cMeninas Cientistas\u201d, candidatas concorrem a pr\u00eamios de at\u00e9 R$ 10 mil.\u00a0<\/span><\/h4>\n<p>&nbsp;<\/p>\n<p>A Sociedade Brasileira para o Progresso da Ci\u00eancia (SBPC) prorrogou at\u00e9 o dia 7 de novembro, esta quinta-feira, as inscri\u00e7\u00f5es dos trabalhos de\u00a0estudantes do ensino m\u00e9dio e universit\u00e1rias na\u00a06\u00aa edi\u00e7\u00e3o do\u00a0Pr\u00eamio \u201cCarolina Bori Ci\u00eancia &amp; Mulher\u201d. A premia\u00e7\u00e3o visa a projetar a produ\u00e7\u00e3o cient\u00edfica de mulheres e busca colaborar para o aumento da participa\u00e7\u00e3o feminina nas futuras gera\u00e7\u00f5es de cientistas e lideran\u00e7as do setor.<\/p>\n<p>A entidade, com patroc\u00ednio da Funda\u00e7\u00e3o Conrado Wessel e do Instituto Serrapilheira, oferecer\u00e1 uma premia\u00e7\u00e3o em dinheiro \u00e0s vencedoras da 6\u00aa edi\u00e7\u00e3o do\u00a0<strong>Pr\u00eamio \u201cCarolina Bori Ci\u00eancia &amp; Mulher\u201d<\/strong>. Cada uma das estudantes premiadas do Ensino M\u00e9dio receber\u00e1\u00a0<strong>R$ 7 mil<\/strong>, e as vencedoras de Gradua\u00e7\u00e3o levar\u00e3o\u00a0<strong>R$ 10 mil<\/strong>.<\/p>\n<p>Esta edi\u00e7\u00e3o, dedicada \u00e0s\u00a0<strong>\u201cMeninas Cientistas\u201d<\/strong>, reconhecer\u00e1 estudantes tanto do\u00a0<strong>Ensino M\u00e9dio<\/strong>\u00a0quanto da\u00a0<strong>Gradua\u00e7\u00e3o<\/strong>. Ser\u00e3o premiadas seis alunas, tr\u00eas de cada n\u00edvel, abrangendo tr\u00eas grandes \u00e1reas do conhecimento:\u00a0<strong>Humanidades, Biol\u00f3gicas e Sa\u00fade, e Engenharias, Exatas e Ci\u00eancias da Terra<\/strong>. Al\u00e9m do valor em dinheiro e trof\u00e9u, as ganhadoras ter\u00e3o a chance \u00fanica de\u00a0<strong>apresentar seus trabalhos na 77\u00aa Reuni\u00e3o Anual da SBPC<\/strong>, em julho de 2025, em Recife (PE), al\u00e9m de participar de uma\u00a0<strong>mentoria exclusiva com grandes nomes da ci\u00eancia<\/strong>.<\/p>\n<p>Francilene Proc\u00f3pio Garcia, vice-presidente da SBPC e coordenadora da premia\u00e7\u00e3o, celebra o apoio das institui\u00e7\u00f5es, que financiar\u00e3o os pr\u00eamios concedidos \u00e0s vencedoras e parte da realiza\u00e7\u00e3o da cerim\u00f4nia de premia\u00e7\u00e3o. \u201cEsses patroc\u00ednios viabilizam uma premia\u00e7\u00e3o real, financeira, que vai ajudar com que essas meninas \u2013 que est\u00e3o em in\u00edcio de suas trajet\u00f3rias \u2013 estruturem melhor seus pr\u00f3ximos passos rumo \u00e0 carreira cient\u00edfica. Al\u00e9m disso, ofereceremos atividades como monitoria, que ser\u00e3o fundamentais para orient\u00e1-las na escolha de seus caminhos futuros. Queremos promover di\u00e1logos inspiradores com cientistas experientes nas tr\u00eas \u00e1reas contempladas, proporcionando a elas uma vis\u00e3o mais clara de suas possibilidades. Nosso objetivo \u00e9 contribuir para que essas jovens transformem seus sonhos em realidade\u201d, destaca.<\/p>\n<p>Garcia tamb\u00e9m comentou sobre a expectativa das vencedoras participarem da 77\u00aa Reuni\u00e3o Anual da SBPC, em julho de 2025, em Recife (PE). \u201cNesse evento, elas ter\u00e3o a chance n\u00e3o apenas de apresentar seus trabalhos, mas tamb\u00e9m de aproveitar toda a programa\u00e7\u00e3o da Reuni\u00e3o Anual, enriquecendo ainda mais suas experi\u00eancias e perspectivas.\u201d<\/p>\n<p>&nbsp;<\/p>\n<h4 id=\"indicacoes-abertas-ate-7-de-novembro\"><strong>Indica\u00e7\u00f5es abertas at\u00e9 7 de novembro<\/strong><\/h4>\n<p>A SBPC prorrogou o prazo para\u00a0<strong>envio de indica\u00e7\u00f5es at\u00e9 7 de novembro<\/strong>. Professores, orientadores, organizadores de feiras e olimp\u00edadas cient\u00edficas, escolas e universidades s\u00e3o incentivados a indicar alunas com projetos e desempenhos inovadores e criativos. A premia\u00e7\u00e3o abrange\u00a0<strong>tr\u00eas grandes \u00e1reas do conhecimento<\/strong>:\u00a0<strong>Humanidades<\/strong>,\u00a0<strong>Biol\u00f3gicas e Sa\u00fade<\/strong>, e\u00a0<strong>Engenharias, Exatas e Ci\u00eancias da Terra<\/strong>.<\/p>\n<p>&nbsp;<\/p>\n<h4 id=\"como-enviar-as-indicacoes\"><strong>Como enviar as indica\u00e7\u00f5es<\/strong><\/h4>\n<p>As indica\u00e7\u00f5es devem ser feitas exclusivamente pelo\u00a0<strong>formul\u00e1rio online<\/strong>\u00a0dispon\u00edvel no site da SBPC. A documenta\u00e7\u00e3o necess\u00e1ria inclui:<\/p>\n<ul>\n<li>\n<p class=\"western\"><strong>Mini-biografia da estudante<\/strong>\u00a0(at\u00e9 500 caracteres);<\/p>\n<\/li>\n<li>\n<p class=\"western\"><strong>Curr\u00edculo atualizado na Plataforma Lattes<\/strong>;<\/p>\n<\/li>\n<li>\n<p class=\"western\"><strong>Carta de recomenda\u00e7\u00e3o<\/strong>\u00a0assinada digitalmente pelo sistema gov.br, com at\u00e9 2.000 caracteres;<\/p>\n<\/li>\n<li>\n<p class=\"western\"><strong>Projeto\/atividade cient\u00edfica realizada\u00a0<\/strong>(at\u00e9\u00a03 laudas), detalhando o desenvolvimento, objetivos alcan\u00e7ados e impacto do trabalho da candidata. A documenta\u00e7\u00e3o deve especificar o que foi feito pela aluna e o que contou com orienta\u00e7\u00e3o do professor(a)\/orientador(a).<\/p>\n<\/li>\n<\/ul>\n<p><strong>***<\/strong>Caso a indica\u00e7\u00e3o se baseie no desempenho em atividades como\u00a0<strong>feiras ou olimp\u00edadas cient\u00edficas<\/strong>, a documenta\u00e7\u00e3o deve comprovar a participa\u00e7\u00e3o e os resultados alcan\u00e7ados.<\/p>\n<p>&nbsp;<\/p>\n<h4 id=\"cerimonia-de-premiacao-em-fevereiro-de-2025\"><strong>Cerim\u00f4nia de premia\u00e7\u00e3o em fevereiro de 2025<\/strong><\/h4>\n<p>A\u00a0<strong>cerim\u00f4nia de premia\u00e7\u00e3o acontecer\u00e1 no dia 11 de fevereiro de 2025<\/strong>, durante a comemora\u00e7\u00e3o do\u00a0<strong>Dia Internacional das Mulheres e Meninas na Ci\u00eancia<\/strong>, com transmiss\u00e3o ao vivo pelo Canal da SBPC no YouTube.<\/p>\n<p>N\u00e3o perca essa chance!\u00a0<strong>Indique suas alunas e orientandas at\u00e9 7 de novembro<\/strong>\u00a0e fa\u00e7a parte dessa celebra\u00e7\u00e3o do talento e da inova\u00e7\u00e3o na ci\u00eancia do Brasil.<\/p>\n<p>Todas as informa\u00e7\u00f5es sobre o pr\u00eamio est\u00e3o no\u00a0<span style=\"color: #800000;\"><strong><a style=\"color: #800000;\" href=\"https:\/\/www.jornaldaciencia.org.br\/wp-content\/uploads\/2024\/09\/Edital-6-Pr%C3%AAmio-Carolina-Bori-Meninas-na-Ci%C3%AAncia-02-09-24.pdf\" target=\"_blank\" rel=\"noopener\">EDITAL<\/a><\/strong><\/span>. As indica\u00e7\u00f5es devem ser feitas\u00a0<span style=\"color: #800000;\"><strong><a style=\"color: #800000;\" href=\"https:\/\/bit.ly\/6PremioCarolinaBori\" target=\"_blank\" rel=\"noopener\">exclusivamente pelo formul\u00e1rio online<\/a>,\u00a0<a style=\"color: #800000;\" href=\"https:\/\/bit.ly\/6PremioCarolinaBori\" target=\"_blank\" rel=\"noopener\">dispon\u00edvel neste link<\/a><\/strong><\/span>, com os documentos solicitados anexados.<\/p>\n<p>Para mais informa\u00e7\u00f5es, visite o site da SBPC ou entre em contato pelo e-mail\u00a0<span style=\"color: #800000;\"><strong><a style=\"color: #800000;\" href=\"mailto:premiocarolinabori@sbpcnet.org.br\" target=\"_blank\" rel=\"noopener\">premiocarolinabori@sbpcnet.org.br<\/a><\/strong><\/span>.<\/p>\n<p><span style=\"color: #808080;\"><em>Jornal da Ci\u00eancia<\/em><\/span><\/p>\n","protected":false},"excerpt":{"rendered":"Nesta edi\u00e7\u00e3o, dedicada \u00e0s \u201cMeninas Cientistas\u201d, candidatas concorrem a pr\u00eamios de at\u00e9&hellip;\n","protected":false},"author":19,"featured_media":7066,"comment_status":"open","ping_status":"open","sticky":false,"template":"","format":"standard","meta":[],"categories":[1,2],"tags":[],"acf":[],"_links":{"self":[{"href":"https:\/\/revistacienciaecultura.org.br\/index.php?rest_route=\/wp\/v2\/posts\/7382"}],"collection":[{"href":"https:\/\/revistacienciaecultura.org.br\/index.php?rest_route=\/wp\/v2\/posts"}],"about":[{"href":"https:\/\/revistacienciaecultura.org.br\/index.php?rest_route=\/wp\/v2\/types\/post"}],"author":[{"embeddable":true,"href":"https:\/\/revistacienciaecultura.org.br\/index.php?rest_route=\/wp\/v2\/users\/19"}],"replies":[{"embeddable":true,"href":"https:\/\/revistacienciaecultura.org.br\/index.php?rest_route=%2Fwp%2Fv2%2Fcomments&post=7382"}],"version-history":[{"count":2,"href":"https:\/\/revistacienciaecultura.org.br\/index.php?rest_route=\/wp\/v2\/posts\/7382\/revisions"}],"predecessor-version":[{"id":7384,"href":"https:\/\/revistacienciaecultura.org.br\/index.php?rest_route=\/wp\/v2\/posts\/7382\/revisions\/7384"}],"wp:featuredmedia":[{"embeddable":true,"href":"https:\/\/revistacienciaecultura.org.br\/index.php?rest_route=\/wp\/v2\/media\/7066"}],"wp:attachment":[{"href":"https:\/\/revistacienciaecultura.org.br\/index.php?rest_route=%2Fwp%2Fv2%2Fmedia&parent=7382"}],"wp:term":[{"taxonomy":"category","embeddable":true,"href":"https:\/\/revistacienciaecultura.org.br\/index.php?rest_route=%2Fwp%2Fv2%2Fcategories&post=7382"},{"taxonomy":"post_tag","embeddable":true,"href":"https:\/\/revistacienciaecultura.org.br\/index.php?rest_route=%2Fwp%2Fv2%2Ftags&post=7382"}],"curies":[{"name":"wp","href":"https:\/\/api.w.org\/{rel}","templated":true}]}}