{"id":7385,"date":"2024-11-06T11:22:24","date_gmt":"2024-11-06T11:22:24","guid":{"rendered":"https:\/\/revistacienciaecultura.org.br\/?p=7385"},"modified":"2024-11-06T11:22:24","modified_gmt":"2024-11-06T11:22:24","slug":"desafios-para-cidades-frente-a-mudancas-climaticas-e-urbanizacao-acelerada","status":"publish","type":"post","link":"https:\/\/revistacienciaecultura.org.br\/?p=7385","title":{"rendered":"Desafios para cidades frente a mudan\u00e7as clim\u00e1ticas e urbaniza\u00e7\u00e3o acelerada"},"content":{"rendered":"<h4 id=\"ate-2050-cerca-de-70-da-populacao-mundial-vivera-em-espacos-urbanos-2-bilhoes-desses-moradores-podem-enfrentar-aumento-adicional-de-temperatura-de-pelo-menos-05c-ate-2040\"><span style=\"color: #808080;\">At\u00e9 2050, cerca de 70% da popula\u00e7\u00e3o mundial viver\u00e1 em espa\u00e7os urbanos; 2 bilh\u00f5es desses moradores podem enfrentar aumento adicional de temperatura de pelo menos 0,5\u00b0C at\u00e9 2040.<\/span><\/h4>\n<p>&nbsp;<\/p>\n<p>No F\u00f3rum Urbano Mundial, realizado pela primeira vez em uma megacidade, o Cairo, especialistas e l\u00edderes globais debatem solu\u00e7\u00f5es para que centros urbanos se adaptem aos desafios trazidos pelas mudan\u00e7as clim\u00e1ticas e pela r\u00e1pida urbaniza\u00e7\u00e3o. Atualmente, cerca de metade da popula\u00e7\u00e3o mundial vive em cidades, e espera-se que esse \u00edndice suba para 70% at\u00e9 2050, pressionando ainda mais as infraestruturas urbanas.<\/p>\n<p>Em discurso de abertura, a diretora executiva da ONU-Habitat, Anacl\u00e1udia Rossbach, destacou que o futuro do planeta depende das cidades e enfatizou a necessidade de transformar assentamentos informais e combater a falta de moradia, um problema que afeta cerca de 3 bilh\u00f5es de pessoas. Segundo Rossbach, a \u201cgentrifica\u00e7\u00e3o verde\u201d \u2014 um fen\u00f4meno em que interven\u00e7\u00f5es como a cria\u00e7\u00e3o de parques aumentam os pre\u00e7os dos im\u00f3veis e deslocam fam\u00edlias de baixa renda \u2014 \u00e9 um exemplo de que solu\u00e7\u00f5es clim\u00e1ticas devem ser mais inclusivas.<\/p>\n<p>O novo Relat\u00f3rio Mundial das Cidades estima que at\u00e9 2040, mais de 2 bilh\u00f5es de pessoas nas \u00e1reas urbanas poder\u00e3o enfrentar um aumento de temperatura de pelo menos 0,5\u00b0C. Contudo, com a necessidade de um financiamento anual entre US$ 4,5 a US$ 5,4 trilh\u00f5es para tornar as cidades mais resilientes, o apoio financeiro dispon\u00edvel \u00e9 de apenas US$ 831 bilh\u00f5es, o que representa um grande obst\u00e1culo para o desenvolvimento sustent\u00e1vel. Como enfatizou o secret\u00e1rio-geral da ONU, Ant\u00f3nio Guterres, em mensagem ao F\u00f3rum: \u201cO progresso real come\u00e7a no n\u00edvel local. Nas comunidades e na vida das pessoas.\u201d<\/p>\n<p><span style=\"color: #808080;\"><a style=\"color: #808080;\" href=\"https:\/\/news.un.org\/\" target=\"_blank\" rel=\"noopener\"><em>Com informa\u00e7\u00f5es de ONU News<\/em><\/a><\/span><\/p>\n<p>&nbsp;<\/p>\n<p><strong>Saiba mais:\u00a0<\/strong><\/p>\n<p><a href=\"https:\/\/revistacienciaecultura.org.br\/?artigos=a-importancia-das-cidades-na-crise-climatica\"><span style=\"color: #800000;\"><strong>A import\u00e2ncia das cidades na crise clim\u00e1tica<\/strong><\/span><\/a><\/p>\n","protected":false},"excerpt":{"rendered":"At\u00e9 2050, cerca de 70% da popula\u00e7\u00e3o mundial viver\u00e1 em espa\u00e7os urbanos;&hellip;\n","protected":false},"author":19,"featured_media":6988,"comment_status":"open","ping_status":"open","sticky":false,"template":"","format":"standard","meta":[],"categories":[1,2],"tags":[],"acf":[],"_links":{"self":[{"href":"https:\/\/revistacienciaecultura.org.br\/index.php?rest_route=\/wp\/v2\/posts\/7385"}],"collection":[{"href":"https:\/\/revistacienciaecultura.org.br\/index.php?rest_route=\/wp\/v2\/posts"}],"about":[{"href":"https:\/\/revistacienciaecultura.org.br\/index.php?rest_route=\/wp\/v2\/types\/post"}],"author":[{"embeddable":true,"href":"https:\/\/revistacienciaecultura.org.br\/index.php?rest_route=\/wp\/v2\/users\/19"}],"replies":[{"embeddable":true,"href":"https:\/\/revistacienciaecultura.org.br\/index.php?rest_route=%2Fwp%2Fv2%2Fcomments&post=7385"}],"version-history":[{"count":1,"href":"https:\/\/revistacienciaecultura.org.br\/index.php?rest_route=\/wp\/v2\/posts\/7385\/revisions"}],"predecessor-version":[{"id":7386,"href":"https:\/\/revistacienciaecultura.org.br\/index.php?rest_route=\/wp\/v2\/posts\/7385\/revisions\/7386"}],"wp:featuredmedia":[{"embeddable":true,"href":"https:\/\/revistacienciaecultura.org.br\/index.php?rest_route=\/wp\/v2\/media\/6988"}],"wp:attachment":[{"href":"https:\/\/revistacienciaecultura.org.br\/index.php?rest_route=%2Fwp%2Fv2%2Fmedia&parent=7385"}],"wp:term":[{"taxonomy":"category","embeddable":true,"href":"https:\/\/revistacienciaecultura.org.br\/index.php?rest_route=%2Fwp%2Fv2%2Fcategories&post=7385"},{"taxonomy":"post_tag","embeddable":true,"href":"https:\/\/revistacienciaecultura.org.br\/index.php?rest_route=%2Fwp%2Fv2%2Ftags&post=7385"}],"curies":[{"name":"wp","href":"https:\/\/api.w.org\/{rel}","templated":true}]}}