{"id":7387,"date":"2024-11-07T07:30:25","date_gmt":"2024-11-07T07:30:25","guid":{"rendered":"https:\/\/revistacienciaecultura.org.br\/?p=7387"},"modified":"2024-11-07T10:38:14","modified_gmt":"2024-11-07T10:38:14","slug":"historia-da-vacina","status":"publish","type":"post","link":"https:\/\/revistacienciaecultura.org.br\/?p=7387","title":{"rendered":"Hist\u00f3ria da vacina"},"content":{"rendered":"<h4 id=\"imunizacao-tem-uma-longa-historia-salvando-vidas-ao-redor-do-mundo\"><span style=\"color: #808080;\">Imuniza\u00e7\u00e3o tem uma longa hist\u00f3ria salvando vidas ao redor do mundo<\/span><\/h4>\n<p>&nbsp;<\/p>\n<p>Durante s\u00e9culos, a busca pela prote\u00e7\u00e3o contra doen\u00e7as mortais tem sido uma prioridade para a humanidade. Desde experi\u00eancias pioneiras at\u00e9 a implementa\u00e7\u00e3o global de vacinas durante pandemias sem precedentes, a imuniza\u00e7\u00e3o tem uma hist\u00f3ria longa e fascinante.<\/p>\n<p>A investiga\u00e7\u00e3o sobre vacinas pode levantar quest\u00f5es \u00e9ticas desafiadoras, e algumas das experi\u00eancias realizadas no passado para o desenvolvimento de vacinas n\u00e3o seriam aceit\u00e1veis hoje em dia. No entanto, \u00e9 ineg\u00e1vel que as vacinas t\u00eam salvado mais vidas humanas do que qualquer outra inven\u00e7\u00e3o m\u00e9dica na hist\u00f3ria.<\/p>\n<p><strong>\u00a0<\/strong><\/p>\n<h4 id=\"uma-viagem-pelos-seculos\"><strong>Uma viagem pelos s\u00e9culos<\/strong><\/h4>\n<p>Desde pelo menos o s\u00e9culo XV, pessoas em diferentes partes do mundo t\u00eam tentado prevenir doen\u00e7as expondo intencionalmente indiv\u00edduos saud\u00e1veis \u00e0 var\u00edola, uma pr\u00e1tica conhecida como variola\u00e7\u00e3o. Acredita-se que essa pr\u00e1tica remonte a 200 a.C. No entanto, foi somente em 1721 que Mary Wortley Montagu introduziu a inocula\u00e7\u00e3o contra a var\u00edola na Europa, baseada em sua observa\u00e7\u00e3o dessa pr\u00e1tica na Turquia. (Figura 1)<\/p>\n<h6 id=\"figura-1-mary-wortley-montagufonte-pintura-por-charles-jervas-pos-1716-reproducao\" style=\"text-align: center;\"><img loading=\"lazy\" class=\"aligncenter wp-image-7388\" src=\"https:\/\/revistacienciaecultura.org.br\/wp-content\/uploads\/2024\/11\/vacina-1-166x300.jpg\" alt=\"\" width=\"222\" height=\"400\" srcset=\"https:\/\/revistacienciaecultura.org.br\/wp-content\/uploads\/2024\/11\/vacina-1-166x300.jpg 166w, https:\/\/revistacienciaecultura.org.br\/wp-content\/uploads\/2024\/11\/vacina-1-568x1024.jpg 568w, https:\/\/revistacienciaecultura.org.br\/wp-content\/uploads\/2024\/11\/vacina-1-768x1385.jpg 768w, https:\/\/revistacienciaecultura.org.br\/wp-content\/uploads\/2024\/11\/vacina-1-852x1536.jpg 852w, https:\/\/revistacienciaecultura.org.br\/wp-content\/uploads\/2024\/11\/vacina-1-7x12.jpg 7w, https:\/\/revistacienciaecultura.org.br\/wp-content\/uploads\/2024\/11\/vacina-1-800x1443.jpg 800w, https:\/\/revistacienciaecultura.org.br\/wp-content\/uploads\/2024\/11\/vacina-1.jpg 1110w\" sizes=\"(max-width: 222px) 100vw, 222px\" \/><br \/>\n<strong>Figura 1. Mary Wortley Montagu<br \/>\n<\/strong>(Fonte: Pintura por\u00a0<a href=\"https:\/\/en.wikipedia.org\/wiki\/Charles_Jervas\">Charles Jervas<\/a>, p\u00f3s-1716. Reprodu\u00e7\u00e3o)<\/h6>\n<p>&nbsp;<\/p>\n<p>Em 1774, Benjamin Jesty fez uma descoberta crucial ao testar a hip\u00f3tese de que a infec\u00e7\u00e3o por var\u00edola bovina poderia proteger contra a var\u00edola em humanos.<\/p>\n<p><strong>\u00a0<\/strong><\/p>\n<h4 id=\"a-era-de-louis-pasteur\"><strong>A era de Louis Pasteur<\/strong><\/h4>\n<p>Louis Pasteur, em 1872, mesmo ap\u00f3s enfrentar desafios pessoais, criou a primeira vacina produzida em laborat\u00f3rio, a vacina contra a c\u00f3lera avi\u00e1ria em galinhas. Em 1885, Pasteur obteve sucesso na preven\u00e7\u00e3o da raiva atrav\u00e9s da vacina\u00e7\u00e3o p\u00f3s-exposi\u00e7\u00e3o, um marco importante na hist\u00f3ria das vacinas. (Figura 2)<\/p>\n<h6 id=\"figura-2-louis-pasteur-em-seu-laboratoriofonte-pintura-por-a-edelfeldt-em-1885-reproducao\" style=\"text-align: center;\"><img loading=\"lazy\" class=\"aligncenter wp-image-7389\" src=\"https:\/\/revistacienciaecultura.org.br\/wp-content\/uploads\/2024\/11\/vacina-2-247x300.jpg\" alt=\"\" width=\"329\" height=\"400\" srcset=\"https:\/\/revistacienciaecultura.org.br\/wp-content\/uploads\/2024\/11\/vacina-2-247x300.jpg 247w, https:\/\/revistacienciaecultura.org.br\/wp-content\/uploads\/2024\/11\/vacina-2-842x1024.jpg 842w, https:\/\/revistacienciaecultura.org.br\/wp-content\/uploads\/2024\/11\/vacina-2-768x934.jpg 768w, https:\/\/revistacienciaecultura.org.br\/wp-content\/uploads\/2024\/11\/vacina-2-1263x1536.jpg 1263w, https:\/\/revistacienciaecultura.org.br\/wp-content\/uploads\/2024\/11\/vacina-2-1684x2048.jpg 1684w, https:\/\/revistacienciaecultura.org.br\/wp-content\/uploads\/2024\/11\/vacina-2-10x12.jpg 10w, https:\/\/revistacienciaecultura.org.br\/wp-content\/uploads\/2024\/11\/vacina-2-800x973.jpg 800w, https:\/\/revistacienciaecultura.org.br\/wp-content\/uploads\/2024\/11\/vacina-2-1160x1410.jpg 1160w, https:\/\/revistacienciaecultura.org.br\/wp-content\/uploads\/2024\/11\/vacina-2.jpg 1691w\" sizes=\"(max-width: 329px) 100vw, 329px\" \/><br \/>\n<strong>Figura 2. Louis Pasteur em seu laborat\u00f3rio<br \/>\n<\/strong>(Fonte: Pintura por <a href=\"https:\/\/en.wikipedia.org\/wiki\/Albert_Edelfelt\">A. Edelfeldt<\/a>\u00a0em 1885. Reprodu\u00e7\u00e3o)<\/h6>\n<p>&nbsp;<\/p>\n<p>Um momento controverso surgiu quando Pasteur, n\u00e3o sendo m\u00e9dico, administrou um esquema de 13 inje\u00e7\u00f5es com v\u00edrus da raiva ao paciente Joseph Meister. O paciente sobreviveu e mais tarde tornou-se o zelador do t\u00famulo de Pasteur em Paris.<\/p>\n<p><strong>\u00a0<\/strong><\/p>\n<h4 id=\"descobertas-cruciais\"><strong>Descobertas cruciais<\/strong><\/h4>\n<p>Anna Wessels Williams, em 1894, isolou uma cepa bacteriana crucial para o desenvolvimento de uma antitoxina contra a difteria. Nas d\u00e9cadas seguintes, avan\u00e7os significativos foram feitos no campo das vacinas.<\/p>\n<p>Em 1918, a pandemia de gripe espanhola devastou o mundo, levando \u00e0 realiza\u00e7\u00e3o das primeiras experi\u00eancias com vacinas contra a gripe. Em 1937, a vacina 17D contra a febre amarela foi desenvolvida, seguida pela vacina contra a tosse convulsa em 1939. (Figura 3)<\/p>\n<h6 id=\"figura-3-pandemia-de-gripe-espanhola-em-1918-levou-a-realizacao-das-primeiras-experiencias-com-vacinas-contra-a-gripefonte-walter-reed-hospital-washington-d-c-wikimedia-commons-reproducao\" style=\"text-align: center;\"><img loading=\"lazy\" class=\"aligncenter wp-image-7390\" src=\"https:\/\/revistacienciaecultura.org.br\/wp-content\/uploads\/2024\/11\/vacina-3-300x240.jpg\" alt=\"\" width=\"400\" height=\"320\" srcset=\"https:\/\/revistacienciaecultura.org.br\/wp-content\/uploads\/2024\/11\/vacina-3-300x240.jpg 300w, https:\/\/revistacienciaecultura.org.br\/wp-content\/uploads\/2024\/11\/vacina-3-1024x819.jpg 1024w, https:\/\/revistacienciaecultura.org.br\/wp-content\/uploads\/2024\/11\/vacina-3-768x614.jpg 768w, https:\/\/revistacienciaecultura.org.br\/wp-content\/uploads\/2024\/11\/vacina-3-1536x1228.jpg 1536w, https:\/\/revistacienciaecultura.org.br\/wp-content\/uploads\/2024\/11\/vacina-3-15x12.jpg 15w, https:\/\/revistacienciaecultura.org.br\/wp-content\/uploads\/2024\/11\/vacina-3-800x640.jpg 800w, https:\/\/revistacienciaecultura.org.br\/wp-content\/uploads\/2024\/11\/vacina-3-1160x927.jpg 1160w, https:\/\/revistacienciaecultura.org.br\/wp-content\/uploads\/2024\/11\/vacina-3.jpg 1691w\" sizes=\"(max-width: 400px) 100vw, 400px\" \/><br \/>\n<strong>Figura 3. Pandemia de gripe espanhola, em 1918, levou \u00e0 realiza\u00e7\u00e3o das primeiras experi\u00eancias com vacinas contra a gripe<br \/>\n<\/strong>(Fonte: Walter Reed Hospital, Washington, D.C. Wikimedia Commons. Reprodu\u00e7\u00e3o)<\/h6>\n<p><strong>\u00a0<\/strong><\/p>\n<h4 id=\"a-revolucao-da-vacinacao-contra-a-poliomielite\"><strong>A revolu\u00e7\u00e3o da vacina\u00e7\u00e3o contra a poliomielite<\/strong><\/h4>\n<p>O desenvolvimento da vacina contra a poliomielite marcou um marco na hist\u00f3ria das vacinas. Jonas Salk desenvolveu a primeira vacina eficaz em 1952, seguida pela vacina oral de Albert Sabin em 1960. Essas vacinas trouxeram uma revolu\u00e7\u00e3o na preven\u00e7\u00e3o da poliomielite em todo o mundo.<\/p>\n<p><strong>\u00a0<\/strong><\/p>\n<h4 id=\"erradicacao-e-novos-desafios\"><strong>Erradica\u00e7\u00e3o e novos desafios<\/strong><\/h4>\n<p>Em 1980, a var\u00edola foi oficialmente declarada erradicada pela Assembleia Mundial da Sa\u00fade, seguida por esfor\u00e7os para erradicar a poliomielite. A d\u00e9cada de 1980 tamb\u00e9m viu avan\u00e7os na vacina\u00e7\u00e3o contra o Hib, pneumonia pneumoc\u00f3cica e HPV.<\/p>\n<p><strong>\u00a0<\/strong><\/p>\n<h4 id=\"do-seculo-xxi-a-pandemia-de-covid-19\"><strong>Do s\u00e9culo XXI \u00e0 pandemia de COVID-19<\/strong><\/h4>\n<p>No in\u00edcio do s\u00e9culo XXI, vacinas contra doen\u00e7as como rotav\u00edrus e HPV foram introduzidas. Em 2020, a pandemia de COVID-19 trouxe desafios globais sem precedentes, mas tamb\u00e9m testemunhou o desenvolvimento r\u00e1pido de vacinas eficazes.<\/p>\n<p>O sucesso das vacinas contra a COVID-19 demonstrou o poder da ci\u00eancia e da coopera\u00e7\u00e3o global. No entanto, desafios persistem, incluindo a necessidade de vacinar todas as crian\u00e7as e adultos contra doen\u00e7as evit\u00e1veis. A hist\u00f3ria das vacinas nos lembra da import\u00e2ncia cont\u00ednua da pesquisa, desenvolvimento e acesso equitativo \u00e0 imuniza\u00e7\u00e3o em todo o mundo. (Figura 4)<\/p>\n<h6 id=\"figura-4-vacina-contra-covid-19-mostrou-desenvolvimento-cientifico-dos-ultimos-anosfonte-u-s-secretary-of-defense-reproducao\" style=\"text-align: center;\"><img loading=\"lazy\" class=\"aligncenter wp-image-7391\" src=\"https:\/\/revistacienciaecultura.org.br\/wp-content\/uploads\/2024\/11\/vacina-4-300x190.jpg\" alt=\"\" width=\"400\" height=\"254\" srcset=\"https:\/\/revistacienciaecultura.org.br\/wp-content\/uploads\/2024\/11\/vacina-4-300x190.jpg 300w, https:\/\/revistacienciaecultura.org.br\/wp-content\/uploads\/2024\/11\/vacina-4-1024x649.jpg 1024w, https:\/\/revistacienciaecultura.org.br\/wp-content\/uploads\/2024\/11\/vacina-4-768x487.jpg 768w, https:\/\/revistacienciaecultura.org.br\/wp-content\/uploads\/2024\/11\/vacina-4-1536x974.jpg 1536w, https:\/\/revistacienciaecultura.org.br\/wp-content\/uploads\/2024\/11\/vacina-4-18x12.jpg 18w, https:\/\/revistacienciaecultura.org.br\/wp-content\/uploads\/2024\/11\/vacina-4-800x507.jpg 800w, https:\/\/revistacienciaecultura.org.br\/wp-content\/uploads\/2024\/11\/vacina-4-1160x735.jpg 1160w, https:\/\/revistacienciaecultura.org.br\/wp-content\/uploads\/2024\/11\/vacina-4.jpg 1691w\" sizes=\"(max-width: 400px) 100vw, 400px\" \/><br \/>\n<strong>Figura 4. Vacina contra COVID-19 mostrou desenvolvimento cient\u00edfico dos \u00faltimos anos<br \/>\n<\/strong>(Fonte: U.S. Secretary of Defense. Reprodu\u00e7\u00e3o)<\/h6>\n<p>&nbsp;<\/p>\n<p>Essas conquistas hist\u00f3ricas nos lembram que, apesar dos desafios, a ci\u00eancia e a colabora\u00e7\u00e3o podem transformar vidas e moldar o futuro da sa\u00fade global.<\/p>\n<p>&nbsp;<\/p>\n<p><span style=\"color: #808080;\"><em>Com informa\u00e7\u00f5es da OMS<\/em><\/span><\/p>\n<p>&nbsp;<\/p>\n<h6 id=\"capa-imunizacao-protegeu-a-saude-e-salvou-a-vida-de-milhares-de-pessoas-ao-longo-dos-seculosfonte-pintura-por-ernest-board-reproducao\"><strong>Capa. Imuniza\u00e7\u00e3o protegeu a sa\u00fade e salvou a vida de milhares de pessoas ao longo dos s\u00e9culos<br \/>\n<\/strong>(Fonte: Pintura por Ernest Board. Reprodu\u00e7\u00e3o)<\/h6>\n","protected":false},"excerpt":{"rendered":"Imuniza\u00e7\u00e3o tem uma longa hist\u00f3ria salvando vidas ao redor do mundo &nbsp;&hellip;\n","protected":false},"author":19,"featured_media":7392,"comment_status":"open","ping_status":"open","sticky":false,"template":"","format":"standard","meta":[],"categories":[1,2],"tags":[],"acf":[],"_links":{"self":[{"href":"https:\/\/revistacienciaecultura.org.br\/index.php?rest_route=\/wp\/v2\/posts\/7387"}],"collection":[{"href":"https:\/\/revistacienciaecultura.org.br\/index.php?rest_route=\/wp\/v2\/posts"}],"about":[{"href":"https:\/\/revistacienciaecultura.org.br\/index.php?rest_route=\/wp\/v2\/types\/post"}],"author":[{"embeddable":true,"href":"https:\/\/revistacienciaecultura.org.br\/index.php?rest_route=\/wp\/v2\/users\/19"}],"replies":[{"embeddable":true,"href":"https:\/\/revistacienciaecultura.org.br\/index.php?rest_route=%2Fwp%2Fv2%2Fcomments&post=7387"}],"version-history":[{"count":1,"href":"https:\/\/revistacienciaecultura.org.br\/index.php?rest_route=\/wp\/v2\/posts\/7387\/revisions"}],"predecessor-version":[{"id":7393,"href":"https:\/\/revistacienciaecultura.org.br\/index.php?rest_route=\/wp\/v2\/posts\/7387\/revisions\/7393"}],"wp:featuredmedia":[{"embeddable":true,"href":"https:\/\/revistacienciaecultura.org.br\/index.php?rest_route=\/wp\/v2\/media\/7392"}],"wp:attachment":[{"href":"https:\/\/revistacienciaecultura.org.br\/index.php?rest_route=%2Fwp%2Fv2%2Fmedia&parent=7387"}],"wp:term":[{"taxonomy":"category","embeddable":true,"href":"https:\/\/revistacienciaecultura.org.br\/index.php?rest_route=%2Fwp%2Fv2%2Fcategories&post=7387"},{"taxonomy":"post_tag","embeddable":true,"href":"https:\/\/revistacienciaecultura.org.br\/index.php?rest_route=%2Fwp%2Fv2%2Ftags&post=7387"}],"curies":[{"name":"wp","href":"https:\/\/api.w.org\/{rel}","templated":true}]}}